{"id":443334,"date":"2022-02-24T09:00:05","date_gmt":"2022-02-24T06:00:05","guid":{"rendered":"http:\/\/arantv.az\/?p=443334"},"modified":"2022-02-24T09:00:05","modified_gmt":"2022-02-24T06:00:05","slug":"az%c9%99rbaycan-rusiya-munasib%c9%99tl%c9%99ri-dinamik-s%c9%99kild%c9%99-inkisaf-edir","status":"publish","type":"post","link":"https:\/\/arantv.az\/?p=443334","title":{"rendered":"Az\u0259rbaycan-Rusiya m\u00fcnasib\u0259tl\u0259ri dinamik \u015f\u0259kild\u0259 inki\u015faf edir"},"content":{"rendered":"<p>2022-ci il fevral\u0131n 22-d\u0259 Moskvada Az\u0259rbaycan Respublikas\u0131n\u0131n Prezidenti \u0130lham \u018fliyev v\u0259 Rusiya Prezidenti Vladimir Putin \u201cAz\u0259rbaycan Respublikas\u0131 v\u0259 Rusiya Federasiyas\u0131 aras\u0131nda qar\u015f\u0131l\u0131ql\u0131 m\u00fctt\u0259fiqlik f\u0259aliyy\u0259ti haqq\u0131nda\u201d B\u0259yannam\u0259 imzalam\u0131\u015flar.<\/p>\n<p>Rusiya il\u0259 \u00f6lk\u0259mizin y\u00fcks\u0259k s\u0259viyy\u0259li \u0259laq\u0259l\u0259ri vard\u0131r. \u0130ki \u00f6lk\u0259 prezidentl\u0259ri aras\u0131nda qar\u015f\u0131l\u0131ql\u0131 h\u00f6rm\u0259t v\u0259 etimada \u0259saslanan dostluq m\u00fcnasib\u0259ti formala\u015f\u0131b. Rusiya Az\u0259rbaycan\u0131n qon\u015fusu, d\u00fcnyan\u0131n \u0259n g\u00fccl\u00fc \u00f6lk\u0259l\u0259rind\u0259n v\u0259 BMT T\u0259hl\u00fck\u0259sizlik \u015euras\u0131n\u0131n daimi \u00fczvl\u0259rind\u0259n biridir. \u00d6lk\u0259l\u0259rimiz aras\u0131nda tarix\u0259n d\u0259rin m\u0259d\u0259ni, humanitar, iqtisadi \u0259laq\u0259l\u0259r m\u00f6vcuddur. Rusiyada milyonlarla az\u0259rbaycanl\u0131 ya\u015fay\u0131r v\u0259 i\u015fl\u0259yir.<\/p>\n<p>Eyni zamanda Az\u0259rbaycanda da \u00e7oxsayl\u0131 rus icmas\u0131 ya\u015fay\u0131r. Az\u0259rbaycanda t\u0259hsilin rus dilind\u0259 oldu\u011fu 340-a yax\u0131n m\u0259kt\u0259b var, bu m\u0259kt\u0259bl\u0259rd\u0259 140 mind\u0259n \u00e7ox \u015fagird t\u0259hsil al\u0131r. Az\u0259rbaycanda 15 mind\u0259n \u00e7ox t\u0259l\u0259b\u0259 ali m\u0259kt\u0259bl\u0259rd\u0259 rus dili b\u00f6lm\u0259l\u0259rind\u0259 oxuyur. Bunlar iki d\u00f6vl\u0259t ba\u015f\u00e7\u0131s\u0131 aras\u0131ndak\u0131 g\u00f6r\u00fc\u015f zaman\u0131 x\u00fcsusi vur\u011fulan\u0131b.<\/p>\n<p>\u00d6lk\u0259mizin milli maraqlar\u0131na tam uy\u011fun olan 43 madd\u0259lik Moskva b\u0259yann\u0259m\u0259sind\u0259 h\u0259r iki \u00f6lk\u0259nin \u00a0m\u00fctt\u0259fiqlik f\u0259aliyy\u0259tinin bir-birinin m\u00fcst\u0259qilliyin\u0259, d\u00f6vl\u0259t suverenliyin\u0259, \u0259razi b\u00fct\u00f6vl\u00fcy\u00fcn\u0259,\u00a0 s\u0259rh\u0259dl\u0259rin toxunulmazl\u0131\u011f\u0131na qar\u015f\u0131l\u0131ql\u0131 h\u00f6rm\u0259t, bir-birinin daxili i\u015fl\u0259rin\u0259 qar\u0131\u015fmamaq, \u00a0g\u00fcc t\u0259tbiq etm\u0259m\u0259k v\u0259 g\u00fccl\u0259 h\u0259d\u0259l\u0259m\u0259m\u0259k prinsipl\u0259ri \u00fcz\u0259rind\u0259 qurulmas\u0131, \u00a0m\u00fctt\u0259fiqlik m\u00fcnasib\u0259tl\u0259rin\u0259 x\u0259l\u0259l g\u0259tir\u0259n h\u0259r\u0259k\u0259tl\u0259rd\u0259n, el\u0259c\u0259 d\u0259 bir-birin\u0259 qar\u015f\u0131 y\u00f6n\u0259lmi\u015f h\u0259r\u0259k\u0259tl\u0259rd\u0259n \u00e7\u0259kinm\u0259k v\u0259 \u00f6z \u0259razisind\u0259 h\u0259r hans\u0131 bir t\u0259\u015fkilat v\u0259 \u015f\u0259xsl\u0259rin dig\u0259r t\u0259r\u0259fin suverenliyi, m\u00fcst\u0259qilliyi v\u0259 \u0259razi b\u00fct\u00f6vl\u00fcy\u00fcn\u0259 qar\u015f\u0131 y\u00f6n\u0259lmi\u015f f\u0259aliyy\u0259tinin qar\u015f\u0131s\u0131n\u0131 alma\u011fa dair \u00f6hd\u0259likl\u0259r yer al\u0131b. B\u0259yannam\u0259d\u0259, h\u0259m\u00e7inin \u00a0beyn\u0259lxalq terror\u00e7uluq, ekstremizm, separat\u00e7\u0131l\u0131q, transmilli m\u00fct\u0259\u015f\u0259kkil cinay\u0259tkarl\u0131q v\u0259 dig\u0259r bu tipli t\u0259hdidl\u0259rin qar\u015f\u0131s\u0131n\u0131n al\u0131nmas\u0131 \u00fc\u00e7\u00fcn s\u0259yl\u0259rin birl\u0259\u015fdirilm\u0259si qeyd olunur.<\/p>\n<p>Moskva B\u0259yannam\u0259sind\u0259 \u00a0ke\u00e7mi\u015f m\u00fcnaqi\u015f\u0259y\u0259 son qoymu\u015f 10 noyabr 2020-ci il tarixli \u00fc\u00e7t\u0259r\u0259fli b\u0259yanat\u0131n, el\u0259c\u0259 d\u0259 11 yanvar 2021-ci il tarixli v\u0259 26 noyabr 2021-ci il tarixli \u00fc\u00e7t\u0259r\u0259fli b\u0259yanatlar\u0131n m\u00fcdd\u0259alar\u0131n\u0131n h\u0259yata ke\u00e7irilm\u0259sinin vacibliyi vur\u011fulan\u0131r. B\u0259yannam\u0259d\u0259 beyn\u0259lxalq terror\u00e7uluq, ekstremizm, separat\u00e7\u0131l\u0131q, transmilli m\u00fct\u0259\u015f\u0259kkil cinay\u0259tkarl\u0131q v\u0259 dig\u0259r bu tipli t\u0259hdidl\u0259rin qar\u015f\u0131s\u0131n\u0131n al\u0131nmas\u0131 \u00fc\u00e7\u00fcn s\u0259yl\u0259rin birl\u0259\u015fdirilm\u0259si qeyd olunur.<\/p>\n<p>T\u00fcrkiy\u0259 il\u0259 imzalanm\u0131\u015f \u015eu\u015fa b\u0259yannamasi kimi, Rusiya il\u0259 Moskva b\u0259yannam\u0259si d\u0259 Az\u0259rbaycan\u0131n \u0259razi b\u00fct\u00f6vl\u00fcy\u00fcn\u0259, m\u00fcst\u0259qilliyin\u0259 v\u0259 t\u0259hl\u00fck\u0259sizliyin\u0259 z\u0259man\u0259t verir. Az\u0259rbaycan \u00f6z m\u00fcst\u0259qil siyas\u0259tin\u0259, t\u0259hl\u00fck\u0259sizliyin\u0259 \u0259lav\u0259 z\u0259man\u0259t qazan\u0131r. Bu m\u00fcqavil\u0259 Az\u0259rbaycan\u0131 daha da g\u00fccl\u0259ndirir. T\u00fcrkiy\u0259 v\u0259 Rusiya il\u0259 m\u00fctt\u0259fiq olmaq, yax\u0131n zamanlarda Avropa \u0130ttifaq\u0131 il\u0259 ikit\u0259r\u0259fli sazi\u015fin imzalanmas\u0131 perspektivi \u00f6lk\u0259 ba\u015f\u00e7\u0131s\u0131 c\u0259nab \u0130lham \u018fliyevin dahi siyas\u0259t\u00e7i oldu\u011funu bir daha t\u0259sdirl\u0259di.<\/p>\n<p><strong>\u0130srafil K\u0259rimov<\/strong><\/p>\n<p><strong>Az\u0259rbaycan Jurnalistl\u0259r Birliyinin \u00fczv\u00fc<\/strong><\/p>\n","protected":false},"excerpt":{"rendered":"<p>2022-ci il fevral\u0131n 22-d\u0259 Moskvada Az\u0259rbaycan Respublikas\u0131n\u0131n Prezidenti \u0130lham \u018fliyev v\u0259 Rusiya Prezidenti Vladimir Putin \u201cAz\u0259rbaycan Respublikas\u0131 v\u0259 Rusiya Federasiyas\u0131 aras\u0131nda qar\u015f\u0131l\u0131ql\u0131 m\u00fctt\u0259fiqlik f\u0259aliyy\u0259ti haqq\u0131nda\u201d B\u0259yannam\u0259 imzalam\u0131\u015flar. Rusiya il\u0259 \u00f6lk\u0259mizin y\u00fcks\u0259k s\u0259viyy\u0259li \u0259laq\u0259l\u0259ri vard\u0131r. \u0130ki \u00f6lk\u0259 prezidentl\u0259ri aras\u0131nda qar\u015f\u0131l\u0131ql\u0131 h\u00f6rm\u0259t v\u0259 etimada \u0259saslanan dostluq m\u00fcnasib\u0259ti formala\u015f\u0131b. Rusiya Az\u0259rbaycan\u0131n qon\u015fusu, d\u00fcnyan\u0131n \u0259n g\u00fccl\u00fc \u00f6lk\u0259l\u0259rind\u0259n v\u0259 BMT T\u0259hl\u00fck\u0259sizlik \u015euras\u0131n\u0131n daimi \u00fczvl\u0259rind\u0259n biridir. \u00d6lk\u0259l\u0259rimiz aras\u0131nda tarix\u0259n d\u0259rin m\u0259d\u0259ni, humanitar, iqtisadi \u0259laq\u0259l\u0259r m\u00f6vcuddur. Rusiyada milyonlarla az\u0259rbaycanl\u0131 ya\u015fay\u0131r v\u0259 i\u015fl\u0259yir. Eyni zamanda Az\u0259rbaycanda da \u00e7oxsayl\u0131 rus icmas\u0131 ya\u015fay\u0131r. Az\u0259rbaycanda t\u0259hsilin rus dilind\u0259 oldu\u011fu 340-a yax\u0131n&hellip;<\/p>\n","protected":false},"author":2,"featured_media":443335,"comment_status":"closed","ping_status":"closed","sticky":false,"template":"","format":"standard","meta":{"om_disable_all_campaigns":false,"_monsterinsights_skip_tracking":false,"_monsterinsights_sitenote_active":false,"_monsterinsights_sitenote_note":"","_monsterinsights_sitenote_category":0},"categories":[4],"tags":[],"aioseo_notices":[],"gutentor_comment":0,"rttpg_featured_image_url":{"full":["https:\/\/arantv.az\/wp-content\/uploads\/2022\/02\/82cadb06164567885254466026010477375.jpg",975,540,false],"landscape":["https:\/\/arantv.az\/wp-content\/uploads\/2022\/02\/82cadb06164567885254466026010477375.jpg",975,540,false],"portraits":["https:\/\/arantv.az\/wp-content\/uploads\/2022\/02\/82cadb06164567885254466026010477375.jpg",975,540,false],"thumbnail":["https:\/\/arantv.az\/wp-content\/uploads\/2022\/02\/82cadb06164567885254466026010477375-500x280.jpg",500,280,true],"medium":["https:\/\/arantv.az\/wp-content\/uploads\/2022\/02\/82cadb06164567885254466026010477375-660x365.jpg",660,365,true],"large":["https:\/\/arantv.az\/wp-content\/uploads\/2022\/02\/82cadb06164567885254466026010477375-840x465.jpg",640,354,true],"1536x1536":["https:\/\/arantv.az\/wp-content\/uploads\/2022\/02\/82cadb06164567885254466026010477375.jpg",975,540,false],"2048x2048":["https:\/\/arantv.az\/wp-content\/uploads\/2022\/02\/82cadb06164567885254466026010477375.jpg",975,540,false],"post-thumbnail":["https:\/\/arantv.az\/wp-content\/uploads\/2022\/02\/82cadb06164567885254466026010477375-240x172.jpg",240,172,true],"advps-thumb-one":["https:\/\/arantv.az\/wp-content\/uploads\/2022\/02\/82cadb06164567885254466026010477375.jpg",975,540,false]},"rttpg_author":{"display_name":"V\u00fcsal Rafiqo\u011flu","author_link":"https:\/\/arantv.az\/?author=2"},"rttpg_comment":0,"rttpg_category":"<a href=\"https:\/\/arantv.az\/?cat=4\" rel=\"category\">Siyas\u0259t<\/a>","rttpg_excerpt":"2022-ci il fevral\u0131n 22-d\u0259 Moskvada Az\u0259rbaycan Respublikas\u0131n\u0131n Prezidenti \u0130lham \u018fliyev v\u0259 Rusiya Prezidenti Vladimir Putin \u201cAz\u0259rbaycan Respublikas\u0131 v\u0259 Rusiya Federasiyas\u0131 aras\u0131nda qar\u015f\u0131l\u0131ql\u0131 m\u00fctt\u0259fiqlik f\u0259aliyy\u0259ti haqq\u0131nda\u201d B\u0259yannam\u0259 imzalam\u0131\u015flar. Rusiya il\u0259 \u00f6lk\u0259mizin y\u00fcks\u0259k s\u0259viyy\u0259li \u0259laq\u0259l\u0259ri vard\u0131r. \u0130ki \u00f6lk\u0259 prezidentl\u0259ri aras\u0131nda qar\u015f\u0131l\u0131ql\u0131 h\u00f6rm\u0259t v\u0259 etimada \u0259saslanan dostluq m\u00fcnasib\u0259ti formala\u015f\u0131b. Rusiya Az\u0259rbaycan\u0131n qon\u015fusu, d\u00fcnyan\u0131n \u0259n g\u00fccl\u00fc \u00f6lk\u0259l\u0259rind\u0259n v\u0259 BMT&hellip;","_links":{"self":[{"href":"https:\/\/arantv.az\/index.php?rest_route=\/wp\/v2\/posts\/443334"}],"collection":[{"href":"https:\/\/arantv.az\/index.php?rest_route=\/wp\/v2\/posts"}],"about":[{"href":"https:\/\/arantv.az\/index.php?rest_route=\/wp\/v2\/types\/post"}],"author":[{"embeddable":true,"href":"https:\/\/arantv.az\/index.php?rest_route=\/wp\/v2\/users\/2"}],"replies":[{"embeddable":true,"href":"https:\/\/arantv.az\/index.php?rest_route=%2Fwp%2Fv2%2Fcomments&post=443334"}],"version-history":[{"count":0,"href":"https:\/\/arantv.az\/index.php?rest_route=\/wp\/v2\/posts\/443334\/revisions"}],"wp:featuredmedia":[{"embeddable":true,"href":"https:\/\/arantv.az\/index.php?rest_route=\/wp\/v2\/media\/443335"}],"wp:attachment":[{"href":"https:\/\/arantv.az\/index.php?rest_route=%2Fwp%2Fv2%2Fmedia&parent=443334"}],"wp:term":[{"taxonomy":"category","embeddable":true,"href":"https:\/\/arantv.az\/index.php?rest_route=%2Fwp%2Fv2%2Fcategories&post=443334"},{"taxonomy":"post_tag","embeddable":true,"href":"https:\/\/arantv.az\/index.php?rest_route=%2Fwp%2Fv2%2Ftags&post=443334"}],"curies":[{"name":"wp","href":"https:\/\/api.w.org\/{rel}","templated":true}]}}