{"id":443343,"date":"2022-02-24T09:06:09","date_gmt":"2022-02-24T06:06:09","guid":{"rendered":"http:\/\/arantv.az\/?p=443343"},"modified":"2022-02-24T09:06:09","modified_gmt":"2022-02-24T06:06:09","slug":"nato-v%c9%99-at%c9%99t-d%c9%99-ukraynaya-gor%c9%99-t%c9%99cili-toplanti","status":"publish","type":"post","link":"https:\/\/arantv.az\/?p=443343","title":{"rendered":"NATO v\u0259 AT\u018fT-d\u0259 Ukraynaya g\u00f6r\u0259 T\u018fC\u0130L\u0130 toplant\u0131"},"content":{"rendered":"<p>Rusiyan\u0131n Ukraynaya qar\u015f\u0131 h\u0259rbi \u0259m\u0259liyyatlara ba\u015flamas\u0131 q\u0259rar\u0131ndan sonra NATO \u00f6lk\u0259l\u0259ri bu g\u00fcn s\u0259h\u0259r saatlar\u0131nda t\u0259cili g\u00f6r\u00fc\u015f ke\u00e7ir\u0259c\u0259k.<\/p>\n<div class=\"AdviadNativeVideo\"><\/div>\n<p>Bu bar\u0259d\u0259 Frans Press Agentliyi NATO-dak\u0131 m\u0259nb\u0259y\u0259 istinad\u0259n m\u0259lumat yay\u0131b.<\/p>\n<p>Bundan \u0259lav\u0259, AT\u018fT-in\u00a0daimi \u015furas\u0131n\u0131n t\u0259cili iclas\u0131na haz\u0131rl\u0131q i\u015fl\u0259ri gedir.<\/p>\n<p>Qeyd ed\u0259k ki, s\u0259h\u0259r saatlar\u0131nda Rusiya Ukraynaya qar\u015f\u0131 h\u0259rbi \u0259m\u0259liyyatlara ba\u015flay\u0131b.<\/p>\n","protected":false},"excerpt":{"rendered":"<p>Rusiyan\u0131n Ukraynaya qar\u015f\u0131 h\u0259rbi \u0259m\u0259liyyatlara ba\u015flamas\u0131 q\u0259rar\u0131ndan sonra NATO \u00f6lk\u0259l\u0259ri bu g\u00fcn s\u0259h\u0259r saatlar\u0131nda t\u0259cili g\u00f6r\u00fc\u015f ke\u00e7ir\u0259c\u0259k. Bu bar\u0259d\u0259 Frans Press Agentliyi NATO-dak\u0131 m\u0259nb\u0259y\u0259 istinad\u0259n m\u0259lumat yay\u0131b. Bundan \u0259lav\u0259, AT\u018fT-in\u00a0daimi \u015furas\u0131n\u0131n t\u0259cili iclas\u0131na haz\u0131rl\u0131q i\u015fl\u0259ri gedir. Qeyd ed\u0259k ki, s\u0259h\u0259r saatlar\u0131nda Rusiya Ukraynaya qar\u015f\u0131 h\u0259rbi \u0259m\u0259liyyatlara ba\u015flay\u0131b.<\/p>\n","protected":false},"author":2,"featured_media":443344,"comment_status":"closed","ping_status":"closed","sticky":false,"template":"","format":"standard","meta":{"om_disable_all_campaigns":false,"_monsterinsights_skip_tracking":false,"_monsterinsights_sitenote_active":false,"_monsterinsights_sitenote_note":"","_monsterinsights_sitenote_category":0},"categories":[7],"tags":[],"aioseo_notices":[],"gutentor_comment":0,"rttpg_featured_image_url":{"full":["https:\/\/arantv.az\/wp-content\/uploads\/2022\/02\/274240535_3246311278938376_3933435161010895057_n.jpg",620,413,false],"landscape":["https:\/\/arantv.az\/wp-content\/uploads\/2022\/02\/274240535_3246311278938376_3933435161010895057_n.jpg",620,413,false],"portraits":["https:\/\/arantv.az\/wp-content\/uploads\/2022\/02\/274240535_3246311278938376_3933435161010895057_n.jpg",620,413,false],"thumbnail":["https:\/\/arantv.az\/wp-content\/uploads\/2022\/02\/274240535_3246311278938376_3933435161010895057_n-500x280.jpg",500,280,true],"medium":["https:\/\/arantv.az\/wp-content\/uploads\/2022\/02\/274240535_3246311278938376_3933435161010895057_n-548x365.jpg",548,365,true],"large":["https:\/\/arantv.az\/wp-content\/uploads\/2022\/02\/274240535_3246311278938376_3933435161010895057_n.jpg",620,413,false],"1536x1536":["https:\/\/arantv.az\/wp-content\/uploads\/2022\/02\/274240535_3246311278938376_3933435161010895057_n.jpg",620,413,false],"2048x2048":["https:\/\/arantv.az\/wp-content\/uploads\/2022\/02\/274240535_3246311278938376_3933435161010895057_n.jpg",620,413,false],"post-thumbnail":["https:\/\/arantv.az\/wp-content\/uploads\/2022\/02\/274240535_3246311278938376_3933435161010895057_n-240x172.jpg",240,172,true],"advps-thumb-one":["https:\/\/arantv.az\/wp-content\/uploads\/2022\/02\/274240535_3246311278938376_3933435161010895057_n.jpg",620,413,false]},"rttpg_author":{"display_name":"V\u00fcsal Rafiqo\u011flu","author_link":"https:\/\/arantv.az\/?author=2"},"rttpg_comment":0,"rttpg_category":"<a href=\"https:\/\/arantv.az\/?cat=7\" rel=\"category\">D\u00fcnya<\/a>","rttpg_excerpt":"Rusiyan\u0131n Ukraynaya qar\u015f\u0131 h\u0259rbi \u0259m\u0259liyyatlara ba\u015flamas\u0131 q\u0259rar\u0131ndan sonra NATO \u00f6lk\u0259l\u0259ri bu g\u00fcn s\u0259h\u0259r saatlar\u0131nda t\u0259cili g\u00f6r\u00fc\u015f ke\u00e7ir\u0259c\u0259k. Bu bar\u0259d\u0259 Frans Press Agentliyi NATO-dak\u0131 m\u0259nb\u0259y\u0259 istinad\u0259n m\u0259lumat yay\u0131b. Bundan \u0259lav\u0259, AT\u018fT-in\u00a0daimi \u015furas\u0131n\u0131n t\u0259cili iclas\u0131na haz\u0131rl\u0131q i\u015fl\u0259ri gedir. Qeyd ed\u0259k ki, s\u0259h\u0259r saatlar\u0131nda Rusiya Ukraynaya qar\u015f\u0131 h\u0259rbi \u0259m\u0259liyyatlara ba\u015flay\u0131b.","_links":{"self":[{"href":"https:\/\/arantv.az\/index.php?rest_route=\/wp\/v2\/posts\/443343"}],"collection":[{"href":"https:\/\/arantv.az\/index.php?rest_route=\/wp\/v2\/posts"}],"about":[{"href":"https:\/\/arantv.az\/index.php?rest_route=\/wp\/v2\/types\/post"}],"author":[{"embeddable":true,"href":"https:\/\/arantv.az\/index.php?rest_route=\/wp\/v2\/users\/2"}],"replies":[{"embeddable":true,"href":"https:\/\/arantv.az\/index.php?rest_route=%2Fwp%2Fv2%2Fcomments&post=443343"}],"version-history":[{"count":0,"href":"https:\/\/arantv.az\/index.php?rest_route=\/wp\/v2\/posts\/443343\/revisions"}],"wp:featuredmedia":[{"embeddable":true,"href":"https:\/\/arantv.az\/index.php?rest_route=\/wp\/v2\/media\/443344"}],"wp:attachment":[{"href":"https:\/\/arantv.az\/index.php?rest_route=%2Fwp%2Fv2%2Fmedia&parent=443343"}],"wp:term":[{"taxonomy":"category","embeddable":true,"href":"https:\/\/arantv.az\/index.php?rest_route=%2Fwp%2Fv2%2Fcategories&post=443343"},{"taxonomy":"post_tag","embeddable":true,"href":"https:\/\/arantv.az\/index.php?rest_route=%2Fwp%2Fv2%2Ftags&post=443343"}],"curies":[{"name":"wp","href":"https:\/\/api.w.org\/{rel}","templated":true}]}}