{"id":443397,"date":"2022-02-24T10:01:55","date_gmt":"2022-02-24T07:01:55","guid":{"rendered":"http:\/\/arantv.az\/?p=443397"},"modified":"2022-02-24T10:01:55","modified_gmt":"2022-02-24T07:01:55","slug":"rada-ukraynada-h%c9%99rbi-v%c9%99ziyy%c9%99t-t%c9%99tbiq-edib-foto-video","status":"publish","type":"post","link":"https:\/\/arantv.az\/?p=443397","title":{"rendered":"Rada Ukraynada h\u0259rbi v\u0259ziyy\u0259t t\u0259tbiq edib &#8211; FOTO\/V\u0130DEO"},"content":{"rendered":"<p>Ali Rada c\u00fcm\u0259 ax\u015fam\u0131 Ukraynada h\u0259rbi v\u0259ziyy\u0259tin t\u0259tbiqi il\u0259 ba\u011fl\u0131 prezidentin f\u0259rman\u0131n\u0131 t\u0259sdiql\u0259yib.<\/p>\n<p>Bu bar\u0259d\u0259 \u201cXalq\u0131n qulluq\u00e7usu\u201d fraksiyas\u0131ndan olan deputat Yevgeniya Krav\u00e7uk \u00f6z\u00fcn\u00fcn \u201cFacebook\u201d hesab\u0131ndan x\u0259b\u0259r verib.<\/p>\n<div class=\"gallery\">\n<div class=\"gallery-i\"><img src=\"https:\/\/cdn.oxu.az\/uploads\/W1siZiIsIjIwMjIvMDIvMjQvMTAvMzQvMTYvNTQyYjFmNTktNGZkMi00MDU1LWI2ZmUtYWNmM2M2YzJmMGE2L3Bob3RvXzIwMjItMDItMjRfMTAtMTgtNTkuanBnIl0sWyJwIiwiZW5jb2RlIiwianBnIiwiLXF1YWxpdHkgODAiXSxbInAiLCJ0aHVtYiIsIjU5MHg1OTBcdTAwM2UiXV0?sha=c3926b85804279c2\" alt=\"\" \/><\/p>\n<div class=\"gallery-i-caption\"><\/div>\n<\/div>\n<\/div>\n<p>Qeyd ed\u0259k ki, Kiyev metrosuna giri\u015f pulsuz olub, turniketl\u0259r s\u00f6nd\u00fcr\u00fcl\u00fcb, stansiyalardan s\u0131\u011f\u0131nacaq kimi istifad\u0259sin\u0259 ba\u015flan\u0131l\u0131b.<\/p>\n<p><iframe loading=\"lazy\" src=\"https:\/\/player.baku.tv\/embed\/50830\" width=\"560\" height=\"315\" frameborder=\"0\" allowfullscreen=\"allowfullscreen\" data-mce-fragment=\"1\"><\/iframe><\/p>\n<p>M\u0259nb\u0259: \u0130nterfaks<\/p>\n","protected":false},"excerpt":{"rendered":"<p>Ali Rada c\u00fcm\u0259 ax\u015fam\u0131 Ukraynada h\u0259rbi v\u0259ziyy\u0259tin t\u0259tbiqi il\u0259 ba\u011fl\u0131 prezidentin f\u0259rman\u0131n\u0131 t\u0259sdiql\u0259yib. Bu bar\u0259d\u0259 \u201cXalq\u0131n qulluq\u00e7usu\u201d fraksiyas\u0131ndan olan deputat Yevgeniya Krav\u00e7uk \u00f6z\u00fcn\u00fcn \u201cFacebook\u201d hesab\u0131ndan x\u0259b\u0259r verib. Qeyd ed\u0259k ki, Kiyev metrosuna giri\u015f pulsuz olub, turniketl\u0259r s\u00f6nd\u00fcr\u00fcl\u00fcb, stansiyalardan s\u0131\u011f\u0131nacaq kimi istifad\u0259sin\u0259 ba\u015flan\u0131l\u0131b. M\u0259nb\u0259: \u0130nterfaks<\/p>\n","protected":false},"author":2,"featured_media":443398,"comment_status":"closed","ping_status":"closed","sticky":false,"template":"","format":"standard","meta":{"om_disable_all_campaigns":false,"_monsterinsights_skip_tracking":false,"_monsterinsights_sitenote_active":false,"_monsterinsights_sitenote_note":"","_monsterinsights_sitenote_category":0},"categories":[7],"tags":[],"aioseo_notices":[],"gutentor_comment":0,"rttpg_featured_image_url":{"full":["https:\/\/arantv.az\/wp-content\/uploads\/2022\/02\/285341.jpg",620,413,false],"landscape":["https:\/\/arantv.az\/wp-content\/uploads\/2022\/02\/285341.jpg",620,413,false],"portraits":["https:\/\/arantv.az\/wp-content\/uploads\/2022\/02\/285341.jpg",620,413,false],"thumbnail":["https:\/\/arantv.az\/wp-content\/uploads\/2022\/02\/285341-500x280.jpg",500,280,true],"medium":["https:\/\/arantv.az\/wp-content\/uploads\/2022\/02\/285341-548x365.jpg",548,365,true],"large":["https:\/\/arantv.az\/wp-content\/uploads\/2022\/02\/285341.jpg",620,413,false],"1536x1536":["https:\/\/arantv.az\/wp-content\/uploads\/2022\/02\/285341.jpg",620,413,false],"2048x2048":["https:\/\/arantv.az\/wp-content\/uploads\/2022\/02\/285341.jpg",620,413,false],"post-thumbnail":["https:\/\/arantv.az\/wp-content\/uploads\/2022\/02\/285341-240x172.jpg",240,172,true],"advps-thumb-one":["https:\/\/arantv.az\/wp-content\/uploads\/2022\/02\/285341.jpg",620,413,false]},"rttpg_author":{"display_name":"V\u00fcsal Rafiqo\u011flu","author_link":"https:\/\/arantv.az\/?author=2"},"rttpg_comment":0,"rttpg_category":"<a href=\"https:\/\/arantv.az\/?cat=7\" rel=\"category\">D\u00fcnya<\/a>","rttpg_excerpt":"Ali Rada c\u00fcm\u0259 ax\u015fam\u0131 Ukraynada h\u0259rbi v\u0259ziyy\u0259tin t\u0259tbiqi il\u0259 ba\u011fl\u0131 prezidentin f\u0259rman\u0131n\u0131 t\u0259sdiql\u0259yib. Bu bar\u0259d\u0259 \u201cXalq\u0131n qulluq\u00e7usu\u201d fraksiyas\u0131ndan olan deputat Yevgeniya Krav\u00e7uk \u00f6z\u00fcn\u00fcn \u201cFacebook\u201d hesab\u0131ndan x\u0259b\u0259r verib. Qeyd ed\u0259k ki, Kiyev metrosuna giri\u015f pulsuz olub, turniketl\u0259r s\u00f6nd\u00fcr\u00fcl\u00fcb, stansiyalardan s\u0131\u011f\u0131nacaq kimi istifad\u0259sin\u0259 ba\u015flan\u0131l\u0131b. M\u0259nb\u0259: \u0130nterfaks","_links":{"self":[{"href":"https:\/\/arantv.az\/index.php?rest_route=\/wp\/v2\/posts\/443397"}],"collection":[{"href":"https:\/\/arantv.az\/index.php?rest_route=\/wp\/v2\/posts"}],"about":[{"href":"https:\/\/arantv.az\/index.php?rest_route=\/wp\/v2\/types\/post"}],"author":[{"embeddable":true,"href":"https:\/\/arantv.az\/index.php?rest_route=\/wp\/v2\/users\/2"}],"replies":[{"embeddable":true,"href":"https:\/\/arantv.az\/index.php?rest_route=%2Fwp%2Fv2%2Fcomments&post=443397"}],"version-history":[{"count":0,"href":"https:\/\/arantv.az\/index.php?rest_route=\/wp\/v2\/posts\/443397\/revisions"}],"wp:featuredmedia":[{"embeddable":true,"href":"https:\/\/arantv.az\/index.php?rest_route=\/wp\/v2\/media\/443398"}],"wp:attachment":[{"href":"https:\/\/arantv.az\/index.php?rest_route=%2Fwp%2Fv2%2Fmedia&parent=443397"}],"wp:term":[{"taxonomy":"category","embeddable":true,"href":"https:\/\/arantv.az\/index.php?rest_route=%2Fwp%2Fv2%2Fcategories&post=443397"},{"taxonomy":"post_tag","embeddable":true,"href":"https:\/\/arantv.az\/index.php?rest_route=%2Fwp%2Fv2%2Ftags&post=443397"}],"curies":[{"name":"wp","href":"https:\/\/api.w.org\/{rel}","templated":true}]}}