{"id":443400,"date":"2022-02-24T10:02:31","date_gmt":"2022-02-24T07:02:31","guid":{"rendered":"http:\/\/arantv.az\/?p=443400"},"modified":"2022-02-24T10:02:31","modified_gmt":"2022-02-24T07:02:31","slug":"%c9%99rdogan-t%c9%99cili-iclas-cagirdi","status":"publish","type":"post","link":"https:\/\/arantv.az\/?p=443400","title":{"rendered":"\u018frdo\u011fan t\u0259cili iclas \u00e7a\u011f\u0131rd\u0131"},"content":{"rendered":"<p>T\u00fcrkiy\u0259 Prezidenti R\u0259c\u0259b Tayyib \u018frdo\u011fan T\u0259hl\u00fck\u0259sizlik \u015euras\u0131n\u0131n iclas\u0131n\u0131 ke\u00e7ir\u0259c\u0259k.<\/p>\n<p>Bu bar\u0259d\u0259 \u201cHaber Global\u201d m\u0259lumat yay\u0131b.<\/p>\n<p>T\u00fcrkiy\u0259 T\u0259hl\u00fck\u0259sizlik \u015euras\u0131n\u0131n iclas\u0131nda g\u00fcnd\u0259m Rusiyan\u0131n Ukraynaya qar\u015f\u0131 h\u0259rbi \u0259m\u0259liyyatlar\u0131 olacaq.<\/p>\n","protected":false},"excerpt":{"rendered":"<p>T\u00fcrkiy\u0259 Prezidenti R\u0259c\u0259b Tayyib \u018frdo\u011fan T\u0259hl\u00fck\u0259sizlik \u015euras\u0131n\u0131n iclas\u0131n\u0131 ke\u00e7ir\u0259c\u0259k. Bu bar\u0259d\u0259 \u201cHaber Global\u201d m\u0259lumat yay\u0131b. T\u00fcrkiy\u0259 T\u0259hl\u00fck\u0259sizlik \u015euras\u0131n\u0131n iclas\u0131nda g\u00fcnd\u0259m Rusiyan\u0131n Ukraynaya qar\u015f\u0131 h\u0259rbi \u0259m\u0259liyyatlar\u0131 olacaq.<\/p>\n","protected":false},"author":2,"featured_media":443401,"comment_status":"closed","ping_status":"closed","sticky":false,"template":"","format":"standard","meta":{"om_disable_all_campaigns":false,"_monsterinsights_skip_tracking":false,"_monsterinsights_sitenote_active":false,"_monsterinsights_sitenote_note":"","_monsterinsights_sitenote_category":0},"categories":[7],"tags":[],"aioseo_notices":[],"gutentor_comment":0,"rttpg_featured_image_url":{"full":["https:\/\/arantv.az\/wp-content\/uploads\/2022\/02\/FotoJet-21-2-1-1.jpg",620,413,false],"landscape":["https:\/\/arantv.az\/wp-content\/uploads\/2022\/02\/FotoJet-21-2-1-1.jpg",620,413,false],"portraits":["https:\/\/arantv.az\/wp-content\/uploads\/2022\/02\/FotoJet-21-2-1-1.jpg",620,413,false],"thumbnail":["https:\/\/arantv.az\/wp-content\/uploads\/2022\/02\/FotoJet-21-2-1-1-500x280.jpg",500,280,true],"medium":["https:\/\/arantv.az\/wp-content\/uploads\/2022\/02\/FotoJet-21-2-1-1-548x365.jpg",548,365,true],"large":["https:\/\/arantv.az\/wp-content\/uploads\/2022\/02\/FotoJet-21-2-1-1.jpg",620,413,false],"1536x1536":["https:\/\/arantv.az\/wp-content\/uploads\/2022\/02\/FotoJet-21-2-1-1.jpg",620,413,false],"2048x2048":["https:\/\/arantv.az\/wp-content\/uploads\/2022\/02\/FotoJet-21-2-1-1.jpg",620,413,false],"post-thumbnail":["https:\/\/arantv.az\/wp-content\/uploads\/2022\/02\/FotoJet-21-2-1-1-240x172.jpg",240,172,true],"advps-thumb-one":["https:\/\/arantv.az\/wp-content\/uploads\/2022\/02\/FotoJet-21-2-1-1.jpg",620,413,false]},"rttpg_author":{"display_name":"V\u00fcsal Rafiqo\u011flu","author_link":"https:\/\/arantv.az\/?author=2"},"rttpg_comment":0,"rttpg_category":"<a href=\"https:\/\/arantv.az\/?cat=7\" rel=\"category\">D\u00fcnya<\/a>","rttpg_excerpt":"T\u00fcrkiy\u0259 Prezidenti R\u0259c\u0259b Tayyib \u018frdo\u011fan T\u0259hl\u00fck\u0259sizlik \u015euras\u0131n\u0131n iclas\u0131n\u0131 ke\u00e7ir\u0259c\u0259k. Bu bar\u0259d\u0259 \u201cHaber Global\u201d m\u0259lumat yay\u0131b. T\u00fcrkiy\u0259 T\u0259hl\u00fck\u0259sizlik \u015euras\u0131n\u0131n iclas\u0131nda g\u00fcnd\u0259m Rusiyan\u0131n Ukraynaya qar\u015f\u0131 h\u0259rbi \u0259m\u0259liyyatlar\u0131 olacaq.","_links":{"self":[{"href":"https:\/\/arantv.az\/index.php?rest_route=\/wp\/v2\/posts\/443400"}],"collection":[{"href":"https:\/\/arantv.az\/index.php?rest_route=\/wp\/v2\/posts"}],"about":[{"href":"https:\/\/arantv.az\/index.php?rest_route=\/wp\/v2\/types\/post"}],"author":[{"embeddable":true,"href":"https:\/\/arantv.az\/index.php?rest_route=\/wp\/v2\/users\/2"}],"replies":[{"embeddable":true,"href":"https:\/\/arantv.az\/index.php?rest_route=%2Fwp%2Fv2%2Fcomments&post=443400"}],"version-history":[{"count":0,"href":"https:\/\/arantv.az\/index.php?rest_route=\/wp\/v2\/posts\/443400\/revisions"}],"wp:featuredmedia":[{"embeddable":true,"href":"https:\/\/arantv.az\/index.php?rest_route=\/wp\/v2\/media\/443401"}],"wp:attachment":[{"href":"https:\/\/arantv.az\/index.php?rest_route=%2Fwp%2Fv2%2Fmedia&parent=443400"}],"wp:term":[{"taxonomy":"category","embeddable":true,"href":"https:\/\/arantv.az\/index.php?rest_route=%2Fwp%2Fv2%2Fcategories&post=443400"},{"taxonomy":"post_tag","embeddable":true,"href":"https:\/\/arantv.az\/index.php?rest_route=%2Fwp%2Fv2%2Ftags&post=443400"}],"curies":[{"name":"wp","href":"https:\/\/api.w.org\/{rel}","templated":true}]}}