{"id":443683,"date":"2022-02-24T15:25:55","date_gmt":"2022-02-24T12:25:55","guid":{"rendered":"http:\/\/arantv.az\/?p=443683"},"modified":"2022-02-24T15:25:55","modified_gmt":"2022-02-24T12:25:55","slug":"stoltenberq-nato-yalniz-oz-mutt%c9%99fiql%c9%99rin%c9%99-t%c9%99hluk%c9%99sizlik-z%c9%99man%c9%99ti-verir","status":"publish","type":"post","link":"https:\/\/arantv.az\/?p=443683","title":{"rendered":"Stoltenberq: \u201cNATO yaln\u0131z \u00f6z m\u00fctt\u0259fiql\u0259rin\u0259 t\u0259hl\u00fck\u0259sizlik z\u0259man\u0259ti verir\u201d"},"content":{"rendered":"<p>\u201cNATO-nun Daimi N\u00fcmay\u0259nd\u0259l\u0259ri m\u00fctt\u0259fiql\u0259rini qorumaq \u00fc\u00e7\u00fcn alyans \u00f6lk\u0259l\u0259rind\u0259 \u00f6z q\u00fcvv\u0259l\u0259rini yerl\u0259\u015fdirm\u0259k \u00fc\u00e7\u00fcn m\u00fcdafi\u0259 plan\u0131n\u0131 h\u0259yata ke\u00e7irm\u0259k q\u0259rar\u0131na g\u0259libl\u0259r\u201d.<\/p>\n<p>Bu a\u00e7\u0131qlama il\u0259 NATO-nun ba\u015f katibi Yens Stoltenberq \u00e7\u0131x\u0131\u015f edib.<\/p>\n<div class=\"AdviadNativeVideo\"><\/div>\n<p>\u201cBiz haz\u0131rk\u0131 v\u0259ziyy\u0259ti m\u00fczakir\u0259 etdik, h\u0259rbi m\u00fc\u015favirl\u0259rin t\u00f6vsiy\u0259l\u0259rini dinl\u0259dikd\u0259n sonra b\u00f6hran zaman\u0131 alyans \u00f6lk\u0259l\u0259rind\u0259 reaksiya q\u00fcvv\u0259l\u0259rinin yerl\u0259\u015fdirilm\u0259sini n\u0259z\u0259rd\u0259 tutan m\u00fcdafi\u0259 plan\u0131m\u0131zdan istifad\u0259 etm\u0259k bar\u0259d\u0259 raz\u0131l\u0131\u011fa g\u0259ldik\u201d, &#8211; dey\u0259 NATO-nun ba\u015f katibi vur\u011fulay\u0131b.<\/p>\n<p>Ba\u015f katib \u0259lav\u0259 edib ki, g\u00f6r\u00fc\u015fd\u0259 T\u00fcrkiy\u0259nin Bosfor v\u0259 \u00c7anaqqala bo\u011fazlar\u0131n\u0131 Rusiya g\u0259mil\u0259ri \u00fc\u00e7\u00fcn ba\u011flamaq\u00a0m\u0259s\u0259l\u0259si m\u00fczakir\u0259 edilm\u0259yib.<\/p>\n<p>Y.Stoltenberqin s\u00f6zl\u0259rin\u0259 g\u00f6r\u0259, Ukraynada NATO q\u00fcvv\u0259l\u0259ri yoxdur.<\/p>\n<p>\u201cUkrayna \u0259razisind\u0259 NATO q\u00fcvv\u0259l\u0259ri yoxdur v\u0259 onlar\u0131 ora\u00a0g\u00f6nd\u0259rm\u0259k plan\u0131m\u0131z da yoxdur. Biz Ukraynan\u0131 d\u0259st\u0259kl\u0259yirik, lakin biz yaln\u0131z NATO m\u00fctt\u0259fiql\u0259rin\u0259\u00a0t\u0259hl\u00fck\u0259sizlik z\u0259man\u0259ti veririk\u201d, &#8211; NATO-nun ba\u015f katibi vur\u011fulay\u0131b.<\/p>\n<p>M\u0259nb\u0259: R\u0130A Novosti<\/p>\n","protected":false},"excerpt":{"rendered":"<p>\u201cNATO-nun Daimi N\u00fcmay\u0259nd\u0259l\u0259ri m\u00fctt\u0259fiql\u0259rini qorumaq \u00fc\u00e7\u00fcn alyans \u00f6lk\u0259l\u0259rind\u0259 \u00f6z q\u00fcvv\u0259l\u0259rini yerl\u0259\u015fdirm\u0259k \u00fc\u00e7\u00fcn m\u00fcdafi\u0259 plan\u0131n\u0131 h\u0259yata ke\u00e7irm\u0259k q\u0259rar\u0131na g\u0259libl\u0259r\u201d. Bu a\u00e7\u0131qlama il\u0259 NATO-nun ba\u015f katibi Yens Stoltenberq \u00e7\u0131x\u0131\u015f edib. \u201cBiz haz\u0131rk\u0131 v\u0259ziyy\u0259ti m\u00fczakir\u0259 etdik, h\u0259rbi m\u00fc\u015favirl\u0259rin t\u00f6vsiy\u0259l\u0259rini dinl\u0259dikd\u0259n sonra b\u00f6hran zaman\u0131 alyans \u00f6lk\u0259l\u0259rind\u0259 reaksiya q\u00fcvv\u0259l\u0259rinin yerl\u0259\u015fdirilm\u0259sini n\u0259z\u0259rd\u0259 tutan m\u00fcdafi\u0259 plan\u0131m\u0131zdan istifad\u0259 etm\u0259k bar\u0259d\u0259 raz\u0131l\u0131\u011fa g\u0259ldik\u201d, &#8211; dey\u0259 NATO-nun ba\u015f katibi vur\u011fulay\u0131b. Ba\u015f katib \u0259lav\u0259 edib ki, g\u00f6r\u00fc\u015fd\u0259 T\u00fcrkiy\u0259nin Bosfor v\u0259 \u00c7anaqqala bo\u011fazlar\u0131n\u0131 Rusiya g\u0259mil\u0259ri \u00fc\u00e7\u00fcn ba\u011flamaq\u00a0m\u0259s\u0259l\u0259si m\u00fczakir\u0259 edilm\u0259yib. Y.Stoltenberqin s\u00f6zl\u0259rin\u0259 g\u00f6r\u0259, Ukraynada NATO q\u00fcvv\u0259l\u0259ri yoxdur. \u201cUkrayna \u0259razisind\u0259 NATO q\u00fcvv\u0259l\u0259ri yoxdur v\u0259&hellip;<\/p>\n","protected":false},"author":2,"featured_media":443684,"comment_status":"closed","ping_status":"closed","sticky":false,"template":"","format":"standard","meta":{"om_disable_all_campaigns":false,"_monsterinsights_skip_tracking":false,"_monsterinsights_sitenote_active":false,"_monsterinsights_sitenote_note":"","_monsterinsights_sitenote_category":0},"categories":[7],"tags":[],"aioseo_notices":[],"gutentor_comment":0,"rttpg_featured_image_url":{"full":["https:\/\/arantv.az\/wp-content\/uploads\/2022\/02\/FotoJet-2022-02-24T161821.933.jpg",620,413,false],"landscape":["https:\/\/arantv.az\/wp-content\/uploads\/2022\/02\/FotoJet-2022-02-24T161821.933.jpg",620,413,false],"portraits":["https:\/\/arantv.az\/wp-content\/uploads\/2022\/02\/FotoJet-2022-02-24T161821.933.jpg",620,413,false],"thumbnail":["https:\/\/arantv.az\/wp-content\/uploads\/2022\/02\/FotoJet-2022-02-24T161821.933-500x280.jpg",500,280,true],"medium":["https:\/\/arantv.az\/wp-content\/uploads\/2022\/02\/FotoJet-2022-02-24T161821.933-548x365.jpg",548,365,true],"large":["https:\/\/arantv.az\/wp-content\/uploads\/2022\/02\/FotoJet-2022-02-24T161821.933.jpg",620,413,false],"1536x1536":["https:\/\/arantv.az\/wp-content\/uploads\/2022\/02\/FotoJet-2022-02-24T161821.933.jpg",620,413,false],"2048x2048":["https:\/\/arantv.az\/wp-content\/uploads\/2022\/02\/FotoJet-2022-02-24T161821.933.jpg",620,413,false],"post-thumbnail":["https:\/\/arantv.az\/wp-content\/uploads\/2022\/02\/FotoJet-2022-02-24T161821.933-240x172.jpg",240,172,true],"advps-thumb-one":["https:\/\/arantv.az\/wp-content\/uploads\/2022\/02\/FotoJet-2022-02-24T161821.933.jpg",620,413,false]},"rttpg_author":{"display_name":"V\u00fcsal Rafiqo\u011flu","author_link":"https:\/\/arantv.az\/?author=2"},"rttpg_comment":0,"rttpg_category":"<a href=\"https:\/\/arantv.az\/?cat=7\" rel=\"category\">D\u00fcnya<\/a>","rttpg_excerpt":"\u201cNATO-nun Daimi N\u00fcmay\u0259nd\u0259l\u0259ri m\u00fctt\u0259fiql\u0259rini qorumaq \u00fc\u00e7\u00fcn alyans \u00f6lk\u0259l\u0259rind\u0259 \u00f6z q\u00fcvv\u0259l\u0259rini yerl\u0259\u015fdirm\u0259k \u00fc\u00e7\u00fcn m\u00fcdafi\u0259 plan\u0131n\u0131 h\u0259yata ke\u00e7irm\u0259k q\u0259rar\u0131na g\u0259libl\u0259r\u201d. Bu a\u00e7\u0131qlama il\u0259 NATO-nun ba\u015f katibi Yens Stoltenberq \u00e7\u0131x\u0131\u015f edib. \u201cBiz haz\u0131rk\u0131 v\u0259ziyy\u0259ti m\u00fczakir\u0259 etdik, h\u0259rbi m\u00fc\u015favirl\u0259rin t\u00f6vsiy\u0259l\u0259rini dinl\u0259dikd\u0259n sonra b\u00f6hran zaman\u0131 alyans \u00f6lk\u0259l\u0259rind\u0259 reaksiya q\u00fcvv\u0259l\u0259rinin yerl\u0259\u015fdirilm\u0259sini n\u0259z\u0259rd\u0259 tutan m\u00fcdafi\u0259 plan\u0131m\u0131zdan istifad\u0259 etm\u0259k bar\u0259d\u0259 raz\u0131l\u0131\u011fa g\u0259ldik\u201d, &#8211;&hellip;","_links":{"self":[{"href":"https:\/\/arantv.az\/index.php?rest_route=\/wp\/v2\/posts\/443683"}],"collection":[{"href":"https:\/\/arantv.az\/index.php?rest_route=\/wp\/v2\/posts"}],"about":[{"href":"https:\/\/arantv.az\/index.php?rest_route=\/wp\/v2\/types\/post"}],"author":[{"embeddable":true,"href":"https:\/\/arantv.az\/index.php?rest_route=\/wp\/v2\/users\/2"}],"replies":[{"embeddable":true,"href":"https:\/\/arantv.az\/index.php?rest_route=%2Fwp%2Fv2%2Fcomments&post=443683"}],"version-history":[{"count":0,"href":"https:\/\/arantv.az\/index.php?rest_route=\/wp\/v2\/posts\/443683\/revisions"}],"wp:featuredmedia":[{"embeddable":true,"href":"https:\/\/arantv.az\/index.php?rest_route=\/wp\/v2\/media\/443684"}],"wp:attachment":[{"href":"https:\/\/arantv.az\/index.php?rest_route=%2Fwp%2Fv2%2Fmedia&parent=443683"}],"wp:term":[{"taxonomy":"category","embeddable":true,"href":"https:\/\/arantv.az\/index.php?rest_route=%2Fwp%2Fv2%2Fcategories&post=443683"},{"taxonomy":"post_tag","embeddable":true,"href":"https:\/\/arantv.az\/index.php?rest_route=%2Fwp%2Fv2%2Ftags&post=443683"}],"curies":[{"name":"wp","href":"https:\/\/api.w.org\/{rel}","templated":true}]}}