{"id":443687,"date":"2022-02-24T15:32:21","date_gmt":"2022-02-24T12:32:21","guid":{"rendered":"http:\/\/arantv.az\/?p=443687"},"modified":"2022-02-24T15:32:21","modified_gmt":"2022-02-24T12:32:21","slug":"samaxi-s%c9%99h%c9%99rind%c9%99-keciril%c9%99n-ucuncu-bahar-layih%c9%99sinin-baglanis-m%c9%99rasimi-oldu-foto","status":"publish","type":"post","link":"https:\/\/arantv.az\/?p=443687","title":{"rendered":"\u015eamax\u0131 \u015f\u0259h\u0259rind\u0259 ke\u00e7iril\u0259n \u201c\u00dc\u00e7\u00fcnc\u00fc bahar\u201d layih\u0259sinin ba\u011flan\u0131\u015f m\u0259rasimi oldu &#8211; FOTO"},"content":{"rendered":"<p>19 fevral 2022-ci il tarixind\u0259 Heyd\u0259r \u018fliyev Fondunun \u201cRegional \u0130nki\u015faf\u201d \u0130ctimai Birliyinin (R\u0130\u0130B) elan etdiyi \u201cSosial layih\u0259l\u0259r\u201d m\u00fcsabiq\u0259sinin qalibl\u0259rind\u0259n olan \u201c\u00dc\u00e7\u00fcnc\u00fc Bahar\u201d ya\u015fl\u0131lara d\u0259st\u0259k \u0130ctimai Birliyinin icra etdiyi sosial layih\u0259 art\u0131q yekunla\u015f\u0131b.<\/p>\n<p>Layih\u0259nin \u201cZOOM\u201d\u00a0platformas\u0131 \u00fcz\u0259rind\u0259n t\u0259\u015fkil olunan ba\u011flan\u0131\u015f m\u0259rasimin\u0259 \u015eamax\u0131 Rayon \u0130cra Hakimiyy\u0259ti, \u018fm\u0259k v\u0259 \u018fhalinin Sosial M\u00fcdafi\u0259si Nazirliyinin tabeliyind\u0259 Sosial Xidm\u0259tl\u0259r Agentliyi, \u201cRegional \u0130nki\u015faf\u201d \u0130ctimai Birliyi, Kapital Bank ASC, \u015eamax\u0131 Rayon A\u011fsaqqallar \u015euras\u0131 v\u0259 \u00dc\u00e7\u00fcnc\u00fc Bahar ya\u015fl\u0131lara d\u0259st\u0259k \u0130ctimai Birliyinin n\u00fcmay\u0259nd\u0259l\u0259ri, h\u0259m\u00e7inin, Bak\u0131, Ming\u0259\u00e7evir v\u0259 \u015eamax\u0131 \u201cYA\u015eA\u201d M\u0259rk\u0259zinin \u00fczvl\u0259ri, layih\u0259 i\u015ftirak\u00e7\u0131lar\u0131 qat\u0131l\u0131blar.<\/p>\n<div class=\"AdviadNativeVideo\"><\/div>\n<p>T\u0259dbird\u0259 bildirilib ki, \u015eamax\u0131 v\u0259 \u0259traf b\u00f6lg\u0259l\u0259rd\u0259 ya\u015fayan ya\u015fl\u0131 sakinl\u0259rin asud\u0259 vaxt\u0131n\u0131n s\u0259m\u0259r\u0259li t\u0259\u015fkili, onlar\u0131n c\u0259miyy\u0259t\u0259 inteqrasiyas\u0131n\u0131n d\u0259st\u0259kl\u0259nm\u0259si m\u0259qs\u0259dil\u0259 \u015eamax\u0131 \u015f\u0259h\u0259rind\u0259 \u201cYA\u015eA\u201d M\u0259rk\u0259zi yarad\u0131l\u0131b. 1 ild\u0259n art\u0131q vaxtd\u0131r ki, f\u0259aliyy\u0259t g\u00f6st\u0259r\u0259n M\u0259rk\u0259zd\u0259 T\u0259bi\u0259tsev\u0259rl\u0259r d\u0259rn\u0259yi, Maliyy\u0259 savadl\u0131l\u0131\u011f\u0131 t\u0259liml\u0259ri, \u201cSa\u011flaml\u0131\u011f\u0131n qay\u011f\u0131s\u0131nda\u201d t\u0259liml\u0259ri, M\u00fcasir texnologiyalardan istifad\u0259 t\u0259liml\u0259ri, Poeziya saatlar\u0131, \u201cM\u0259tb\u0259x sirl\u0259ri\u201d d\u0259rn\u0259yi, Yarad\u0131c\u0131l\u0131q d\u0259rn\u0259yi, \u201cN\u0259sill\u0259raras\u0131 dialoq\u201d \u00e7\u0259r\u00e7iv\u0259sind\u0259 m\u00fct\u0259madi olaraq t\u0259liml\u0259r, sessiyalar, m\u0259\u015f\u011f\u0259l\u0259l\u0259r, g\u00f6r\u00fc\u015fl\u0259r ke\u00e7irilib. \u00dcmumilikd\u0259, 248 t\u0259dbir t\u0259\u015fkil olunub. Bu t\u0259dbirl\u0259rd\u0259 1403 n\u0259f\u0259r \u015f\u0259xs i\u015ftirak edib, m\u0259rk\u0259zin aktiv \u00fczvl\u0259rinin say\u0131 is\u0259 86 n\u0259f\u0259rdir.<\/p>\n<p>Layih\u0259 \u00e7\u0259r\u00e7iv\u0259sind\u0259, h\u0259m\u00e7inin, Az\u0259rbaycanda ilk d\u0259f\u0259 olaraq paytaxt v\u0259 regionlarda ya\u015fl\u0131lar \u00fc\u00e7\u00fcn festivallar ke\u00e7irilib.<\/p>\n<p>T\u0259dbird\u0259 m\u0259rk\u0259zin f\u0259aliyy\u0259tini \u0259ks etdir\u0259n video\u00e7arx, h\u0259m\u00e7inin, M\u0259rk\u0259zin benefisiarlar\u0131n\u0131n t\u0259\u0259ss\u00fcratlar\u0131n\u0131 b\u00f6l\u00fc\u015fd\u00fckl\u0259ri video\u00e7arx n\u00fcmayi\u015f etdirilib.<\/p>\n<p>Qeyd ed\u0259k ki, haz\u0131rda f\u0259aliyy\u0259tin\u0259 davam ed\u0259n \u201cYA\u015eA\u201d M\u0259rk\u0259zinin (\u015eamax\u0131) \u0259sas m\u0259qs\u0259di ya\u015fl\u0131lar\u0131n \u0259hat\u0259 dair\u0259sinin geni\u015fl\u0259ndirilm\u0259si, onlar\u0131n f\u0259al ya\u015famas\u0131n\u0131n t\u0259bli\u011f olunmas\u0131, ya\u015fl\u0131 insanlar \u00fc\u00e7\u00fcn \u00f6z\u00fcn\u00fcm\u0259\u015f\u011fulluq imkanlar\u0131n\u0131n yarad\u0131lmas\u0131, psixoloji v\u0259 sa\u011flaml\u0131q durumlar\u0131n\u0131n yax\u015f\u0131la\u015fd\u0131r\u0131lmas\u0131d\u0131r. M\u0259rk\u0259z bar\u0259d\u0259 \u0259trafl\u0131 m\u0259lumat almaq \u00fc\u00e7\u00fcn 0555165002 ve 0557042018 n\u00f6mr\u0259l\u0259rin\u0259 v\u0259 ya\u00a0<a href=\"http:\/\/www.teqaudchu.az\/\" target=\"_blank\" rel=\"noopener\">sayt<\/a>a m\u00fcraci\u0259t etm\u0259k olar.<\/p>\n<p>&nbsp;<\/p>\n<div class=\"gallery\">\n<div class=\"gallery-i\"><img src=\"https:\/\/cdn.oxu.az\/uploads\/W1siZiIsIjIwMjIvMDIvMjQvMTYvMTQvMzgvYTY4YWNiZmUtMTdjOC00Njc2LTg4NGQtOTYzZmRmYjgzMzY3LzI1NzI5NTQ1NV8xMDk5MjE3MDAwODY1NjAzXzQ3NTQ2MjY4ODA3ODE3MTE5NTBfbi5qcGciXSxbInAiLCJlbmNvZGUiLCJqcGciLCItcXVhbGl0eSA4MCJdLFsicCIsInRodW1iIiwiNTkweDU5MFx1MDAzZSJdXQ?sha=b74299d914920c4d\" alt=\"\" \/><\/div>\n<\/div>\n","protected":false},"excerpt":{"rendered":"<p>19 fevral 2022-ci il tarixind\u0259 Heyd\u0259r \u018fliyev Fondunun \u201cRegional \u0130nki\u015faf\u201d \u0130ctimai Birliyinin (R\u0130\u0130B) elan etdiyi \u201cSosial layih\u0259l\u0259r\u201d m\u00fcsabiq\u0259sinin qalibl\u0259rind\u0259n olan \u201c\u00dc\u00e7\u00fcnc\u00fc Bahar\u201d ya\u015fl\u0131lara d\u0259st\u0259k \u0130ctimai Birliyinin icra etdiyi sosial layih\u0259 art\u0131q yekunla\u015f\u0131b. Layih\u0259nin \u201cZOOM\u201d\u00a0platformas\u0131 \u00fcz\u0259rind\u0259n t\u0259\u015fkil olunan ba\u011flan\u0131\u015f m\u0259rasimin\u0259 \u015eamax\u0131 Rayon \u0130cra Hakimiyy\u0259ti, \u018fm\u0259k v\u0259 \u018fhalinin Sosial M\u00fcdafi\u0259si Nazirliyinin tabeliyind\u0259 Sosial Xidm\u0259tl\u0259r Agentliyi, \u201cRegional \u0130nki\u015faf\u201d \u0130ctimai Birliyi, Kapital Bank ASC, \u015eamax\u0131 Rayon A\u011fsaqqallar \u015euras\u0131 v\u0259 \u00dc\u00e7\u00fcnc\u00fc Bahar ya\u015fl\u0131lara d\u0259st\u0259k \u0130ctimai Birliyinin n\u00fcmay\u0259nd\u0259l\u0259ri, h\u0259m\u00e7inin, Bak\u0131, Ming\u0259\u00e7evir v\u0259 \u015eamax\u0131 \u201cYA\u015eA\u201d M\u0259rk\u0259zinin \u00fczvl\u0259ri, layih\u0259 i\u015ftirak\u00e7\u0131lar\u0131 qat\u0131l\u0131blar. T\u0259dbird\u0259 bildirilib ki, \u015eamax\u0131 v\u0259 \u0259traf b\u00f6lg\u0259l\u0259rd\u0259&hellip;<\/p>\n","protected":false},"author":2,"featured_media":443688,"comment_status":"closed","ping_status":"closed","sticky":false,"template":"","format":"standard","meta":{"om_disable_all_campaigns":false,"_monsterinsights_skip_tracking":false,"_monsterinsights_sitenote_active":false,"_monsterinsights_sitenote_note":"","_monsterinsights_sitenote_category":0},"categories":[1],"tags":[],"aioseo_notices":[],"gutentor_comment":0,"rttpg_featured_image_url":{"full":["https:\/\/arantv.az\/wp-content\/uploads\/2022\/02\/FotoJet-2022-02-24T161413.170.jpg",620,413,false],"landscape":["https:\/\/arantv.az\/wp-content\/uploads\/2022\/02\/FotoJet-2022-02-24T161413.170.jpg",620,413,false],"portraits":["https:\/\/arantv.az\/wp-content\/uploads\/2022\/02\/FotoJet-2022-02-24T161413.170.jpg",620,413,false],"thumbnail":["https:\/\/arantv.az\/wp-content\/uploads\/2022\/02\/FotoJet-2022-02-24T161413.170-500x280.jpg",500,280,true],"medium":["https:\/\/arantv.az\/wp-content\/uploads\/2022\/02\/FotoJet-2022-02-24T161413.170-548x365.jpg",548,365,true],"large":["https:\/\/arantv.az\/wp-content\/uploads\/2022\/02\/FotoJet-2022-02-24T161413.170.jpg",620,413,false],"1536x1536":["https:\/\/arantv.az\/wp-content\/uploads\/2022\/02\/FotoJet-2022-02-24T161413.170.jpg",620,413,false],"2048x2048":["https:\/\/arantv.az\/wp-content\/uploads\/2022\/02\/FotoJet-2022-02-24T161413.170.jpg",620,413,false],"post-thumbnail":["https:\/\/arantv.az\/wp-content\/uploads\/2022\/02\/FotoJet-2022-02-24T161413.170-240x172.jpg",240,172,true],"advps-thumb-one":["https:\/\/arantv.az\/wp-content\/uploads\/2022\/02\/FotoJet-2022-02-24T161413.170.jpg",620,413,false]},"rttpg_author":{"display_name":"V\u00fcsal Rafiqo\u011flu","author_link":"https:\/\/arantv.az\/?author=2"},"rttpg_comment":0,"rttpg_category":"<a href=\"https:\/\/arantv.az\/?cat=1\" rel=\"category\">C\u0259miyy\u0259t<\/a>","rttpg_excerpt":"19 fevral 2022-ci il tarixind\u0259 Heyd\u0259r \u018fliyev Fondunun \u201cRegional \u0130nki\u015faf\u201d \u0130ctimai Birliyinin (R\u0130\u0130B) elan etdiyi \u201cSosial layih\u0259l\u0259r\u201d m\u00fcsabiq\u0259sinin qalibl\u0259rind\u0259n olan \u201c\u00dc\u00e7\u00fcnc\u00fc Bahar\u201d ya\u015fl\u0131lara d\u0259st\u0259k \u0130ctimai Birliyinin icra etdiyi sosial layih\u0259 art\u0131q yekunla\u015f\u0131b. Layih\u0259nin \u201cZOOM\u201d\u00a0platformas\u0131 \u00fcz\u0259rind\u0259n t\u0259\u015fkil olunan ba\u011flan\u0131\u015f m\u0259rasimin\u0259 \u015eamax\u0131 Rayon \u0130cra Hakimiyy\u0259ti, \u018fm\u0259k v\u0259 \u018fhalinin Sosial M\u00fcdafi\u0259si Nazirliyinin tabeliyind\u0259 Sosial Xidm\u0259tl\u0259r Agentliyi, \u201cRegional \u0130nki\u015faf\u201d&hellip;","_links":{"self":[{"href":"https:\/\/arantv.az\/index.php?rest_route=\/wp\/v2\/posts\/443687"}],"collection":[{"href":"https:\/\/arantv.az\/index.php?rest_route=\/wp\/v2\/posts"}],"about":[{"href":"https:\/\/arantv.az\/index.php?rest_route=\/wp\/v2\/types\/post"}],"author":[{"embeddable":true,"href":"https:\/\/arantv.az\/index.php?rest_route=\/wp\/v2\/users\/2"}],"replies":[{"embeddable":true,"href":"https:\/\/arantv.az\/index.php?rest_route=%2Fwp%2Fv2%2Fcomments&post=443687"}],"version-history":[{"count":0,"href":"https:\/\/arantv.az\/index.php?rest_route=\/wp\/v2\/posts\/443687\/revisions"}],"wp:featuredmedia":[{"embeddable":true,"href":"https:\/\/arantv.az\/index.php?rest_route=\/wp\/v2\/media\/443688"}],"wp:attachment":[{"href":"https:\/\/arantv.az\/index.php?rest_route=%2Fwp%2Fv2%2Fmedia&parent=443687"}],"wp:term":[{"taxonomy":"category","embeddable":true,"href":"https:\/\/arantv.az\/index.php?rest_route=%2Fwp%2Fv2%2Fcategories&post=443687"},{"taxonomy":"post_tag","embeddable":true,"href":"https:\/\/arantv.az\/index.php?rest_route=%2Fwp%2Fv2%2Ftags&post=443687"}],"curies":[{"name":"wp","href":"https:\/\/api.w.org\/{rel}","templated":true}]}}