{"id":443696,"date":"2022-02-24T15:34:23","date_gmt":"2022-02-24T12:34:23","guid":{"rendered":"http:\/\/arantv.az\/?p=443696"},"modified":"2022-02-24T15:34:23","modified_gmt":"2022-02-24T12:34:23","slug":"artan-beyn%c9%99lxalq-nufuz-olk%c9%99nin-inkisaf-perspektivl%c9%99rini-mu%c9%99yy%c9%99n-edir","status":"publish","type":"post","link":"https:\/\/arantv.az\/?p=443696","title":{"rendered":"Artan beyn\u0259lxalq n\u00fcfuz \u00f6lk\u0259nin inki\u015faf perspektivl\u0259rini m\u00fc\u0259yy\u0259n edir"},"content":{"rendered":"<p>Az\u0259rbaycan Respublikas\u0131n\u0131n xarici siyas\u0259tind\u0259 qon\u015fu d\u00f6vl\u0259tl\u0259rl\u0259 \u0259laq\u0259l\u0259rin yeni prioritetl\u0259r \u00fczr\u0259 inki\u015faf\u0131 \u0259sas yer tutur. Bu d\u00f6vl\u0259tl\u0259rd\u0259n biri d\u0259 Rusiyad\u0131r. Fevral\u0131n 22-d\u0259 Moskvada Az\u0259rbaycan Prezidenti \u0130lham \u018fliyev v\u0259 Rusiya Prezidenti Vladimir Putin t\u0259r\u0259find\u0259n imzalanm\u0131\u015f &#8220;Az\u0259rbaycan Respublikas\u0131 il\u0259 Rusiya Federasiyas\u0131 aras\u0131nda m\u00fctt\u0259fiqlik qar\u015f\u0131l\u0131ql\u0131 f\u0259aliyy\u0259ti haqq\u0131nda&#8221; B\u0259yannam\u0259 il\u0259 Az\u0259rbaycan v\u0259 Rusiya aras\u0131nda m\u00fcnasib\u0259tl\u0259r keyfiyy\u0259tc\u0259 yeni m\u00fctt\u0259fiqlik s\u0259viyy\u0259sin\u0259 y\u00fcks\u0259lir. Bu B\u0259yannam\u0259nin ana qay\u0259si ondan ibar\u0259tdir ki, h\u0259r iki \u00f6lk\u0259 m\u00fctt\u0259fiqlik f\u0259aliyy\u0259tini bir-birinin m\u00fcst\u0259qilliyin\u0259, d\u00f6vl\u0259t suverenliyin\u0259, \u0259razi b\u00fct\u00f6vl\u00fcy\u00fcn\u0259, s\u0259rh\u0259dl\u0259rin toxunulmazl\u0131\u011f\u0131na qar\u015f\u0131l\u0131ql\u0131 h\u00f6rm\u0259t, bir-birinin daxili i\u015fl\u0259rin\u0259 qar\u0131\u015fmamaq, qar\u015f\u0131l\u0131ql\u0131 fayda, g\u00fcc t\u0259tbiq etm\u0259m\u0259k v\u0259 g\u00fccl\u0259 h\u0259d\u0259l\u0259m\u0259m\u0259k prinsipl\u0259ri \u00fcz\u0259rind\u0259 qurulmas\u0131na dair \u00f6hd\u0259lik g\u00f6t\u00fcr\u00fcrl\u0259r. 10 noyabr 2020-ci il \u00fc\u00e7t\u0259r\u0259fli B\u0259yanat\u0131n imzalanmas\u0131ndan sonra \u00f6t\u0259n ilin yanvar\u0131nda Moskva, noyabrda So\u00e7i, dekabr ay\u0131nda is\u0259 Br\u00fcssel g\u00f6r\u00fc\u015fl\u0259rinin ke\u00e7irilm\u0259si d\u00fcnya g\u00fccl\u0259rinin regionda dayan\u0131ql\u0131 s\u00fclh\u0259 v\u0259 t\u0259hl\u00fck\u0259sizliy\u0259 t\u00f6hf\u0259l\u0259r verm\u0259k ist\u0259kl\u0259rini n\u00fcmayi\u015f etdirir.<br \/>\n\u00d6z milli maraqlar\u0131na uy\u011fun \u00e7ox\u015fax\u0259li m\u00fcst\u0259qil xarici siyas\u0259t y\u00fcr\u00fcd\u0259n Az\u0259rbaycan\u0131n h\u0259r hans\u0131 bir \u00f6lk\u0259 il\u0259 m\u00fcnasib\u0259tl\u0259ri he\u00e7 vaxt \u00fc\u00e7\u00fcnc\u00fc t\u0259r\u0259f\u0259 qar\u015f\u0131 y\u00f6n\u0259lm\u0259yib. Az\u0259rbaycan daim d\u00fcnyaya birlik, h\u0259mr\u0259ylik, \u0259m\u0259kda\u015fl\u0131q s\u00fclh mesajlar\u0131n\u0131 \u00fcnvanlay\u0131b, yeni \u0259m\u0259kda\u015fl\u0131q formatlar\u0131n\u0131n t\u0259\u015f\u0259bb\u00fcskar\u0131 kimi \u00e7\u0131x\u0131\u015f edib. Bu f\u0259aliyy\u0259tin davam\u0131 olaraq B\u0259yannam\u0259d\u0259 \u0259ksini tapm\u0131\u015f m\u00fch\u00fcm m\u0259qamlardan biri d\u0259 beyn\u0259lxalq terror\u00e7uluq, ekstremizm, separat\u00e7\u0131l\u0131q, transmilli m\u00fct\u0259\u015f\u0259kkil cinay\u0259tkarl\u0131q v\u0259 dig\u0259r bu tipli t\u0259hdidl\u0259rin qar\u015f\u0131s\u0131n\u0131n al\u0131nmas\u0131 \u00fc\u00e7\u00fcn s\u0259yl\u0259rin birl\u0259\u015fdirilm\u0259sidir.<br \/>\nDig\u0259r bir t\u0259r\u0259fd\u0259n Az\u0259rbaycan Q\u0259rb \u00f6lk\u0259l\u0259ri il\u0259 iqtisadi, siyasi v\u0259 h\u0259rbi inteqrasiya prosesini ard\u0131c\u0131l olaraq davam etdirir, bu sah\u0259d\u0259 m\u00fcm\u00fch add\u0131mlar at\u0131r. Az\u0259rbaycan Prezidenti \u0130lham \u018fliyev\u0259 telefon dan\u0131\u015f\u0131\u011f\u0131 zaman\u0131 NATO-nun Ba\u015f katibi Yens Stoltenberq d\u0259 bu h\u0259qiq\u0259ti r\u0259sm\u0259n dil\u0259 g\u0259tirmi\u015f, Avropan\u0131n \u0259n etibarl\u0131 qaz t\u0259chizat\u00e7\u0131 olmas\u0131na v\u0259 qaz ixrac\u0131n\u0131 art\u0131rmas\u0131na g\u00f6r\u0259 Az\u0259rbaycana t\u0259\u015f\u0259kk\u00fcr\u00fcn\u00fc bildirmi\u015fdi. Prezident \u0130lham \u018fliyev is\u0259 Az\u0259rbaycan\u0131n enerji m\u0259hsulu n\u00f6vl\u0259rinin \u00f6n\u0259mli ixracat\u00e7\u0131s\u0131 kimi etibarl\u0131 t\u0259r\u0259fda\u015f olaraq qalmaqda davam ed\u0259c\u0259yini onun diqq\u0259tin\u0259 \u00e7atd\u0131rm\u0131\u015fd\u0131.<br \/>\nB\u0259yannam\u0259d\u0259 iki \u00f6lk\u0259 aras\u0131nda ticar\u0259t-iqtisadi, metallurgiya, neft-qaz v\u0259 a\u011f\u0131r\u00a0<a title=\"masinlar masin satisi avtomobil elanlari\" href=\"https:\/\/masinlar.az\/\" target=\"_blank\" rel=\"noopener\">ma\u015f\u0131nqay\u0131rma<\/a>, aviasiya,\u00a0<a title=\"masinlar masin satisi avtomobil elanlari\" href=\"https:\/\/masinlar.az\/\" target=\"_blank\" rel=\"noopener\">avtomobil<\/a>, kimya, \u0259cza\u00e7\u0131l\u0131q v\u0259 y\u00fcng\u00fcl s\u0259naye, k\u0259nd t\u0259s\u0259rr\u00fcfat\u0131, elm, h\u0259rbi-texniki, informasiya-kommunikasiya, m\u0259d\u0259ni sah\u0259l\u0259rd\u0259 \u0259laq\u0259l\u0259rin inki\u015faf\u0131na y\u00f6n\u0259lmi\u015f madd\u0259l\u0259rin yer almas\u0131 Az\u0259rbaycan-Rusiya m\u00fcnasib\u0259tl\u0259rinin yeni bir m\u0259rh\u0259l\u0259y\u0259 q\u0259d\u0259m qoymas\u0131na t\u00f6hv\u0259 ver\u0259c\u0259kdir.<\/p>\n<div class=\"AdviadNativeVideo\"><\/div>\n<p>Aysel M\u0259nsimova &#8211; politoloq<\/p>\n","protected":false},"excerpt":{"rendered":"<p>Az\u0259rbaycan Respublikas\u0131n\u0131n xarici siyas\u0259tind\u0259 qon\u015fu d\u00f6vl\u0259tl\u0259rl\u0259 \u0259laq\u0259l\u0259rin yeni prioritetl\u0259r \u00fczr\u0259 inki\u015faf\u0131 \u0259sas yer tutur. Bu d\u00f6vl\u0259tl\u0259rd\u0259n biri d\u0259 Rusiyad\u0131r. Fevral\u0131n 22-d\u0259 Moskvada Az\u0259rbaycan Prezidenti \u0130lham \u018fliyev v\u0259 Rusiya Prezidenti Vladimir Putin t\u0259r\u0259find\u0259n imzalanm\u0131\u015f &#8220;Az\u0259rbaycan Respublikas\u0131 il\u0259 Rusiya Federasiyas\u0131 aras\u0131nda m\u00fctt\u0259fiqlik qar\u015f\u0131l\u0131ql\u0131 f\u0259aliyy\u0259ti haqq\u0131nda&#8221; B\u0259yannam\u0259 il\u0259 Az\u0259rbaycan v\u0259 Rusiya aras\u0131nda m\u00fcnasib\u0259tl\u0259r keyfiyy\u0259tc\u0259 yeni m\u00fctt\u0259fiqlik s\u0259viyy\u0259sin\u0259 y\u00fcks\u0259lir. Bu B\u0259yannam\u0259nin ana qay\u0259si ondan ibar\u0259tdir ki, h\u0259r iki \u00f6lk\u0259 m\u00fctt\u0259fiqlik f\u0259aliyy\u0259tini bir-birinin m\u00fcst\u0259qilliyin\u0259, d\u00f6vl\u0259t suverenliyin\u0259, \u0259razi b\u00fct\u00f6vl\u00fcy\u00fcn\u0259, s\u0259rh\u0259dl\u0259rin toxunulmazl\u0131\u011f\u0131na qar\u015f\u0131l\u0131ql\u0131 h\u00f6rm\u0259t, bir-birinin daxili i\u015fl\u0259rin\u0259 qar\u0131\u015fmamaq, qar\u015f\u0131l\u0131ql\u0131 fayda, g\u00fcc t\u0259tbiq etm\u0259m\u0259k v\u0259 g\u00fccl\u0259 h\u0259d\u0259l\u0259m\u0259m\u0259k prinsipl\u0259ri&hellip;<\/p>\n","protected":false},"author":2,"featured_media":443697,"comment_status":"closed","ping_status":"closed","sticky":false,"template":"","format":"standard","meta":{"om_disable_all_campaigns":false,"_monsterinsights_skip_tracking":false,"_monsterinsights_sitenote_active":false,"_monsterinsights_sitenote_note":"","_monsterinsights_sitenote_category":0},"categories":[4],"tags":[],"aioseo_notices":[],"gutentor_comment":0,"rttpg_featured_image_url":{"full":["https:\/\/arantv.az\/wp-content\/uploads\/2022\/02\/ilham_31645705528.jpg",649,448,false],"landscape":["https:\/\/arantv.az\/wp-content\/uploads\/2022\/02\/ilham_31645705528.jpg",649,448,false],"portraits":["https:\/\/arantv.az\/wp-content\/uploads\/2022\/02\/ilham_31645705528.jpg",649,448,false],"thumbnail":["https:\/\/arantv.az\/wp-content\/uploads\/2022\/02\/ilham_31645705528-500x280.jpg",500,280,true],"medium":["https:\/\/arantv.az\/wp-content\/uploads\/2022\/02\/ilham_31645705528-529x365.jpg",529,365,true],"large":["https:\/\/arantv.az\/wp-content\/uploads\/2022\/02\/ilham_31645705528.jpg",640,442,false],"1536x1536":["https:\/\/arantv.az\/wp-content\/uploads\/2022\/02\/ilham_31645705528.jpg",649,448,false],"2048x2048":["https:\/\/arantv.az\/wp-content\/uploads\/2022\/02\/ilham_31645705528.jpg",649,448,false],"post-thumbnail":["https:\/\/arantv.az\/wp-content\/uploads\/2022\/02\/ilham_31645705528-240x172.jpg",240,172,true],"advps-thumb-one":["https:\/\/arantv.az\/wp-content\/uploads\/2022\/02\/ilham_31645705528.jpg",649,448,false]},"rttpg_author":{"display_name":"V\u00fcsal Rafiqo\u011flu","author_link":"https:\/\/arantv.az\/?author=2"},"rttpg_comment":0,"rttpg_category":"<a href=\"https:\/\/arantv.az\/?cat=4\" rel=\"category\">Siyas\u0259t<\/a>","rttpg_excerpt":"Az\u0259rbaycan Respublikas\u0131n\u0131n xarici siyas\u0259tind\u0259 qon\u015fu d\u00f6vl\u0259tl\u0259rl\u0259 \u0259laq\u0259l\u0259rin yeni prioritetl\u0259r \u00fczr\u0259 inki\u015faf\u0131 \u0259sas yer tutur. Bu d\u00f6vl\u0259tl\u0259rd\u0259n biri d\u0259 Rusiyad\u0131r. Fevral\u0131n 22-d\u0259 Moskvada Az\u0259rbaycan Prezidenti \u0130lham \u018fliyev v\u0259 Rusiya Prezidenti Vladimir Putin t\u0259r\u0259find\u0259n imzalanm\u0131\u015f &#8220;Az\u0259rbaycan Respublikas\u0131 il\u0259 Rusiya Federasiyas\u0131 aras\u0131nda m\u00fctt\u0259fiqlik qar\u015f\u0131l\u0131ql\u0131 f\u0259aliyy\u0259ti haqq\u0131nda&#8221; B\u0259yannam\u0259 il\u0259 Az\u0259rbaycan v\u0259 Rusiya aras\u0131nda m\u00fcnasib\u0259tl\u0259r keyfiyy\u0259tc\u0259 yeni m\u00fctt\u0259fiqlik s\u0259viyy\u0259sin\u0259 y\u00fcks\u0259lir.&hellip;","_links":{"self":[{"href":"https:\/\/arantv.az\/index.php?rest_route=\/wp\/v2\/posts\/443696"}],"collection":[{"href":"https:\/\/arantv.az\/index.php?rest_route=\/wp\/v2\/posts"}],"about":[{"href":"https:\/\/arantv.az\/index.php?rest_route=\/wp\/v2\/types\/post"}],"author":[{"embeddable":true,"href":"https:\/\/arantv.az\/index.php?rest_route=\/wp\/v2\/users\/2"}],"replies":[{"embeddable":true,"href":"https:\/\/arantv.az\/index.php?rest_route=%2Fwp%2Fv2%2Fcomments&post=443696"}],"version-history":[{"count":0,"href":"https:\/\/arantv.az\/index.php?rest_route=\/wp\/v2\/posts\/443696\/revisions"}],"wp:featuredmedia":[{"embeddable":true,"href":"https:\/\/arantv.az\/index.php?rest_route=\/wp\/v2\/media\/443697"}],"wp:attachment":[{"href":"https:\/\/arantv.az\/index.php?rest_route=%2Fwp%2Fv2%2Fmedia&parent=443696"}],"wp:term":[{"taxonomy":"category","embeddable":true,"href":"https:\/\/arantv.az\/index.php?rest_route=%2Fwp%2Fv2%2Fcategories&post=443696"},{"taxonomy":"post_tag","embeddable":true,"href":"https:\/\/arantv.az\/index.php?rest_route=%2Fwp%2Fv2%2Ftags&post=443696"}],"curies":[{"name":"wp","href":"https:\/\/api.w.org\/{rel}","templated":true}]}}