{"id":443717,"date":"2022-02-24T15:43:48","date_gmt":"2022-02-24T12:43:48","guid":{"rendered":"http:\/\/arantv.az\/?p=443717"},"modified":"2022-02-24T15:43:48","modified_gmt":"2022-02-24T12:43:48","slug":"az%c9%99rbaycan-sahibkarlar-konfederasiyasi-sahibkarlara-muraci%c9%99t-edib","status":"publish","type":"post","link":"https:\/\/arantv.az\/?p=443717","title":{"rendered":"Az\u0259rbaycan Sahibkarlar Konfederasiyas\u0131 Sahibkarlara m\u00fcraci\u0259t edib"},"content":{"rendered":"<p>Fevral\u0131n 22-d\u0259 Az\u0259rbaycan Respublikas\u0131 Sahibkarlar (\u0130\u015f\u0259g\u00f6t\u00fcr\u0259nl\u0259r) T\u0259\u015fkilatlar\u0131 Milli Konfederasiyas\u0131n\u0131n R\u0259yas\u0259t Hey\u0259tinin iclas\u0131 ke\u00e7irilib.<\/p>\n<p>\u0130clasda Az\u0259rbaycan Respublikas\u0131n\u0131n Prezidenti c\u0259nab \u0130lham \u018fliyevin \u00f6lk\u0259 sahibkarlar\u0131na i\u015f\u011faldan azad edilmi\u015f \u0259razil\u0259rd\u0259 i\u015f yerl\u0259rinin yarad\u0131lmas\u0131 il\u0259 ba\u011fl\u0131 \u00e7a\u011f\u0131r\u0131\u015f\u0131 s\u0259sl\u0259ndirilib, bu \u0259razil\u0259rd\u0259 g\u0259l\u0259c\u0259k biznes imkanlar\u0131 m\u00fczakir\u0259 edilib, habel\u0259 Az\u0259rbaycan Sahibkarlar Konfederasiyas\u0131n\u0131n 2021-ci ilin hesabat\u0131 v\u0259 2022-ci ilin i\u015f plan\u0131 dinl\u0259nilib.<\/p>\n<div class=\"AdviadNativeVideo\"><\/div>\n<p>2021-ci ild\u0259 Az\u0259rbaycan Sahibkarlar Konfederasiyas\u0131 rayon sahibkarlar\u0131 aras\u0131nda t\u0259msil\u00e7iliyi geni\u015fl\u0259ndir\u0259r\u0259k, \u00fcmumilikd\u0259 43 rayonda n\u00fcmay\u0259nd\u0259 strukturu formala\u015fd\u0131r\u0131b v\u0259 bununla da d\u00f6vl\u0259t-\u00f6z\u0259l dialoqunda region sahibkarlar\u0131n\u0131n f\u0259all\u0131\u011f\u0131n\u0131 y\u00fcks\u0259ltm\u0259y\u0259 nail olub. Bununla b\u0259rab\u0259r Az\u0259rbaycan m\u0259hsullar\u0131n\u0131n xarici \u00f6lk\u0259l\u0259rd\u0259 t\u0259bli\u011fi, investisiya m\u00fchitinin t\u0259\u015fviq edilm\u0259si, xaricd\u0259 \u00e7al\u0131\u015fan i\u015f adamlar\u0131m\u0131zla \u0259laq\u0259l\u0259rin qurulmas\u0131 \u00fc\u00e7\u00fcn Az\u0259rbaycan Sahibkarlar Konfederasiyas\u0131 t\u0259msil\u00e7ilik f\u0259aliyy\u0259tini geni\u015fl\u0259ndirib. Haz\u0131rda 23 xarici \u00f6lk\u0259d\u0259 Konfederasiyan\u0131n 21 n\u00fcmay\u0259nd\u0259si f\u0259aliyy\u0259t g\u00f6st\u0259rir.<\/p>\n<p>\u00d6t\u0259n il \u00f6lk\u0259d\u0259 sahibkarl\u0131\u011f\u0131n inki\u015faf\u0131, biznesin d\u0259st\u0259kl\u0259nm\u0259si m\u0259qs\u0259dil\u0259 Konfederasiya t\u0259r\u0259find\u0259n 20 qanunvericilik akt\u0131na \u0259lav\u0259 v\u0259 d\u0259yi\u015fiklikl\u0259r t\u0259klif edilib. Konfederasiya 30-a yax\u0131n beyn\u0259lxalq t\u0259dbir\u0259 evsahibliyi edib, \u00f6lk\u0259mizd\u0259ki xarici diplomatik n\u00fcmay\u0259nd\u0259l\u0259rl\u0259 21 g\u00f6r\u00fc\u015f ke\u00e7irilib. Beyn\u0259lxalq \u0259m\u0259kda\u015fl\u0131\u011f\u0131n d\u0259rinl\u0259\u015fdirilm\u0259si m\u0259qs\u0259dil\u0259 xarici \u00f6lk\u0259l\u0259rd\u0259 f\u0259aliyy\u0259t g\u00f6st\u0259r\u0259n sahibkarl\u0131q t\u0259\u015fkilatlar\u0131 il\u0259 11 memorandum imzalan\u0131b.<\/p>\n<p>Az\u0259rbaycan Sahibkarlar Konfederasiyas\u0131n\u0131n R\u0259yas\u0259t Hey\u0259ti\u00a0 M\u00fcbahis\u0259l\u0259rin Alternativ H\u0259lli M\u0259rk\u0259zinin t\u0259sis edilm\u0259si il\u0259 ba\u011fl\u0131 m\u00fcvafiq q\u0259rar q\u0259bul edib.<\/p>\n<p>R\u0259yas\u0259t Hey\u0259tinin \u00fczvl\u0259ri t\u0259r\u0259find\u0259n i\u015f\u011faldan azad olunmu\u015f \u0259razil\u0259rimiz\u0259 investisiya yat\u0131r\u0131lmas\u0131 il\u0259 ba\u011fl\u0131 g\u0259l\u0259c\u0259k planlar dinl\u0259nilib, Az\u0259rbaycan Sahibkarlar Konfederasiyas\u0131n\u0131n 2021-ci ilin hesabat\u0131 v\u0259 2022-ci ilin i\u015f plan\u0131 s\u0259s\u0259 qoyularaq q\u0259bul edilib.<\/p>\n<p>\u0130clas\u0131n sonunda Az\u0259rbaycan Sahibkarlar Konfederasiyas\u0131 ad\u0131ndan i\u015f\u011faldan azad olunmu\u015f \u0259razil\u0259rimiz\u0259 investisiya yat\u0131r\u0131lmas\u0131, yeni i\u015f yerl\u0259rinin yarad\u0131lmas\u0131 il\u0259 ba\u011fl\u0131 \u00f6lk\u0259 sahibkarlar\u0131na \u00e7a\u011f\u0131r\u0131\u015f q\u0259bul edilib.<\/p>\n<p><img src=\"https:\/\/cdn.oxu.az\/uploads\/W1siZiIsIjIwMjIvMDIvMjQvMTYvMTUvMzYvMzViZjM2YmMtZGFkZi00N2FjLThhZDktNjMyNGNlMDliOTBiL2JuLmpwZyJdLFsicCIsImVuY29kZSIsImpwZyIsIi1xdWFsaXR5IDgwIl0sWyJwIiwidGh1bWIiLCI1OTB4NTkwXHUwMDNlIl1d?sha=4222042f19be98f7\" alt=\"\" \/><\/p>\n<p>Az\u0259rbaycan Sahibkarlar Konfederasiyas\u0131 Sahibkarlara m\u00fcraci\u0259t d\u0259 edib.<\/p>\n<p>M\u00fcraci\u0259td\u0259 bildirilir:<\/p>\n<p>\u201c\u00d6lk\u0259 Prezidentinin A\u011fdam rayonuna sonuncu s\u0259f\u0259ri zaman\u0131 i\u015f adamlar\u0131na m\u00fcraci\u0259t ed\u0259r\u0259k onlar\u0131 h\u0259m A\u011fdama, h\u0259m d\u0259 i\u015f\u011faldan azad edilmi\u015f b\u00fct\u00fcn dig\u0259r \u0259razil\u0259r\u0259 s\u0259rmay\u0259 qoyma\u011fa \u00e7a\u011f\u0131rd\u0131. Az\u0259rbaycanda yeni biznes qurmaq v\u0259 sahibkarl\u0131\u011f\u0131n inki\u015faf\u0131 \u00fc\u00e7\u00fcn \u00e7ox g\u00f6z\u0259l \u015f\u0259raitin yarad\u0131ld\u0131\u011f\u0131n\u0131 vur\u011fulayan \u00f6lk\u0259 Prezidenti c\u0259nab \u0130lham \u018fliyev qeyd etdi ki,\u00a0 \u201c\u018flb\u0259tt\u0259 ki, b\u00f6lg\u0259l\u0259rd\u0259 infrastruktur layih\u0259l\u0259rinin icras\u0131 sahibkarl\u0131q \u00fc\u00e7\u00fcn d\u0259 g\u00f6z\u0259l imkanlar yarad\u0131r. Ona g\u00f6r\u0259 az\u0259rbaycan sahibkarlar\u0131 g\u0259r\u0259k azad edilmi\u015f torpaqlara g\u0259lsinl\u0259r v\u0259 burada m\u00fc\u0259ssis\u0259l\u0259r qursunlar, i\u015f yerl\u0259ri yarats\u0131nlar\u201d.<\/p>\n<p>Eyni zamanda, fevral\u0131n 18-d\u0259 \u00f6lk\u0259 prezidenti yeni icra ba\u015f\u00e7\u0131lar\u0131n\u0131n t\u0259yinat\u0131 il\u0259 ba\u011fl\u0131 g\u00f6r\u00fc\u015fd\u0259 sahibkarlara t\u00f6vsiy\u0259 etdi ki, i\u015f\u0259 q\u0259bulda, ilk n\u00f6vb\u0259d\u0259, V\u0259t\u0259n m\u00fcharib\u0259sind\u0259 f\u0259rql\u0259nmi\u015f g\u0259ncl\u0259rimizi n\u0259z\u0259r\u0259 als\u0131nlar.<\/p>\n<p>Qeyd ed\u0259k ki, Az\u0259rbaycan Sahibkarlar Konfederasiyas\u0131n\u0131n t\u0259\u015fkilat\u00e7\u0131l\u0131\u011f\u0131 il\u0259 T\u00fcrk Ticar\u0259t v\u0259 S\u0259naye Palatas\u0131na daxil olan d\u00f6vl\u0259tl\u0259rin Bak\u0131da ke\u00e7irilmi\u015f n\u00f6vb\u0259d\u0259nk\u0259nar g\u00f6r\u00fc\u015f\u00fcnd\u0259 Qaraba\u011fa investisiya qoyulmas\u0131 il\u0259 ba\u011fl\u0131 iqtisadi imkanlar m\u00fczakir\u0259 edilib. H\u0259m\u00e7inin t\u0259\u015fkilat b\u00fct\u00fcn \u00fczvl\u0259rin\u0259 m\u00fcraci\u0259t ed\u0259r\u0259k, \u015f\u0259hid ail\u0259 \u00fczvl\u0259rinin, qazil\u0259rin i\u015fl\u0259 t\u0259minat\u0131nda aktiv olma\u011fa \u00e7a\u011f\u0131r\u0131b. Azad olunmu\u015f torpaqlar\u0131n iqtisadi c\u0259h\u0259td\u0259n dir\u00e7\u0259ldilm\u0259si m\u0259qs\u0259dil\u0259 \u00fczv \u015firk\u0259tl\u0259rd\u0259n toplanan investisiya layih\u0259l\u0259ri h\u00f6kum\u0259t\u0259 t\u0259qdim edilib.<\/p>\n<p>\u0130ndiki \u015f\u0259raitd\u0259, x\u00fcsusil\u0259 postm\u00fcharib\u0259 d\u00f6vr\u00fcnd\u0259 \u00f6z\u0259l sektorun \u00fcz\u0259rin\u0259 daha b\u00f6y\u00fck v\u0259zif\u0259l\u0259r d\u00fc\u015f\u00fcr.<\/p>\n<p>Az\u0259rbaycan Respublikas\u0131 Sahibkarlar (\u0130\u015f\u0259g\u00f6t\u00fcr\u0259nl\u0259r) T\u0259\u015fkilatlar\u0131 Milli Konfederasiyas\u0131 \u00f6lk\u0259 Prezidentinin bu \u00e7a\u011f\u0131r\u0131\u015f\u0131n\u0131 d\u0259st\u0259kl\u0259yir v\u0259 bildirir ki, iqtisadi siyas\u0259timizin istiqam\u0259tl\u0259rini n\u0259z\u0259r\u0259 alaraq azad edilmi\u015f torpaqlarda sahibkarl\u0131\u011f\u0131n inki\u015faf\u0131 B\u00f6y\u00fck Qay\u0131d\u0131\u015f\u0131n daha tez bir vaxtda h\u0259yata ke\u00e7irilm\u0259sin\u0259 b\u00f6y\u00fck t\u00f6hf\u0259 ver\u0259c\u0259kdir.<\/p>\n<p>Konfederasiya \u00f6z imkanlar\u0131ndan istifad\u0259 ed\u0259r\u0259k, azad olunmu\u015f torpaqlarda biznesin inki\u015faf\u0131, m\u00f6vcud layih\u0259l\u0259r\u0259 x\u00fcsusi yana\u015fmalar\u0131n t\u0259tbiq edilm\u0259si v\u0259 sahibkarlar\u0131n d\u00f6vl\u0259tin d\u0259st\u0259k t\u0259dbirl\u0259rind\u0259n yararlanmas\u0131 \u00fc\u00e7\u00fcn t\u0259\u015fkilat\u0131 yard\u0131m g\u00f6st\u0259rm\u0259y\u0259 haz\u0131rd\u0131r.<br \/>\nQeyd ed\u0259k ki, art\u0131q aqrar, t\u0259hsil, emal, m\u0259d\u0259n\u00e7\u0131xarma, ticar\u0259t, turizm sah\u0259l\u0259rini \u0259hat\u0259 ed\u0259n investisiya t\u0259klifl\u0259ri m\u00f6vcuddur v\u0259 bundan sonra t\u0259klifl\u0259rin icra m\u0259rh\u0259l\u0259sin\u0259 ke\u00e7id etm\u0259k laz\u0131md\u0131r.<\/p>\n<p>Bununla b\u0259rab\u0259r\u00a0 V\u0259t\u0259n m\u00fcharib\u0259sind\u0259 i\u015ftirak etmi\u015f v\u0259 f\u0259rql\u0259nmi\u015f g\u0259ncl\u0259rimizin i\u015fl\u0259 t\u0259min olunmalar\u0131 Az\u0259rbaycan sahibkarlar Konfederasiyas\u0131n\u0131n qar\u015f\u0131s\u0131nda prioritet m\u0259s\u0259l\u0259 kimi durur.<\/p>\n<p>Konfederasiya daima \u00fczv olan sahibkarlara bu sah\u0259d\u0259 m\u0259sl\u0259h\u0259tl\u0259r verir v\u0259 h\u00fcquqi yard\u0131m g\u00f6st\u0259rir.<\/p>\n<p>Biz Az\u0259rbaycan Sahibkarlar Konfederasiyas\u0131 olaraq d\u00f6vl\u0259tin sosial t\u0259r\u0259fda\u015f\u0131 kimi,\u00a0 t\u0259msil etdiyimiz\u00a0 sahibkarlarla birlikd\u0259 h\u0259mr\u0259ylik n\u00fcmayi\u015f etdirm\u0259kl\u0259 \u00f6lk\u0259 Prezidenti c\u0259nab \u0130lham \u018fliyevin r\u0259hb\u0259rliyi alt\u0131nda yeni-yeni iqtisadi u\u011furlara nail olaca\u011f\u0131m\u0131za inan\u0131r v\u0259\u00a0 \u0259min edirik ki, d\u00f6vl\u0259timizin daha da g\u00fccl\u0259nm\u0259si, r\u0259qab\u0259t\u0259 davaml\u0131 istehsal\u0131n geni\u015fl\u0259ndirilm\u0259si v\u0259 d\u00fcnya miqyas\u0131nda n\u00fcfuzunun daha da artmas\u0131 \u00fc\u00e7\u00fcn b\u00fct\u00fcn g\u00fcc\u00fcm\u00fcz\u00fc s\u0259f\u0259rb\u0259r ed\u0259c\u0259k, \u0259lveri\u015fli biznes m\u00fchitind\u0259n yararlanmaqla \u00f6lk\u0259mizin, o c\u00fcml\u0259d\u0259n i\u015f\u011faldan azad olunmu\u015f torpaqlar\u0131m\u0131z\u0131n daha da \u00e7i\u00e7\u0259kl\u0259nm\u0259si, \u0259halinin rifah hal\u0131n\u0131n yax\u015f\u0131la\u015fd\u0131r\u0131lmas\u0131 \u00fc\u00e7\u00fcn var g\u00fcc\u00fcm\u00fczl\u0259 \u00e7al\u0131\u015facaq v\u0259 b\u00fct\u00fcn i\u015f adamlar\u0131n\u0131 bu \u015f\u0259r\u0259fli\u00a0 v\u0259 m\u0259suliyy\u0259tli i\u015fd\u0259 yax\u0131ndan i\u015ftirak etm\u0259y\u0259 \u00e7a\u011f\u0131r\u0131r\u0131q.<\/p>\n","protected":false},"excerpt":{"rendered":"<p>Fevral\u0131n 22-d\u0259 Az\u0259rbaycan Respublikas\u0131 Sahibkarlar (\u0130\u015f\u0259g\u00f6t\u00fcr\u0259nl\u0259r) T\u0259\u015fkilatlar\u0131 Milli Konfederasiyas\u0131n\u0131n R\u0259yas\u0259t Hey\u0259tinin iclas\u0131 ke\u00e7irilib. \u0130clasda Az\u0259rbaycan Respublikas\u0131n\u0131n Prezidenti c\u0259nab \u0130lham \u018fliyevin \u00f6lk\u0259 sahibkarlar\u0131na i\u015f\u011faldan azad edilmi\u015f \u0259razil\u0259rd\u0259 i\u015f yerl\u0259rinin yarad\u0131lmas\u0131 il\u0259 ba\u011fl\u0131 \u00e7a\u011f\u0131r\u0131\u015f\u0131 s\u0259sl\u0259ndirilib, bu \u0259razil\u0259rd\u0259 g\u0259l\u0259c\u0259k biznes imkanlar\u0131 m\u00fczakir\u0259 edilib, habel\u0259 Az\u0259rbaycan Sahibkarlar Konfederasiyas\u0131n\u0131n 2021-ci ilin hesabat\u0131 v\u0259 2022-ci ilin i\u015f plan\u0131 dinl\u0259nilib. 2021-ci ild\u0259 Az\u0259rbaycan Sahibkarlar Konfederasiyas\u0131 rayon sahibkarlar\u0131 aras\u0131nda t\u0259msil\u00e7iliyi geni\u015fl\u0259ndir\u0259r\u0259k, \u00fcmumilikd\u0259 43 rayonda n\u00fcmay\u0259nd\u0259 strukturu formala\u015fd\u0131r\u0131b v\u0259 bununla da d\u00f6vl\u0259t-\u00f6z\u0259l dialoqunda region sahibkarlar\u0131n\u0131n f\u0259all\u0131\u011f\u0131n\u0131 y\u00fcks\u0259ltm\u0259y\u0259 nail olub. Bununla b\u0259rab\u0259r Az\u0259rbaycan m\u0259hsullar\u0131n\u0131n xarici \u00f6lk\u0259l\u0259rd\u0259 t\u0259bli\u011fi, investisiya m\u00fchitinin t\u0259\u015fviq&hellip;<\/p>\n","protected":false},"author":2,"featured_media":443718,"comment_status":"closed","ping_status":"closed","sticky":false,"template":"","format":"standard","meta":{"om_disable_all_campaigns":false,"_monsterinsights_skip_tracking":false,"_monsterinsights_sitenote_active":false,"_monsterinsights_sitenote_note":"","_monsterinsights_sitenote_category":0},"categories":[1],"tags":[],"aioseo_notices":[],"gutentor_comment":0,"rttpg_featured_image_url":{"full":["https:\/\/arantv.az\/wp-content\/uploads\/2022\/02\/FotoJet-2-10.jpg",620,419,false],"landscape":["https:\/\/arantv.az\/wp-content\/uploads\/2022\/02\/FotoJet-2-10.jpg",620,419,false],"portraits":["https:\/\/arantv.az\/wp-content\/uploads\/2022\/02\/FotoJet-2-10.jpg",620,419,false],"thumbnail":["https:\/\/arantv.az\/wp-content\/uploads\/2022\/02\/FotoJet-2-10-500x280.jpg",500,280,true],"medium":["https:\/\/arantv.az\/wp-content\/uploads\/2022\/02\/FotoJet-2-10-540x365.jpg",540,365,true],"large":["https:\/\/arantv.az\/wp-content\/uploads\/2022\/02\/FotoJet-2-10.jpg",620,419,false],"1536x1536":["https:\/\/arantv.az\/wp-content\/uploads\/2022\/02\/FotoJet-2-10.jpg",620,419,false],"2048x2048":["https:\/\/arantv.az\/wp-content\/uploads\/2022\/02\/FotoJet-2-10.jpg",620,419,false],"post-thumbnail":["https:\/\/arantv.az\/wp-content\/uploads\/2022\/02\/FotoJet-2-10-240x172.jpg",240,172,true],"advps-thumb-one":["https:\/\/arantv.az\/wp-content\/uploads\/2022\/02\/FotoJet-2-10.jpg",620,419,false]},"rttpg_author":{"display_name":"V\u00fcsal Rafiqo\u011flu","author_link":"https:\/\/arantv.az\/?author=2"},"rttpg_comment":0,"rttpg_category":"<a href=\"https:\/\/arantv.az\/?cat=1\" rel=\"category\">C\u0259miyy\u0259t<\/a>","rttpg_excerpt":"Fevral\u0131n 22-d\u0259 Az\u0259rbaycan Respublikas\u0131 Sahibkarlar (\u0130\u015f\u0259g\u00f6t\u00fcr\u0259nl\u0259r) T\u0259\u015fkilatlar\u0131 Milli Konfederasiyas\u0131n\u0131n R\u0259yas\u0259t Hey\u0259tinin iclas\u0131 ke\u00e7irilib. \u0130clasda Az\u0259rbaycan Respublikas\u0131n\u0131n Prezidenti c\u0259nab \u0130lham \u018fliyevin \u00f6lk\u0259 sahibkarlar\u0131na i\u015f\u011faldan azad edilmi\u015f \u0259razil\u0259rd\u0259 i\u015f yerl\u0259rinin yarad\u0131lmas\u0131 il\u0259 ba\u011fl\u0131 \u00e7a\u011f\u0131r\u0131\u015f\u0131 s\u0259sl\u0259ndirilib, bu \u0259razil\u0259rd\u0259 g\u0259l\u0259c\u0259k biznes imkanlar\u0131 m\u00fczakir\u0259 edilib, habel\u0259 Az\u0259rbaycan Sahibkarlar Konfederasiyas\u0131n\u0131n 2021-ci ilin hesabat\u0131 v\u0259 2022-ci ilin i\u015f plan\u0131 dinl\u0259nilib. 2021-ci ild\u0259&hellip;","_links":{"self":[{"href":"https:\/\/arantv.az\/index.php?rest_route=\/wp\/v2\/posts\/443717"}],"collection":[{"href":"https:\/\/arantv.az\/index.php?rest_route=\/wp\/v2\/posts"}],"about":[{"href":"https:\/\/arantv.az\/index.php?rest_route=\/wp\/v2\/types\/post"}],"author":[{"embeddable":true,"href":"https:\/\/arantv.az\/index.php?rest_route=\/wp\/v2\/users\/2"}],"replies":[{"embeddable":true,"href":"https:\/\/arantv.az\/index.php?rest_route=%2Fwp%2Fv2%2Fcomments&post=443717"}],"version-history":[{"count":0,"href":"https:\/\/arantv.az\/index.php?rest_route=\/wp\/v2\/posts\/443717\/revisions"}],"wp:featuredmedia":[{"embeddable":true,"href":"https:\/\/arantv.az\/index.php?rest_route=\/wp\/v2\/media\/443718"}],"wp:attachment":[{"href":"https:\/\/arantv.az\/index.php?rest_route=%2Fwp%2Fv2%2Fmedia&parent=443717"}],"wp:term":[{"taxonomy":"category","embeddable":true,"href":"https:\/\/arantv.az\/index.php?rest_route=%2Fwp%2Fv2%2Fcategories&post=443717"},{"taxonomy":"post_tag","embeddable":true,"href":"https:\/\/arantv.az\/index.php?rest_route=%2Fwp%2Fv2%2Ftags&post=443717"}],"curies":[{"name":"wp","href":"https:\/\/api.w.org\/{rel}","templated":true}]}}