{"id":443733,"date":"2022-02-24T15:48:45","date_gmt":"2022-02-24T12:48:45","guid":{"rendered":"http:\/\/arantv.az\/?p=443733"},"modified":"2022-02-24T15:48:45","modified_gmt":"2022-02-24T12:48:45","slug":"rusiya-xin-d%c9%99n-ukrayna-il%c9%99-diplomatik-munasib%c9%99tl%c9%99ri-k%c9%99silm%c9%99sin%c9%99-reaksiya-yenil%c9%99nib","status":"publish","type":"post","link":"https:\/\/arantv.az\/?p=443733","title":{"rendered":"Rusiya X\u0130N-d\u0259n Ukrayna il\u0259 diplomatik m\u00fcnasib\u0259tl\u0259ri k\u0259silm\u0259sin\u0259 REAKS\u0130YA &#8211; YEN\u0130L\u018fN\u0130B"},"content":{"rendered":"<p>Rusiya Xarici \u0130\u015fl\u0259r Nazirliyi (X\u0130N) Ukraynan\u0131n diplomatik \u0259laq\u0259l\u0259ri k\u0259sm\u0259k q\u0259rar\u0131na reaksiya verib.<\/p>\n<p>\u201cBu, bizim se\u00e7imimiz deyil\u201d, &#8211; dey\u0259 X\u0130N-d\u0259n \u201cR\u0130A Novosti\u201dy\u0259 bildirilib.<\/p>\n<div class=\"AdviadNativeVideo\"><\/div>\n<p>Xarici \u0130\u015fl\u0259r Nazirliyind\u0259n qeyd edilib ki, diplomatik m\u00fcnasib\u0259tl\u0259rin qopmas\u0131 2014-c\u00fc il \u00e7evrili\u015find\u0259n ba\u015flayaraq Kiyev hakimiyy\u0259tinin m\u0259qs\u0259dy\u00f6nl\u00fc rusofob siyas\u0259tinin m\u0259ntiqi n\u0259tic\u0259sidir.<\/p>\n<p><strong>13:48<\/strong><\/p>\n<p>Ukrayna Rusiya il\u0259 diplomatik m\u00fcnasib\u0259tl\u0259ri k\u0259sm\u0259k q\u0259rar\u0131na g\u0259lib.<\/p>\n<p>Bu bar\u0259d\u0259 Ukrayna Prezidenti Vladimir Zelenski bildirib.<\/p>\n<p>\u201cUkrayna Rusiya il\u0259 diplomatik m\u00fcnasib\u0259tl\u0259ri k\u0259sir\u201d, &#8211; dey\u0259 o qeyd edib.<\/p>\n<p>M\u0259nb\u0259: TASS<\/p>\n","protected":false},"excerpt":{"rendered":"<p>Rusiya Xarici \u0130\u015fl\u0259r Nazirliyi (X\u0130N) Ukraynan\u0131n diplomatik \u0259laq\u0259l\u0259ri k\u0259sm\u0259k q\u0259rar\u0131na reaksiya verib. \u201cBu, bizim se\u00e7imimiz deyil\u201d, &#8211; dey\u0259 X\u0130N-d\u0259n \u201cR\u0130A Novosti\u201dy\u0259 bildirilib. Xarici \u0130\u015fl\u0259r Nazirliyind\u0259n qeyd edilib ki, diplomatik m\u00fcnasib\u0259tl\u0259rin qopmas\u0131 2014-c\u00fc il \u00e7evrili\u015find\u0259n ba\u015flayaraq Kiyev hakimiyy\u0259tinin m\u0259qs\u0259dy\u00f6nl\u00fc rusofob siyas\u0259tinin m\u0259ntiqi n\u0259tic\u0259sidir. 13:48 Ukrayna Rusiya il\u0259 diplomatik m\u00fcnasib\u0259tl\u0259ri k\u0259sm\u0259k q\u0259rar\u0131na g\u0259lib. Bu bar\u0259d\u0259 Ukrayna Prezidenti Vladimir Zelenski bildirib. \u201cUkrayna Rusiya il\u0259 diplomatik m\u00fcnasib\u0259tl\u0259ri k\u0259sir\u201d, &#8211; dey\u0259 o qeyd edib. M\u0259nb\u0259: TASS<\/p>\n","protected":false},"author":2,"featured_media":443734,"comment_status":"closed","ping_status":"closed","sticky":false,"template":"","format":"standard","meta":{"om_disable_all_campaigns":false,"_monsterinsights_skip_tracking":false,"_monsterinsights_sitenote_active":false,"_monsterinsights_sitenote_note":"","_monsterinsights_sitenote_category":0},"categories":[7],"tags":[],"aioseo_notices":[],"gutentor_comment":0,"rttpg_featured_image_url":{"full":["https:\/\/arantv.az\/wp-content\/uploads\/2022\/02\/FotoJet-17-9.jpg",620,413,false],"landscape":["https:\/\/arantv.az\/wp-content\/uploads\/2022\/02\/FotoJet-17-9.jpg",620,413,false],"portraits":["https:\/\/arantv.az\/wp-content\/uploads\/2022\/02\/FotoJet-17-9.jpg",620,413,false],"thumbnail":["https:\/\/arantv.az\/wp-content\/uploads\/2022\/02\/FotoJet-17-9-500x280.jpg",500,280,true],"medium":["https:\/\/arantv.az\/wp-content\/uploads\/2022\/02\/FotoJet-17-9-548x365.jpg",548,365,true],"large":["https:\/\/arantv.az\/wp-content\/uploads\/2022\/02\/FotoJet-17-9.jpg",620,413,false],"1536x1536":["https:\/\/arantv.az\/wp-content\/uploads\/2022\/02\/FotoJet-17-9.jpg",620,413,false],"2048x2048":["https:\/\/arantv.az\/wp-content\/uploads\/2022\/02\/FotoJet-17-9.jpg",620,413,false],"post-thumbnail":["https:\/\/arantv.az\/wp-content\/uploads\/2022\/02\/FotoJet-17-9-240x172.jpg",240,172,true],"advps-thumb-one":["https:\/\/arantv.az\/wp-content\/uploads\/2022\/02\/FotoJet-17-9.jpg",620,413,false]},"rttpg_author":{"display_name":"V\u00fcsal Rafiqo\u011flu","author_link":"https:\/\/arantv.az\/?author=2"},"rttpg_comment":0,"rttpg_category":"<a href=\"https:\/\/arantv.az\/?cat=7\" rel=\"category\">D\u00fcnya<\/a>","rttpg_excerpt":"Rusiya Xarici \u0130\u015fl\u0259r Nazirliyi (X\u0130N) Ukraynan\u0131n diplomatik \u0259laq\u0259l\u0259ri k\u0259sm\u0259k q\u0259rar\u0131na reaksiya verib. \u201cBu, bizim se\u00e7imimiz deyil\u201d, &#8211; dey\u0259 X\u0130N-d\u0259n \u201cR\u0130A Novosti\u201dy\u0259 bildirilib. Xarici \u0130\u015fl\u0259r Nazirliyind\u0259n qeyd edilib ki, diplomatik m\u00fcnasib\u0259tl\u0259rin qopmas\u0131 2014-c\u00fc il \u00e7evrili\u015find\u0259n ba\u015flayaraq Kiyev hakimiyy\u0259tinin m\u0259qs\u0259dy\u00f6nl\u00fc rusofob siyas\u0259tinin m\u0259ntiqi n\u0259tic\u0259sidir. 13:48 Ukrayna Rusiya il\u0259 diplomatik m\u00fcnasib\u0259tl\u0259ri k\u0259sm\u0259k q\u0259rar\u0131na g\u0259lib. Bu bar\u0259d\u0259 Ukrayna Prezidenti&hellip;","_links":{"self":[{"href":"https:\/\/arantv.az\/index.php?rest_route=\/wp\/v2\/posts\/443733"}],"collection":[{"href":"https:\/\/arantv.az\/index.php?rest_route=\/wp\/v2\/posts"}],"about":[{"href":"https:\/\/arantv.az\/index.php?rest_route=\/wp\/v2\/types\/post"}],"author":[{"embeddable":true,"href":"https:\/\/arantv.az\/index.php?rest_route=\/wp\/v2\/users\/2"}],"replies":[{"embeddable":true,"href":"https:\/\/arantv.az\/index.php?rest_route=%2Fwp%2Fv2%2Fcomments&post=443733"}],"version-history":[{"count":0,"href":"https:\/\/arantv.az\/index.php?rest_route=\/wp\/v2\/posts\/443733\/revisions"}],"wp:featuredmedia":[{"embeddable":true,"href":"https:\/\/arantv.az\/index.php?rest_route=\/wp\/v2\/media\/443734"}],"wp:attachment":[{"href":"https:\/\/arantv.az\/index.php?rest_route=%2Fwp%2Fv2%2Fmedia&parent=443733"}],"wp:term":[{"taxonomy":"category","embeddable":true,"href":"https:\/\/arantv.az\/index.php?rest_route=%2Fwp%2Fv2%2Fcategories&post=443733"},{"taxonomy":"post_tag","embeddable":true,"href":"https:\/\/arantv.az\/index.php?rest_route=%2Fwp%2Fv2%2Ftags&post=443733"}],"curies":[{"name":"wp","href":"https:\/\/api.w.org\/{rel}","templated":true}]}}