{"id":443739,"date":"2022-02-24T15:50:37","date_gmt":"2022-02-24T12:50:37","guid":{"rendered":"http:\/\/arantv.az\/?p=443739"},"modified":"2022-02-24T15:50:37","modified_gmt":"2022-02-24T12:50:37","slug":"agcab%c9%99did%c9%99-xocali-b%c9%99s%c9%99riyy%c9%99t%c9%99-qarsi-tarixi-cinay%c9%99t-basligi-altinda-r%c9%99sm-musabiq%c9%99si-kecirilmisdir","status":"publish","type":"post","link":"https:\/\/arantv.az\/?p=443739","title":{"rendered":"A\u011fcab\u0259did\u0259 \u201cXocal\u0131 \u2013 B\u0259\u015f\u0259riyy\u0259t\u0259 qar\u015f\u0131 tarixi cinay\u0259t&#8221; ba\u015fl\u0131\u011f\u0131 alt\u0131nda r\u0259sm m\u00fcsabiq\u0259si ke\u00e7irilmi\u015fdir."},"content":{"rendered":"<p>18-23 fevral 2022-ci il tarixl\u0259rd\u0259 A\u011fcab\u0259di Rayon G\u0259ncl\u0259r v\u0259 \u0130dman \u0130dar\u0259sinin t\u0259\u015fkilat\u00e7\u0131l\u0131\u011f\u0131 il\u0259 Xocal\u0131 soyq\u0131r\u0131m\u0131n\u0131n 30-cu il d\u00f6n\u00fcm\u00fc il\u0259 \u0259laq\u0259dar olaraq &#8220;Xocal\u0131 \u2013 B\u0259\u015f\u0259riyy\u0259t\u0259 qar\u015f\u0131 tarixi cinay\u0259t&#8221; ba\u015fl\u0131\u011f\u0131 alt\u0131nda onlayn r\u0259sm m\u00fcsabiq\u0259si ke\u00e7irilmi\u015fdir.<\/p>\n<p>M\u00fcsabiq\u0259y\u0259 qat\u0131lmaq ist\u0259y\u0259n i\u015ftirak\u00e7\u0131lar \u00e7\u0259kdikl\u0259ri r\u0259sml\u0259rin fotosunu \u00f6zl\u0259ri haqq\u0131nda q\u0131sa m\u0259lumat verm\u0259kl\u0259 birg\u0259 rayon G\u0259ncl\u0259r v\u0259 \u0130dman \u0130dar\u0259sinin \u0259vv\u0259lc\u0259d\u0259n elan etdiyi whatsapp n\u00f6mr\u0259sin\u0259 g\u00f6nd\u0259rmi\u015fdir.<\/p>\n<p>M\u00fcsabiq\u0259nin yekununda g\u00f6nd\u0259ril\u0259n r\u0259siml\u0259rin fotolar\u0131 m\u00fcnsifl\u0259r hey\u0259ti t\u0259r\u0259find\u0259n qiym\u0259tl\u0259ndirilmi\u015f v\u0259 n\u0259tic\u0259d\u0259 H\u00fcseyinli N\u0259zrin Ramil q\u0131z\u0131 1-ci yer\u0259, Abbasova Fatim\u0259 Elxan q\u0131z\u0131 2-ci yer\u0259, Mustafayeva M\u0259ry\u0259m Hikm\u0259t q\u0131z\u0131 is\u0259 3-c\u00fc yer\u0259 laiq g\u00f6r\u00fclm\u00fc\u015fd\u00fcr. Qalib g\u0259l\u0259n i\u015ftrak\u00e7\u0131lara A\u011fcab\u0259di Rayon G\u0259ncl\u0259r v\u0259 \u0130dman \u0130dar\u0259si t\u0259r\u0259find\u0259n diplomlar t\u0259qdim olunmu\u015fdur.<\/p>\n","protected":false},"excerpt":{"rendered":"<p>18-23 fevral 2022-ci il tarixl\u0259rd\u0259 A\u011fcab\u0259di Rayon G\u0259ncl\u0259r v\u0259 \u0130dman \u0130dar\u0259sinin t\u0259\u015fkilat\u00e7\u0131l\u0131\u011f\u0131 il\u0259 Xocal\u0131 soyq\u0131r\u0131m\u0131n\u0131n 30-cu il d\u00f6n\u00fcm\u00fc il\u0259 \u0259laq\u0259dar olaraq &#8220;Xocal\u0131 \u2013 B\u0259\u015f\u0259riyy\u0259t\u0259 qar\u015f\u0131 tarixi cinay\u0259t&#8221; ba\u015fl\u0131\u011f\u0131 alt\u0131nda onlayn r\u0259sm m\u00fcsabiq\u0259si ke\u00e7irilmi\u015fdir. M\u00fcsabiq\u0259y\u0259 qat\u0131lmaq ist\u0259y\u0259n i\u015ftirak\u00e7\u0131lar \u00e7\u0259kdikl\u0259ri r\u0259sml\u0259rin fotosunu \u00f6zl\u0259ri haqq\u0131nda q\u0131sa m\u0259lumat verm\u0259kl\u0259 birg\u0259 rayon G\u0259ncl\u0259r v\u0259 \u0130dman \u0130dar\u0259sinin \u0259vv\u0259lc\u0259d\u0259n elan etdiyi whatsapp n\u00f6mr\u0259sin\u0259 g\u00f6nd\u0259rmi\u015fdir. M\u00fcsabiq\u0259nin yekununda g\u00f6nd\u0259ril\u0259n r\u0259siml\u0259rin fotolar\u0131 m\u00fcnsifl\u0259r hey\u0259ti t\u0259r\u0259find\u0259n qiym\u0259tl\u0259ndirilmi\u015f v\u0259 n\u0259tic\u0259d\u0259 H\u00fcseyinli N\u0259zrin Ramil q\u0131z\u0131 1-ci yer\u0259, Abbasova Fatim\u0259 Elxan q\u0131z\u0131 2-ci yer\u0259, Mustafayeva M\u0259ry\u0259m Hikm\u0259t q\u0131z\u0131 is\u0259 3-c\u00fc yer\u0259 laiq g\u00f6r\u00fclm\u00fc\u015fd\u00fcr. Qalib&hellip;<\/p>\n","protected":false},"author":2,"featured_media":443740,"comment_status":"closed","ping_status":"closed","sticky":false,"template":"","format":"standard","meta":{"om_disable_all_campaigns":false,"_monsterinsights_skip_tracking":false,"_monsterinsights_sitenote_active":false,"_monsterinsights_sitenote_note":"","_monsterinsights_sitenote_category":0},"categories":[2],"tags":[],"aioseo_notices":[],"gutentor_comment":0,"rttpg_featured_image_url":{"full":["https:\/\/arantv.az\/wp-content\/uploads\/2022\/02\/a66e0c60c379c9fc3aeb9daaecd49c92.jpg",1280,960,false],"landscape":["https:\/\/arantv.az\/wp-content\/uploads\/2022\/02\/a66e0c60c379c9fc3aeb9daaecd49c92.jpg",1280,960,false],"portraits":["https:\/\/arantv.az\/wp-content\/uploads\/2022\/02\/a66e0c60c379c9fc3aeb9daaecd49c92.jpg",1280,960,false],"thumbnail":["https:\/\/arantv.az\/wp-content\/uploads\/2022\/02\/a66e0c60c379c9fc3aeb9daaecd49c92-500x280.jpg",500,280,true],"medium":["https:\/\/arantv.az\/wp-content\/uploads\/2022\/02\/a66e0c60c379c9fc3aeb9daaecd49c92-487x365.jpg",487,365,true],"large":["https:\/\/arantv.az\/wp-content\/uploads\/2022\/02\/a66e0c60c379c9fc3aeb9daaecd49c92-840x630.jpg",640,480,true],"1536x1536":["https:\/\/arantv.az\/wp-content\/uploads\/2022\/02\/a66e0c60c379c9fc3aeb9daaecd49c92.jpg",1280,960,false],"2048x2048":["https:\/\/arantv.az\/wp-content\/uploads\/2022\/02\/a66e0c60c379c9fc3aeb9daaecd49c92.jpg",1280,960,false],"post-thumbnail":["https:\/\/arantv.az\/wp-content\/uploads\/2022\/02\/a66e0c60c379c9fc3aeb9daaecd49c92-240x172.jpg",240,172,true],"advps-thumb-one":["https:\/\/arantv.az\/wp-content\/uploads\/2022\/02\/a66e0c60c379c9fc3aeb9daaecd49c92-1200x620.jpg",1200,620,true]},"rttpg_author":{"display_name":"V\u00fcsal Rafiqo\u011flu","author_link":"https:\/\/arantv.az\/?author=2"},"rttpg_comment":0,"rttpg_category":"<a href=\"https:\/\/arantv.az\/?cat=2\" rel=\"category\">Region X\u0259b\u0259rl\u0259ri<\/a>","rttpg_excerpt":"18-23 fevral 2022-ci il tarixl\u0259rd\u0259 A\u011fcab\u0259di Rayon G\u0259ncl\u0259r v\u0259 \u0130dman \u0130dar\u0259sinin t\u0259\u015fkilat\u00e7\u0131l\u0131\u011f\u0131 il\u0259 Xocal\u0131 soyq\u0131r\u0131m\u0131n\u0131n 30-cu il d\u00f6n\u00fcm\u00fc il\u0259 \u0259laq\u0259dar olaraq &#8220;Xocal\u0131 \u2013 B\u0259\u015f\u0259riyy\u0259t\u0259 qar\u015f\u0131 tarixi cinay\u0259t&#8221; ba\u015fl\u0131\u011f\u0131 alt\u0131nda onlayn r\u0259sm m\u00fcsabiq\u0259si ke\u00e7irilmi\u015fdir. M\u00fcsabiq\u0259y\u0259 qat\u0131lmaq ist\u0259y\u0259n i\u015ftirak\u00e7\u0131lar \u00e7\u0259kdikl\u0259ri r\u0259sml\u0259rin fotosunu \u00f6zl\u0259ri haqq\u0131nda q\u0131sa m\u0259lumat verm\u0259kl\u0259 birg\u0259 rayon G\u0259ncl\u0259r v\u0259 \u0130dman \u0130dar\u0259sinin \u0259vv\u0259lc\u0259d\u0259n elan etdiyi whatsapp&hellip;","_links":{"self":[{"href":"https:\/\/arantv.az\/index.php?rest_route=\/wp\/v2\/posts\/443739"}],"collection":[{"href":"https:\/\/arantv.az\/index.php?rest_route=\/wp\/v2\/posts"}],"about":[{"href":"https:\/\/arantv.az\/index.php?rest_route=\/wp\/v2\/types\/post"}],"author":[{"embeddable":true,"href":"https:\/\/arantv.az\/index.php?rest_route=\/wp\/v2\/users\/2"}],"replies":[{"embeddable":true,"href":"https:\/\/arantv.az\/index.php?rest_route=%2Fwp%2Fv2%2Fcomments&post=443739"}],"version-history":[{"count":0,"href":"https:\/\/arantv.az\/index.php?rest_route=\/wp\/v2\/posts\/443739\/revisions"}],"wp:featuredmedia":[{"embeddable":true,"href":"https:\/\/arantv.az\/index.php?rest_route=\/wp\/v2\/media\/443740"}],"wp:attachment":[{"href":"https:\/\/arantv.az\/index.php?rest_route=%2Fwp%2Fv2%2Fmedia&parent=443739"}],"wp:term":[{"taxonomy":"category","embeddable":true,"href":"https:\/\/arantv.az\/index.php?rest_route=%2Fwp%2Fv2%2Fcategories&post=443739"},{"taxonomy":"post_tag","embeddable":true,"href":"https:\/\/arantv.az\/index.php?rest_route=%2Fwp%2Fv2%2Ftags&post=443739"}],"curies":[{"name":"wp","href":"https:\/\/api.w.org\/{rel}","templated":true}]}}