{"id":443745,"date":"2022-02-24T15:55:16","date_gmt":"2022-02-24T12:55:16","guid":{"rendered":"http:\/\/arantv.az\/?p=443745"},"modified":"2022-02-24T15:55:16","modified_gmt":"2022-02-24T12:55:16","slug":"icra-bascisi-s%c9%99hid-x%c9%99yal-aslanovun-ail%c9%99sini-ziyar%c9%99t-edib","status":"publish","type":"post","link":"https:\/\/arantv.az\/?p=443745","title":{"rendered":"\u0130cra ba\u015f\u00e7\u0131s\u0131 \u015f\u0259hid X\u0259yal Aslanovun ail\u0259sini ziyar\u0259t edib"},"content":{"rendered":"<p>T\u0259rt\u0259r Rayon \u0130cra Hakimiyy\u0259tinin ba\u015f\u00e7\u0131s\u0131 M\u00fcst\u0259qim M\u0259mm\u0259dov m\u00fct\u0259madi olaraq \u015f\u0259hid v\u0259 qazi ail\u0259l\u0259rind\u0259 olur, onlar\u0131n qay\u011f\u0131lar\u0131 il\u0259 maraqlan\u0131r, probleml\u0259rinin h\u0259llin\u0259 k\u00f6m\u0259klik g\u00f6st\u0259rir.<\/p>\n<p>\u0130cra ba\u015f\u00e7\u0131s\u0131 n\u00f6vb\u0259ti d\u0259f\u0259 \u015f\u0259hid X\u0259yal Aslanovun ail\u0259sind\u0259 olaraq, onun valideynl\u0259ri il\u0259 g\u00f6r\u00fc\u015f\u00fcb, \u015f\u0259hid ail\u0259sinin durumu il\u0259 maraqlan\u0131b, onlara X\u0259yal kimi v\u0259t\u0259np\u0259rv\u0259r o\u011ful b\u00f6y\u00fctd\u00fckl\u0259ri \u00fc\u00e7\u00fcn minn\u0259tdarl\u0131\u011f\u0131n\u0131 bildirib, \u015f\u0259hidl\u0259r\u0259 r\u0259hm\u0259t, qazil\u0259r\u0259 can sa\u011fl\u0131\u011f\u0131 dil\u0259yib.<\/p>\n<p>Rayon r\u0259hb\u0259ri bildirib ki, d\u00f6vl\u0259t s\u0259viyy\u0259sind\u0259 \u015f\u0259hid v\u0259 qazi ail\u0259l\u0259rin\u0259 g\u00f6st\u0259ril\u0259n diqq\u0259t v\u0259 qay\u011f\u0131, Respublika Prezidenti c\u0259nab \u0130lham \u018fliyevin, Birinci vitse-prezident Mehriban xan\u0131m \u018fliyevan\u0131n h\u0259r bir \u015f\u0259hid ail\u0259sin\u0259, qazil\u0259r\u0259 g\u00f6st\u0259rdiyi diqq\u0259t, onlar\u0131n probleml\u0259rin\u0259 h\u0259ssasl\u0131qla yana\u015fmalar\u0131 biz\u0259 bir n\u00fcmun\u0259dir.<\/p>\n<p>Rayon r\u0259hb\u0259ri \u015f\u0259hidin atas\u0131 Q\u00fcdr\u0259t Aslanovu 60 illik yubileyi m\u00fcnasib\u0259ti il\u0259 d\u0259 t\u0259brik edib.<\/p>\n<p>\u015e\u0259hid atas\u0131 onlara g\u00f6st\u0259ril\u0259n diqq\u0259t v\u0259 qay\u011f\u0131ya g\u00f6r\u0259 Respublika Prezidenti c\u0259nab \u0130lham \u018fliyev\u0259 v\u0259 Birinci vitse-prezident Mehriban xan\u0131m \u018fliyevaya minn\u0259tdarl\u0131\u011f\u0131n\u0131 bildirib.<\/p>\n<p><img loading=\"lazy\" src=\"http:\/\/terter-ih.gov.az\/userfiles\/images\/DSC_9495%20(%D0%9A%D0%BE%D0%BF%D0%B8%D1%80%D0%BE%D0%B2%D0%B0%D1%82%D1%8C).JPG\" alt=\"\" width=\"250\" height=\"167\" \/><img loading=\"lazy\" src=\"http:\/\/terter-ih.gov.az\/userfiles\/images\/DSC_9484%20(%D0%9A%D0%BE%D0%BF%D0%B8%D1%80%D0%BE%D0%B2%D0%B0%D1%82%D1%8C).JPG\" alt=\"\" width=\"250\" height=\"167\" \/><\/p>\n","protected":false},"excerpt":{"rendered":"<p>T\u0259rt\u0259r Rayon \u0130cra Hakimiyy\u0259tinin ba\u015f\u00e7\u0131s\u0131 M\u00fcst\u0259qim M\u0259mm\u0259dov m\u00fct\u0259madi olaraq \u015f\u0259hid v\u0259 qazi ail\u0259l\u0259rind\u0259 olur, onlar\u0131n qay\u011f\u0131lar\u0131 il\u0259 maraqlan\u0131r, probleml\u0259rinin h\u0259llin\u0259 k\u00f6m\u0259klik g\u00f6st\u0259rir. \u0130cra ba\u015f\u00e7\u0131s\u0131 n\u00f6vb\u0259ti d\u0259f\u0259 \u015f\u0259hid X\u0259yal Aslanovun ail\u0259sind\u0259 olaraq, onun valideynl\u0259ri il\u0259 g\u00f6r\u00fc\u015f\u00fcb, \u015f\u0259hid ail\u0259sinin durumu il\u0259 maraqlan\u0131b, onlara X\u0259yal kimi v\u0259t\u0259np\u0259rv\u0259r o\u011ful b\u00f6y\u00fctd\u00fckl\u0259ri \u00fc\u00e7\u00fcn minn\u0259tdarl\u0131\u011f\u0131n\u0131 bildirib, \u015f\u0259hidl\u0259r\u0259 r\u0259hm\u0259t, qazil\u0259r\u0259 can sa\u011fl\u0131\u011f\u0131 dil\u0259yib. Rayon r\u0259hb\u0259ri bildirib ki, d\u00f6vl\u0259t s\u0259viyy\u0259sind\u0259 \u015f\u0259hid v\u0259 qazi ail\u0259l\u0259rin\u0259 g\u00f6st\u0259ril\u0259n diqq\u0259t v\u0259 qay\u011f\u0131, Respublika Prezidenti c\u0259nab \u0130lham \u018fliyevin, Birinci vitse-prezident Mehriban xan\u0131m \u018fliyevan\u0131n h\u0259r bir \u015f\u0259hid ail\u0259sin\u0259, qazil\u0259r\u0259 g\u00f6st\u0259rdiyi diqq\u0259t, onlar\u0131n probleml\u0259rin\u0259 h\u0259ssasl\u0131qla yana\u015fmalar\u0131&hellip;<\/p>\n","protected":false},"author":2,"featured_media":443746,"comment_status":"closed","ping_status":"closed","sticky":false,"template":"","format":"standard","meta":{"om_disable_all_campaigns":false,"_monsterinsights_skip_tracking":false,"_monsterinsights_sitenote_active":false,"_monsterinsights_sitenote_note":"","_monsterinsights_sitenote_category":0},"categories":[2],"tags":[],"aioseo_notices":[],"gutentor_comment":0,"rttpg_featured_image_url":{"full":["https:\/\/arantv.az\/wp-content\/uploads\/2022\/02\/DSC_9481-\u041a\u043e\u043f\u0438\u0440\u043e\u0432\u0430\u0442\u044c1.jpg",1152,768,false],"landscape":["https:\/\/arantv.az\/wp-content\/uploads\/2022\/02\/DSC_9481-\u041a\u043e\u043f\u0438\u0440\u043e\u0432\u0430\u0442\u044c1.jpg",1152,768,false],"portraits":["https:\/\/arantv.az\/wp-content\/uploads\/2022\/02\/DSC_9481-\u041a\u043e\u043f\u0438\u0440\u043e\u0432\u0430\u0442\u044c1.jpg",1152,768,false],"thumbnail":["https:\/\/arantv.az\/wp-content\/uploads\/2022\/02\/DSC_9481-\u041a\u043e\u043f\u0438\u0440\u043e\u0432\u0430\u0442\u044c1-500x280.jpg",500,280,true],"medium":["https:\/\/arantv.az\/wp-content\/uploads\/2022\/02\/DSC_9481-\u041a\u043e\u043f\u0438\u0440\u043e\u0432\u0430\u0442\u044c1-548x365.jpg",548,365,true],"large":["https:\/\/arantv.az\/wp-content\/uploads\/2022\/02\/DSC_9481-\u041a\u043e\u043f\u0438\u0440\u043e\u0432\u0430\u0442\u044c1-840x560.jpg",640,427,true],"1536x1536":["https:\/\/arantv.az\/wp-content\/uploads\/2022\/02\/DSC_9481-\u041a\u043e\u043f\u0438\u0440\u043e\u0432\u0430\u0442\u044c1.jpg",1152,768,false],"2048x2048":["https:\/\/arantv.az\/wp-content\/uploads\/2022\/02\/DSC_9481-\u041a\u043e\u043f\u0438\u0440\u043e\u0432\u0430\u0442\u044c1.jpg",1152,768,false],"post-thumbnail":["https:\/\/arantv.az\/wp-content\/uploads\/2022\/02\/DSC_9481-\u041a\u043e\u043f\u0438\u0440\u043e\u0432\u0430\u0442\u044c1-240x172.jpg",240,172,true],"advps-thumb-one":["https:\/\/arantv.az\/wp-content\/uploads\/2022\/02\/DSC_9481-\u041a\u043e\u043f\u0438\u0440\u043e\u0432\u0430\u0442\u044c1-1152x620.jpg",1152,620,true]},"rttpg_author":{"display_name":"V\u00fcsal Rafiqo\u011flu","author_link":"https:\/\/arantv.az\/?author=2"},"rttpg_comment":0,"rttpg_category":"<a href=\"https:\/\/arantv.az\/?cat=2\" rel=\"category\">Region X\u0259b\u0259rl\u0259ri<\/a>","rttpg_excerpt":"T\u0259rt\u0259r Rayon \u0130cra Hakimiyy\u0259tinin ba\u015f\u00e7\u0131s\u0131 M\u00fcst\u0259qim M\u0259mm\u0259dov m\u00fct\u0259madi olaraq \u015f\u0259hid v\u0259 qazi ail\u0259l\u0259rind\u0259 olur, onlar\u0131n qay\u011f\u0131lar\u0131 il\u0259 maraqlan\u0131r, probleml\u0259rinin h\u0259llin\u0259 k\u00f6m\u0259klik g\u00f6st\u0259rir. \u0130cra ba\u015f\u00e7\u0131s\u0131 n\u00f6vb\u0259ti d\u0259f\u0259 \u015f\u0259hid X\u0259yal Aslanovun ail\u0259sind\u0259 olaraq, onun valideynl\u0259ri il\u0259 g\u00f6r\u00fc\u015f\u00fcb, \u015f\u0259hid ail\u0259sinin durumu il\u0259 maraqlan\u0131b, onlara X\u0259yal kimi v\u0259t\u0259np\u0259rv\u0259r o\u011ful b\u00f6y\u00fctd\u00fckl\u0259ri \u00fc\u00e7\u00fcn minn\u0259tdarl\u0131\u011f\u0131n\u0131 bildirib, \u015f\u0259hidl\u0259r\u0259 r\u0259hm\u0259t, qazil\u0259r\u0259 can sa\u011fl\u0131\u011f\u0131 dil\u0259yib.&hellip;","_links":{"self":[{"href":"https:\/\/arantv.az\/index.php?rest_route=\/wp\/v2\/posts\/443745"}],"collection":[{"href":"https:\/\/arantv.az\/index.php?rest_route=\/wp\/v2\/posts"}],"about":[{"href":"https:\/\/arantv.az\/index.php?rest_route=\/wp\/v2\/types\/post"}],"author":[{"embeddable":true,"href":"https:\/\/arantv.az\/index.php?rest_route=\/wp\/v2\/users\/2"}],"replies":[{"embeddable":true,"href":"https:\/\/arantv.az\/index.php?rest_route=%2Fwp%2Fv2%2Fcomments&post=443745"}],"version-history":[{"count":0,"href":"https:\/\/arantv.az\/index.php?rest_route=\/wp\/v2\/posts\/443745\/revisions"}],"wp:featuredmedia":[{"embeddable":true,"href":"https:\/\/arantv.az\/index.php?rest_route=\/wp\/v2\/media\/443746"}],"wp:attachment":[{"href":"https:\/\/arantv.az\/index.php?rest_route=%2Fwp%2Fv2%2Fmedia&parent=443745"}],"wp:term":[{"taxonomy":"category","embeddable":true,"href":"https:\/\/arantv.az\/index.php?rest_route=%2Fwp%2Fv2%2Fcategories&post=443745"},{"taxonomy":"post_tag","embeddable":true,"href":"https:\/\/arantv.az\/index.php?rest_route=%2Fwp%2Fv2%2Ftags&post=443745"}],"curies":[{"name":"wp","href":"https:\/\/api.w.org\/{rel}","templated":true}]}}