{"id":443749,"date":"2022-02-24T15:57:05","date_gmt":"2022-02-24T12:57:05","guid":{"rendered":"http:\/\/arantv.az\/?p=443749"},"modified":"2022-02-24T15:57:05","modified_gmt":"2022-02-24T12:57:05","slug":"yevlaxda-s%c9%99hidl%c9%99rin-xatir%c9%99sin%c9%99-ucaldilmis-abid%c9%99-kompleksind%c9%99-yenid%c9%99nqurma-isl%c9%99ri-basa-catdirilib","status":"publish","type":"post","link":"https:\/\/arantv.az\/?p=443749","title":{"rendered":"Yevlaxda \u015f\u0259hidl\u0259rin xatir\u0259sin\u0259 ucald\u0131lm\u0131\u015f Abid\u0259-Kompleksind\u0259 yenid\u0259nqurma i\u015fl\u0259ri ba\u015fa \u00e7atd\u0131r\u0131l\u0131b"},"content":{"rendered":"<p>YAP Yevlax rayon t\u0259\u015fkilat\u0131n\u0131n t\u0259\u015f\u0259bb\u00fcs\u00fc il\u0259 torpaqlar\u0131m\u0131z\u0131n i\u015f\u011faldan azad olunmas\u0131 u\u011frundak\u0131 d\u00f6y\u00fc\u015fl\u0259rd\u0259 \u015f\u0259hid olmu\u015f q\u0259hr\u0259man o\u011fullar\u0131m\u0131z\u0131n \u0259ziz xatir\u0259sin\u0259 rayonun Malbin\u0259si k\u0259ndind\u0259 ucald\u0131lm\u0131\u015f Abid\u0259-Kompleksinin yenid\u0259nqurma i\u015fl\u0259ri ba\u015fa \u00e7atd\u0131r\u0131l\u0131b.<br \/>\nBu m\u00fcnasib\u0259tl\u0259 ke\u00e7iril\u0259n t\u0259dbird\u0259 Yevlax \u015e\u0259h\u0259r \u0130cra Hakimiyy\u0259tinin ba\u015f\u00e7\u0131s\u0131 Anar Ta\u011f\u0131yev, Milli M\u0259clisin deputat\u0131 \u0130lham M\u0259mm\u0259dov, YAP Yevlax rayon t\u0259\u015fkilat\u0131n\u0131n s\u0259dri Rafiq \u018fliyev, \u015f\u0259hidl\u0259rin ail\u0259 \u00fczvl\u0259ri v\u0259 k\u0259nd sakinl\u0259ri i\u015ftirak edibl\u0259r.<br \/>\nT\u0259dbird\u0259 \u00e7\u0131x\u0131\u015f ed\u0259n Yevlax \u015e\u0259h\u0259r \u0130cra Hakimiyy\u0259tinin ba\u015f\u00e7\u0131s\u0131 Anar Ta\u011f\u0131yev torpaqlar\u0131m\u0131z\u0131n azadl\u0131\u011f\u0131 u\u011frunda h\u0259lak olmu\u015f \u015f\u0259hidl\u0259rin \u0259ziz xatir\u0259sinin xalq\u0131m\u0131z t\u0259r\u0259find\u0259n h\u0259mi\u015f\u0259 uca tutuldu\u011funu qeyd ed\u0259r\u0259k bildirdi ki, Silahl\u0131 Q\u00fcvv\u0259l\u0259rin Ali Ba\u015f Komandan\u0131 C\u0259nab \u0130lham \u018fliyevin r\u0259hb\u0259rliyi il\u0259 Az\u0259rbaycan Ordusu V\u0259t\u0259n m\u00fcharib\u0259sind\u0259 d\u00fc\u015fm\u0259nin \u201cm\u0259\u011flubedilm\u0259zlik\u201d mifini darmada\u011f\u0131n ed\u0259r\u0259k m\u00f6ht\u0259\u015f\u0259m Q\u0259l\u0259b\u0259 qazand\u0131. M\u00fcst\u0259qil d\u00f6vl\u0259timizin tarixin\u0259 q\u0131z\u0131l h\u0259rfl\u0259rl\u0259 h\u0259kk olunmu\u015f bu \u015eanl\u0131 Q\u0259l\u0259b\u0259 soyda\u015flar\u0131m\u0131z\u0131n \u00e7oxillik V\u0259t\u0259n h\u0259sr\u0259tin\u0259 son qoymaqla yana\u015f\u0131 \u00f6lk\u0259mizin regionda q\u00fcdr\u0259tli bir d\u00f6vl\u0259t oldu\u011funu s\u00fcbuta yetirdi.<br \/>\nMilli M\u0259clisin deputat\u0131 \u0130lham M\u0259mm\u0259dov, YAP Yevlax rayon t\u0259\u015fkilat\u0131n\u0131n s\u0259dri Rafiq \u018fliyev, \u015f\u0259hid ail\u0259l\u0259rinin n\u00fcmay\u0259nd\u0259l\u0259ri v\u0259 k\u0259nd sakinl\u0259ri \u00e7\u0131x\u0131\u015f ed\u0259r\u0259k, \u00d6lk\u0259 Prezidenti c\u0259nab \u0130lham \u018fliyevin diplomatiyada, siyas\u0259td\u0259 v\u0259 h\u0259rbi strategiyada olan misilsiz f\u0259aliyy\u0259tind\u0259n v\u0259 c\u0259mi 44 g\u00fcn \u0259rzind\u0259 30 illik V\u0259t\u0259n h\u0259sr\u0259tin\u0259 son qoyan Az\u0259rbaycan \u0259sg\u0259rl\u0259rinin \u015f\u00fcca\u0259tind\u0259n dan\u0131\u015f\u0131blar.<br \/>\nSonda \u015f\u0259hidl\u0259rin ail\u0259 \u00fczvl\u0259ri onlara g\u00f6st\u0259ril\u0259n x\u00fcsusi diqq\u0259t v\u0259 qay\u011f\u0131ya g\u00f6r\u0259 M\u00f6ht\u0259r\u0259m Prezidentimiz c\u0259nab \u0130lham \u018fliyev\u0259 v\u0259 Birinci vitse-prezident h\u00f6rm\u0259tli Mehriban xan\u0131m \u018fliyevaya minn\u0259tdarl\u0131qlar\u0131n\u0131 bildiribl\u0259r.<\/p>\n<p>&nbsp;<\/p>\n<p><img loading=\"lazy\" src=\"http:\/\/yevlax-ih.gov.az\/userfiles\/images\/2fd1e78a-d1d1-44c2-9a89-1d4874cd2d84.jpg\" alt=\"\" width=\"656\" height=\"369\" \/><\/p>\n<p><img loading=\"lazy\" src=\"http:\/\/yevlax-ih.gov.az\/userfiles\/images\/99a6b887-5ee2-4d52-8218-c8649005a38c.jpg\" alt=\"\" width=\"656\" height=\"369\" \/><\/p>\n<p><img loading=\"lazy\" src=\"http:\/\/yevlax-ih.gov.az\/userfiles\/images\/e814de97-a283-48ff-9d46-14754fd43e17.jpg\" alt=\"\" width=\"656\" height=\"369\" \/><\/p>\n","protected":false},"excerpt":{"rendered":"<p>YAP Yevlax rayon t\u0259\u015fkilat\u0131n\u0131n t\u0259\u015f\u0259bb\u00fcs\u00fc il\u0259 torpaqlar\u0131m\u0131z\u0131n i\u015f\u011faldan azad olunmas\u0131 u\u011frundak\u0131 d\u00f6y\u00fc\u015fl\u0259rd\u0259 \u015f\u0259hid olmu\u015f q\u0259hr\u0259man o\u011fullar\u0131m\u0131z\u0131n \u0259ziz xatir\u0259sin\u0259 rayonun Malbin\u0259si k\u0259ndind\u0259 ucald\u0131lm\u0131\u015f Abid\u0259-Kompleksinin yenid\u0259nqurma i\u015fl\u0259ri ba\u015fa \u00e7atd\u0131r\u0131l\u0131b. Bu m\u00fcnasib\u0259tl\u0259 ke\u00e7iril\u0259n t\u0259dbird\u0259 Yevlax \u015e\u0259h\u0259r \u0130cra Hakimiyy\u0259tinin ba\u015f\u00e7\u0131s\u0131 Anar Ta\u011f\u0131yev, Milli M\u0259clisin deputat\u0131 \u0130lham M\u0259mm\u0259dov, YAP Yevlax rayon t\u0259\u015fkilat\u0131n\u0131n s\u0259dri Rafiq \u018fliyev, \u015f\u0259hidl\u0259rin ail\u0259 \u00fczvl\u0259ri v\u0259 k\u0259nd sakinl\u0259ri i\u015ftirak edibl\u0259r. T\u0259dbird\u0259 \u00e7\u0131x\u0131\u015f ed\u0259n Yevlax \u015e\u0259h\u0259r \u0130cra Hakimiyy\u0259tinin ba\u015f\u00e7\u0131s\u0131 Anar Ta\u011f\u0131yev torpaqlar\u0131m\u0131z\u0131n azadl\u0131\u011f\u0131 u\u011frunda h\u0259lak olmu\u015f \u015f\u0259hidl\u0259rin \u0259ziz xatir\u0259sinin xalq\u0131m\u0131z t\u0259r\u0259find\u0259n h\u0259mi\u015f\u0259 uca tutuldu\u011funu qeyd ed\u0259r\u0259k bildirdi ki, Silahl\u0131 Q\u00fcvv\u0259l\u0259rin Ali Ba\u015f Komandan\u0131&hellip;<\/p>\n","protected":false},"author":2,"featured_media":443750,"comment_status":"closed","ping_status":"closed","sticky":false,"template":"","format":"standard","meta":{"om_disable_all_campaigns":false,"_monsterinsights_skip_tracking":false,"_monsterinsights_sitenote_active":false,"_monsterinsights_sitenote_note":"","_monsterinsights_sitenote_category":0},"categories":[2],"tags":[],"aioseo_notices":[],"gutentor_comment":0,"rttpg_featured_image_url":{"full":["https:\/\/arantv.az\/wp-content\/uploads\/2022\/02\/3b856519a35aa9302a657e757e67d5a1.jpg",1024,576,false],"landscape":["https:\/\/arantv.az\/wp-content\/uploads\/2022\/02\/3b856519a35aa9302a657e757e67d5a1.jpg",1024,576,false],"portraits":["https:\/\/arantv.az\/wp-content\/uploads\/2022\/02\/3b856519a35aa9302a657e757e67d5a1.jpg",1024,576,false],"thumbnail":["https:\/\/arantv.az\/wp-content\/uploads\/2022\/02\/3b856519a35aa9302a657e757e67d5a1-500x280.jpg",500,280,true],"medium":["https:\/\/arantv.az\/wp-content\/uploads\/2022\/02\/3b856519a35aa9302a657e757e67d5a1-649x365.jpg",649,365,true],"large":["https:\/\/arantv.az\/wp-content\/uploads\/2022\/02\/3b856519a35aa9302a657e757e67d5a1-840x473.jpg",640,360,true],"1536x1536":["https:\/\/arantv.az\/wp-content\/uploads\/2022\/02\/3b856519a35aa9302a657e757e67d5a1.jpg",1024,576,false],"2048x2048":["https:\/\/arantv.az\/wp-content\/uploads\/2022\/02\/3b856519a35aa9302a657e757e67d5a1.jpg",1024,576,false],"post-thumbnail":["https:\/\/arantv.az\/wp-content\/uploads\/2022\/02\/3b856519a35aa9302a657e757e67d5a1-240x172.jpg",240,172,true],"advps-thumb-one":["https:\/\/arantv.az\/wp-content\/uploads\/2022\/02\/3b856519a35aa9302a657e757e67d5a1.jpg",1024,576,false]},"rttpg_author":{"display_name":"V\u00fcsal Rafiqo\u011flu","author_link":"https:\/\/arantv.az\/?author=2"},"rttpg_comment":0,"rttpg_category":"<a href=\"https:\/\/arantv.az\/?cat=2\" rel=\"category\">Region X\u0259b\u0259rl\u0259ri<\/a>","rttpg_excerpt":"YAP Yevlax rayon t\u0259\u015fkilat\u0131n\u0131n t\u0259\u015f\u0259bb\u00fcs\u00fc il\u0259 torpaqlar\u0131m\u0131z\u0131n i\u015f\u011faldan azad olunmas\u0131 u\u011frundak\u0131 d\u00f6y\u00fc\u015fl\u0259rd\u0259 \u015f\u0259hid olmu\u015f q\u0259hr\u0259man o\u011fullar\u0131m\u0131z\u0131n \u0259ziz xatir\u0259sin\u0259 rayonun Malbin\u0259si k\u0259ndind\u0259 ucald\u0131lm\u0131\u015f Abid\u0259-Kompleksinin yenid\u0259nqurma i\u015fl\u0259ri ba\u015fa \u00e7atd\u0131r\u0131l\u0131b. Bu m\u00fcnasib\u0259tl\u0259 ke\u00e7iril\u0259n t\u0259dbird\u0259 Yevlax \u015e\u0259h\u0259r \u0130cra Hakimiyy\u0259tinin ba\u015f\u00e7\u0131s\u0131 Anar Ta\u011f\u0131yev, Milli M\u0259clisin deputat\u0131 \u0130lham M\u0259mm\u0259dov, YAP Yevlax rayon t\u0259\u015fkilat\u0131n\u0131n s\u0259dri Rafiq \u018fliyev, \u015f\u0259hidl\u0259rin ail\u0259 \u00fczvl\u0259ri v\u0259 k\u0259nd&hellip;","_links":{"self":[{"href":"https:\/\/arantv.az\/index.php?rest_route=\/wp\/v2\/posts\/443749"}],"collection":[{"href":"https:\/\/arantv.az\/index.php?rest_route=\/wp\/v2\/posts"}],"about":[{"href":"https:\/\/arantv.az\/index.php?rest_route=\/wp\/v2\/types\/post"}],"author":[{"embeddable":true,"href":"https:\/\/arantv.az\/index.php?rest_route=\/wp\/v2\/users\/2"}],"replies":[{"embeddable":true,"href":"https:\/\/arantv.az\/index.php?rest_route=%2Fwp%2Fv2%2Fcomments&post=443749"}],"version-history":[{"count":0,"href":"https:\/\/arantv.az\/index.php?rest_route=\/wp\/v2\/posts\/443749\/revisions"}],"wp:featuredmedia":[{"embeddable":true,"href":"https:\/\/arantv.az\/index.php?rest_route=\/wp\/v2\/media\/443750"}],"wp:attachment":[{"href":"https:\/\/arantv.az\/index.php?rest_route=%2Fwp%2Fv2%2Fmedia&parent=443749"}],"wp:term":[{"taxonomy":"category","embeddable":true,"href":"https:\/\/arantv.az\/index.php?rest_route=%2Fwp%2Fv2%2Fcategories&post=443749"},{"taxonomy":"post_tag","embeddable":true,"href":"https:\/\/arantv.az\/index.php?rest_route=%2Fwp%2Fv2%2Ftags&post=443749"}],"curies":[{"name":"wp","href":"https:\/\/api.w.org\/{rel}","templated":true}]}}