{"id":443752,"date":"2022-02-24T15:58:53","date_gmt":"2022-02-24T12:58:53","guid":{"rendered":"http:\/\/arantv.az\/?p=443752"},"modified":"2022-02-24T15:58:53","modified_gmt":"2022-02-24T12:58:53","slug":"r%c9%99smi-ankara-rusiyani-bu-haqsiz-v%c9%99-huquqazidd-addimini-d%c9%99rhal-dayandirmaga-cagiririq","status":"publish","type":"post","link":"https:\/\/arantv.az\/?p=443752","title":{"rendered":"R\u0259smi Ankara: \u201cRusiyan\u0131 bu haqs\u0131z v\u0259 h\u00fcquqazidd add\u0131m\u0131n\u0131 d\u0259rhal dayand\u0131rma\u011fa \u00e7a\u011f\u0131r\u0131r\u0131q\u201d"},"content":{"rendered":"<p>\u201cRusiya Federasiyas\u0131 Silahl\u0131 Q\u00fcvv\u0259l\u0259ri t\u0259r\u0259find\u0259n Ukraynaya qar\u015f\u0131 ba\u015flad\u0131lan h\u0259rbi \u0259m\u0259liyyat\u0131 q\u0259buledilm\u0259z olaraq qiym\u0259tl\u0259ndirir v\u0259 r\u0259dd edirik\u201d.<\/p>\n<p>\u201cHaber Global\u201d\u0131n m\u0259lumat\u0131na g\u00f6r\u0259, bu bar\u0259d\u0259 T\u00fcrkiy\u0259 X\u0130N-in b\u0259yanat\u0131nda qeyd olunub.<\/p>\n<p>\u201cBu h\u00fccum Minsk raz\u0131la\u015fmalar\u0131n\u0131n aradan qald\u0131r\u0131lmas\u0131ndan \u0259lav\u0259 beyn\u0259lxalq h\u00fcququn pozulmas\u0131d\u0131r. B\u00f6lg\u0259mizin v\u0259 d\u00fcnyan\u0131n t\u0259hl\u00fck\u0259sizliyin\u0259 ciddi bir t\u0259hdid t\u0259\u015fkil edir. \u00d6lk\u0259l\u0259rin \u0259razi b\u00fct\u00f6vl\u00fcy\u00fc v\u0259 suverenliyin\u0259 h\u00f6rm\u0259tl\u0259 yana\u015f\u0131lmas\u0131n\u0131n vacibliyin\u0259 inanan T\u00fcrkiy\u0259 s\u0259rh\u0259dl\u0259rin silah yolu il\u0259 d\u0259yi\u015fdirilm\u0259sin\u0259 qar\u015f\u0131d\u0131r. Rusiya Federasiyas\u0131n\u0131n bu haqs\u0131z v\u0259 h\u00fcquqazidd add\u0131m\u0131n\u0131 d\u0259rhal dayand\u0131rma\u011fa \u00e7a\u011f\u0131r\u0131r\u0131q. Ukraynan\u0131n siyasi birliyi, suverenliyi v\u0259 \u0259razi b\u00fct\u00f6vl\u00fcy\u00fcn\u0259 d\u0259st\u0259yimiz davam ed\u0259c\u0259k\u201d, &#8211; dey\u0259 T\u00fcrkiy\u0259 X\u0130N-d\u0259n bildirilib.<\/p>\n","protected":false},"excerpt":{"rendered":"<p>\u201cRusiya Federasiyas\u0131 Silahl\u0131 Q\u00fcvv\u0259l\u0259ri t\u0259r\u0259find\u0259n Ukraynaya qar\u015f\u0131 ba\u015flad\u0131lan h\u0259rbi \u0259m\u0259liyyat\u0131 q\u0259buledilm\u0259z olaraq qiym\u0259tl\u0259ndirir v\u0259 r\u0259dd edirik\u201d. \u201cHaber Global\u201d\u0131n m\u0259lumat\u0131na g\u00f6r\u0259, bu bar\u0259d\u0259 T\u00fcrkiy\u0259 X\u0130N-in b\u0259yanat\u0131nda qeyd olunub. \u201cBu h\u00fccum Minsk raz\u0131la\u015fmalar\u0131n\u0131n aradan qald\u0131r\u0131lmas\u0131ndan \u0259lav\u0259 beyn\u0259lxalq h\u00fcququn pozulmas\u0131d\u0131r. B\u00f6lg\u0259mizin v\u0259 d\u00fcnyan\u0131n t\u0259hl\u00fck\u0259sizliyin\u0259 ciddi bir t\u0259hdid t\u0259\u015fkil edir. \u00d6lk\u0259l\u0259rin \u0259razi b\u00fct\u00f6vl\u00fcy\u00fc v\u0259 suverenliyin\u0259 h\u00f6rm\u0259tl\u0259 yana\u015f\u0131lmas\u0131n\u0131n vacibliyin\u0259 inanan T\u00fcrkiy\u0259 s\u0259rh\u0259dl\u0259rin silah yolu il\u0259 d\u0259yi\u015fdirilm\u0259sin\u0259 qar\u015f\u0131d\u0131r. Rusiya Federasiyas\u0131n\u0131n bu haqs\u0131z v\u0259 h\u00fcquqazidd add\u0131m\u0131n\u0131 d\u0259rhal dayand\u0131rma\u011fa \u00e7a\u011f\u0131r\u0131r\u0131q. Ukraynan\u0131n siyasi birliyi, suverenliyi v\u0259 \u0259razi b\u00fct\u00f6vl\u00fcy\u00fcn\u0259 d\u0259st\u0259yimiz davam ed\u0259c\u0259k\u201d, &#8211; dey\u0259 T\u00fcrkiy\u0259 X\u0130N-d\u0259n bildirilib.<\/p>\n","protected":false},"author":2,"featured_media":443753,"comment_status":"closed","ping_status":"closed","sticky":false,"template":"","format":"standard","meta":{"om_disable_all_campaigns":false,"_monsterinsights_skip_tracking":false,"_monsterinsights_sitenote_active":false,"_monsterinsights_sitenote_note":"","_monsterinsights_sitenote_category":0},"categories":[4],"tags":[],"aioseo_notices":[],"gutentor_comment":0,"rttpg_featured_image_url":{"full":["https:\/\/arantv.az\/wp-content\/uploads\/2022\/02\/FotoJet-2022-02-24T152847.795.jpg",620,413,false],"landscape":["https:\/\/arantv.az\/wp-content\/uploads\/2022\/02\/FotoJet-2022-02-24T152847.795.jpg",620,413,false],"portraits":["https:\/\/arantv.az\/wp-content\/uploads\/2022\/02\/FotoJet-2022-02-24T152847.795.jpg",620,413,false],"thumbnail":["https:\/\/arantv.az\/wp-content\/uploads\/2022\/02\/FotoJet-2022-02-24T152847.795-500x280.jpg",500,280,true],"medium":["https:\/\/arantv.az\/wp-content\/uploads\/2022\/02\/FotoJet-2022-02-24T152847.795-548x365.jpg",548,365,true],"large":["https:\/\/arantv.az\/wp-content\/uploads\/2022\/02\/FotoJet-2022-02-24T152847.795.jpg",620,413,false],"1536x1536":["https:\/\/arantv.az\/wp-content\/uploads\/2022\/02\/FotoJet-2022-02-24T152847.795.jpg",620,413,false],"2048x2048":["https:\/\/arantv.az\/wp-content\/uploads\/2022\/02\/FotoJet-2022-02-24T152847.795.jpg",620,413,false],"post-thumbnail":["https:\/\/arantv.az\/wp-content\/uploads\/2022\/02\/FotoJet-2022-02-24T152847.795-240x172.jpg",240,172,true],"advps-thumb-one":["https:\/\/arantv.az\/wp-content\/uploads\/2022\/02\/FotoJet-2022-02-24T152847.795.jpg",620,413,false]},"rttpg_author":{"display_name":"V\u00fcsal Rafiqo\u011flu","author_link":"https:\/\/arantv.az\/?author=2"},"rttpg_comment":0,"rttpg_category":"<a href=\"https:\/\/arantv.az\/?cat=4\" rel=\"category\">Siyas\u0259t<\/a>","rttpg_excerpt":"\u201cRusiya Federasiyas\u0131 Silahl\u0131 Q\u00fcvv\u0259l\u0259ri t\u0259r\u0259find\u0259n Ukraynaya qar\u015f\u0131 ba\u015flad\u0131lan h\u0259rbi \u0259m\u0259liyyat\u0131 q\u0259buledilm\u0259z olaraq qiym\u0259tl\u0259ndirir v\u0259 r\u0259dd edirik\u201d. \u201cHaber Global\u201d\u0131n m\u0259lumat\u0131na g\u00f6r\u0259, bu bar\u0259d\u0259 T\u00fcrkiy\u0259 X\u0130N-in b\u0259yanat\u0131nda qeyd olunub. \u201cBu h\u00fccum Minsk raz\u0131la\u015fmalar\u0131n\u0131n aradan qald\u0131r\u0131lmas\u0131ndan \u0259lav\u0259 beyn\u0259lxalq h\u00fcququn pozulmas\u0131d\u0131r. B\u00f6lg\u0259mizin v\u0259 d\u00fcnyan\u0131n t\u0259hl\u00fck\u0259sizliyin\u0259 ciddi bir t\u0259hdid t\u0259\u015fkil edir. \u00d6lk\u0259l\u0259rin \u0259razi b\u00fct\u00f6vl\u00fcy\u00fc v\u0259 suverenliyin\u0259 h\u00f6rm\u0259tl\u0259 yana\u015f\u0131lmas\u0131n\u0131n vacibliyin\u0259 inanan&hellip;","_links":{"self":[{"href":"https:\/\/arantv.az\/index.php?rest_route=\/wp\/v2\/posts\/443752"}],"collection":[{"href":"https:\/\/arantv.az\/index.php?rest_route=\/wp\/v2\/posts"}],"about":[{"href":"https:\/\/arantv.az\/index.php?rest_route=\/wp\/v2\/types\/post"}],"author":[{"embeddable":true,"href":"https:\/\/arantv.az\/index.php?rest_route=\/wp\/v2\/users\/2"}],"replies":[{"embeddable":true,"href":"https:\/\/arantv.az\/index.php?rest_route=%2Fwp%2Fv2%2Fcomments&post=443752"}],"version-history":[{"count":0,"href":"https:\/\/arantv.az\/index.php?rest_route=\/wp\/v2\/posts\/443752\/revisions"}],"wp:featuredmedia":[{"embeddable":true,"href":"https:\/\/arantv.az\/index.php?rest_route=\/wp\/v2\/media\/443753"}],"wp:attachment":[{"href":"https:\/\/arantv.az\/index.php?rest_route=%2Fwp%2Fv2%2Fmedia&parent=443752"}],"wp:term":[{"taxonomy":"category","embeddable":true,"href":"https:\/\/arantv.az\/index.php?rest_route=%2Fwp%2Fv2%2Fcategories&post=443752"},{"taxonomy":"post_tag","embeddable":true,"href":"https:\/\/arantv.az\/index.php?rest_route=%2Fwp%2Fv2%2Ftags&post=443752"}],"curies":[{"name":"wp","href":"https:\/\/api.w.org\/{rel}","templated":true}]}}