{"id":443755,"date":"2022-02-24T15:59:28","date_gmt":"2022-02-24T12:59:28","guid":{"rendered":"http:\/\/arantv.az\/?p=443755"},"modified":"2022-02-24T15:59:28","modified_gmt":"2022-02-24T12:59:28","slug":"ukraynadaki-az%c9%99rbaycanlilar-t%c9%99xliy%c9%99-edil%c9%99c%c9%99k-video","status":"publish","type":"post","link":"https:\/\/arantv.az\/?p=443755","title":{"rendered":"Ukraynadak\u0131 az\u0259rbaycanl\u0131lar t\u0259xliy\u0259 edil\u0259c\u0259k? &#8211; V\u0130DEO"},"content":{"rendered":"<article class=\"news\">\n<div class=\"news-inner\">\n<p>\u201cHaz\u0131rda biz Kiyevd\u0259 s\u0259firlikd\u0259yik. V\u0259ziyy\u0259tl\u0259 ba\u011fl\u0131 m\u0259tbuatdan m\u0259lumat al\u0131r\u0131q. A\u00e7\u0131\u011f\u0131\u00a0deyim ki, \u00e7ox dezinformasiyalar yay\u0131l\u0131r. Biz yaln\u0131z r\u0259smi m\u0259nb\u0259l\u0259rd\u0259 olan m\u0259lumatlar\u0131 izl\u0259yirik\u201d.<\/p>\n<p>Bu s\u00f6zl\u0259ri Az\u0259rbaycan\u0131n Ukraynadak\u0131 s\u0259firinin m\u00fc\u015faviri Sabir Rzayev deyib:<\/p>\n<div class=\"AdviadNativeVideo\"><\/div>\n<p>\u201cQar\u015f\u0131durma var. M\u00fcxt\u0259lif istiqam\u0259tl\u0259rd\u0259n, m\u00fcxt\u0259lif vilay\u0259tl\u0259rd\u0259n, t\u0259k \u015f\u0259rqd\u0259n yox, q\u0259rbd\u0259n d\u0259 h\u0259rbi obyektl\u0259rin bombalanmas\u0131 x\u0259b\u0259rl\u0259ri var\u201d.<\/p>\n<p>M\u00fc\u015favir Ukraynadak\u0131 az\u0259rbaycanl\u0131lar\u0131n t\u0259xliy\u0259 edilm\u0259si m\u0259s\u0259l\u0259sin\u0259 d\u0259 toxunub:<\/p>\n<p>\u201cN\u0259 q\u0259d\u0259r v\u0259t\u0259nda\u015f say\u0131 oldu\u011funu m\u00fc\u0259yy\u0259nl\u0259\u015fdirm\u0259y\u0259 \u00e7al\u0131\u015f\u0131r\u0131q. \u00c7\u00fcnki burada olan, daimi ya\u015fayan az\u0259rbaycanl\u0131lar \u00fczr\u0259 m\u00fc\u0259yy\u0259n m\u0259lumatlar var. Amma v\u0259t\u0259nda\u015flar\u0131n say\u0131 il\u0259 ba\u011fl\u0131 tam d\u0259qiq m\u0259lumat yoxdur\u201d.<\/p>\n<p>\u018ftrafl\u0131 s\u00fcjetd\u0259:<\/p>\n<div><iframe loading=\"lazy\" title=\"YouTube video player\" src=\"https:\/\/www.youtube.com\/embed\/G4wAZoCdXUU\" width=\"560\" height=\"315\" frameborder=\"0\" allowfullscreen=\"allowfullscreen\" data-mce-fragment=\"1\"><\/iframe><\/div>\n<\/div>\n<\/article>\n","protected":false},"excerpt":{"rendered":"<p>\u201cHaz\u0131rda biz Kiyevd\u0259 s\u0259firlikd\u0259yik. V\u0259ziyy\u0259tl\u0259 ba\u011fl\u0131 m\u0259tbuatdan m\u0259lumat al\u0131r\u0131q. A\u00e7\u0131\u011f\u0131\u00a0deyim ki, \u00e7ox dezinformasiyalar yay\u0131l\u0131r. Biz yaln\u0131z r\u0259smi m\u0259nb\u0259l\u0259rd\u0259 olan m\u0259lumatlar\u0131 izl\u0259yirik\u201d. Bu s\u00f6zl\u0259ri Az\u0259rbaycan\u0131n Ukraynadak\u0131 s\u0259firinin m\u00fc\u015faviri Sabir Rzayev deyib: \u201cQar\u015f\u0131durma var. M\u00fcxt\u0259lif istiqam\u0259tl\u0259rd\u0259n, m\u00fcxt\u0259lif vilay\u0259tl\u0259rd\u0259n, t\u0259k \u015f\u0259rqd\u0259n yox, q\u0259rbd\u0259n d\u0259 h\u0259rbi obyektl\u0259rin bombalanmas\u0131 x\u0259b\u0259rl\u0259ri var\u201d. M\u00fc\u015favir Ukraynadak\u0131 az\u0259rbaycanl\u0131lar\u0131n t\u0259xliy\u0259 edilm\u0259si m\u0259s\u0259l\u0259sin\u0259 d\u0259 toxunub: \u201cN\u0259 q\u0259d\u0259r v\u0259t\u0259nda\u015f say\u0131 oldu\u011funu m\u00fc\u0259yy\u0259nl\u0259\u015fdirm\u0259y\u0259 \u00e7al\u0131\u015f\u0131r\u0131q. \u00c7\u00fcnki burada olan, daimi ya\u015fayan az\u0259rbaycanl\u0131lar \u00fczr\u0259 m\u00fc\u0259yy\u0259n m\u0259lumatlar var. Amma v\u0259t\u0259nda\u015flar\u0131n say\u0131 il\u0259 ba\u011fl\u0131 tam d\u0259qiq m\u0259lumat yoxdur\u201d. \u018ftrafl\u0131 s\u00fcjetd\u0259:<\/p>\n","protected":false},"author":2,"featured_media":443756,"comment_status":"closed","ping_status":"closed","sticky":false,"template":"","format":"standard","meta":{"om_disable_all_campaigns":false,"_monsterinsights_skip_tracking":false,"_monsterinsights_sitenote_active":false,"_monsterinsights_sitenote_note":"","_monsterinsights_sitenote_category":0},"categories":[1],"tags":[],"aioseo_notices":[],"gutentor_comment":0,"rttpg_featured_image_url":{"full":["https:\/\/arantv.az\/wp-content\/uploads\/2022\/02\/fbf5c5ca-0492-483b-984d-e71cf9ca6ccf.jpg",620,413,false],"landscape":["https:\/\/arantv.az\/wp-content\/uploads\/2022\/02\/fbf5c5ca-0492-483b-984d-e71cf9ca6ccf.jpg",620,413,false],"portraits":["https:\/\/arantv.az\/wp-content\/uploads\/2022\/02\/fbf5c5ca-0492-483b-984d-e71cf9ca6ccf.jpg",620,413,false],"thumbnail":["https:\/\/arantv.az\/wp-content\/uploads\/2022\/02\/fbf5c5ca-0492-483b-984d-e71cf9ca6ccf-500x280.jpg",500,280,true],"medium":["https:\/\/arantv.az\/wp-content\/uploads\/2022\/02\/fbf5c5ca-0492-483b-984d-e71cf9ca6ccf-548x365.jpg",548,365,true],"large":["https:\/\/arantv.az\/wp-content\/uploads\/2022\/02\/fbf5c5ca-0492-483b-984d-e71cf9ca6ccf.jpg",620,413,false],"1536x1536":["https:\/\/arantv.az\/wp-content\/uploads\/2022\/02\/fbf5c5ca-0492-483b-984d-e71cf9ca6ccf.jpg",620,413,false],"2048x2048":["https:\/\/arantv.az\/wp-content\/uploads\/2022\/02\/fbf5c5ca-0492-483b-984d-e71cf9ca6ccf.jpg",620,413,false],"post-thumbnail":["https:\/\/arantv.az\/wp-content\/uploads\/2022\/02\/fbf5c5ca-0492-483b-984d-e71cf9ca6ccf-240x172.jpg",240,172,true],"advps-thumb-one":["https:\/\/arantv.az\/wp-content\/uploads\/2022\/02\/fbf5c5ca-0492-483b-984d-e71cf9ca6ccf.jpg",620,413,false]},"rttpg_author":{"display_name":"V\u00fcsal Rafiqo\u011flu","author_link":"https:\/\/arantv.az\/?author=2"},"rttpg_comment":0,"rttpg_category":"<a href=\"https:\/\/arantv.az\/?cat=1\" rel=\"category\">C\u0259miyy\u0259t<\/a>","rttpg_excerpt":"\u201cHaz\u0131rda biz Kiyevd\u0259 s\u0259firlikd\u0259yik. V\u0259ziyy\u0259tl\u0259 ba\u011fl\u0131 m\u0259tbuatdan m\u0259lumat al\u0131r\u0131q. A\u00e7\u0131\u011f\u0131\u00a0deyim ki, \u00e7ox dezinformasiyalar yay\u0131l\u0131r. Biz yaln\u0131z r\u0259smi m\u0259nb\u0259l\u0259rd\u0259 olan m\u0259lumatlar\u0131 izl\u0259yirik\u201d. Bu s\u00f6zl\u0259ri Az\u0259rbaycan\u0131n Ukraynadak\u0131 s\u0259firinin m\u00fc\u015faviri Sabir Rzayev deyib: \u201cQar\u015f\u0131durma var. M\u00fcxt\u0259lif istiqam\u0259tl\u0259rd\u0259n, m\u00fcxt\u0259lif vilay\u0259tl\u0259rd\u0259n, t\u0259k \u015f\u0259rqd\u0259n yox, q\u0259rbd\u0259n d\u0259 h\u0259rbi obyektl\u0259rin bombalanmas\u0131 x\u0259b\u0259rl\u0259ri var\u201d. M\u00fc\u015favir Ukraynadak\u0131 az\u0259rbaycanl\u0131lar\u0131n t\u0259xliy\u0259 edilm\u0259si m\u0259s\u0259l\u0259sin\u0259 d\u0259 toxunub: \u201cN\u0259&hellip;","_links":{"self":[{"href":"https:\/\/arantv.az\/index.php?rest_route=\/wp\/v2\/posts\/443755"}],"collection":[{"href":"https:\/\/arantv.az\/index.php?rest_route=\/wp\/v2\/posts"}],"about":[{"href":"https:\/\/arantv.az\/index.php?rest_route=\/wp\/v2\/types\/post"}],"author":[{"embeddable":true,"href":"https:\/\/arantv.az\/index.php?rest_route=\/wp\/v2\/users\/2"}],"replies":[{"embeddable":true,"href":"https:\/\/arantv.az\/index.php?rest_route=%2Fwp%2Fv2%2Fcomments&post=443755"}],"version-history":[{"count":0,"href":"https:\/\/arantv.az\/index.php?rest_route=\/wp\/v2\/posts\/443755\/revisions"}],"wp:featuredmedia":[{"embeddable":true,"href":"https:\/\/arantv.az\/index.php?rest_route=\/wp\/v2\/media\/443756"}],"wp:attachment":[{"href":"https:\/\/arantv.az\/index.php?rest_route=%2Fwp%2Fv2%2Fmedia&parent=443755"}],"wp:term":[{"taxonomy":"category","embeddable":true,"href":"https:\/\/arantv.az\/index.php?rest_route=%2Fwp%2Fv2%2Fcategories&post=443755"},{"taxonomy":"post_tag","embeddable":true,"href":"https:\/\/arantv.az\/index.php?rest_route=%2Fwp%2Fv2%2Ftags&post=443755"}],"curies":[{"name":"wp","href":"https:\/\/api.w.org\/{rel}","templated":true}]}}