{"id":443787,"date":"2022-02-24T18:14:26","date_gmt":"2022-02-24T15:14:26","guid":{"rendered":"http:\/\/arantv.az\/?p=443787"},"modified":"2022-02-24T18:14:26","modified_gmt":"2022-02-24T15:14:26","slug":"ikinci-dunya-muharib%c9%99sind%c9%99-volqoqradda-h%c9%99lak-olan-az%c9%99rbaycanlinin-qaliqlari-qaxa-g%c9%99tirilib","status":"publish","type":"post","link":"https:\/\/arantv.az\/?p=443787","title":{"rendered":"\u0130kinci D\u00fcnya m\u00fcharib\u0259sind\u0259 Volqoqradda h\u0259lak olan az\u0259rbaycanl\u0131n\u0131n qal\u0131qlar\u0131 Qaxa g\u0259tirilib"},"content":{"rendered":"<p>\u0130kinci D\u00fcnya m\u00fcharib\u0259si zaman\u0131 Rusiya Federasiyas\u0131n\u0131n Volqoqrad vilay\u0259tind\u0259 h\u0259lak olan az\u0259rbaycanl\u0131n\u0131n qal\u0131qlar\u0131 tap\u0131laraq Az\u0259rbaycana g\u0259tirilib.<\/p>\n<p>APA-n\u0131n\u00a0m\u0259lumat\u0131na g\u00f6r\u0259, bir ne\u00e7\u0259 g\u00fcn \u0259vv\u0259l Rusiya Federasiyas\u0131n\u0131n Volqoqrad vilay\u0259ti \u0259razisind\u0259 B\u00f6y\u00fck V\u0259t\u0259n M\u00fcharib\u0259si zaman\u0131 h\u0259lak olaraq qarda\u015fl\u0131q q\u0259biristanl\u0131\u011f\u0131nda d\u0259fn edil\u0259n nam\u0259lum \u0259sg\u0259rl\u0259rin q\u0259birl\u0259ri a\u00e7\u0131lan zaman q\u0259bird\u0259n \u00e7\u0131xan qal\u0131qlar\u0131n yan\u0131nda g\u00fcll\u0259 a\u015fkar edilib. Gilizin i\u00e7\u0259risind\u0259 \u00e7\u0131xan ad v\u0259 soyada \u0259sas\u0259n \u0259sg\u0259rin kimliyi m\u00fc\u0259yy\u0259n olunub. M\u0259lum olub ki, h\u0259min \u015f\u0259xs Az\u0259rbaycan\u0131n Qax rayonu G\u00fcll\u00fck k\u0259ndind\u0259 anadan olan Molla Quma\u015fovdur.<\/p>\n<p>Volqoqrad vilay\u0259tind\u0259 ya\u015fayan diaspor n\u00fcmay\u0259nd\u0259l\u0259rinin k\u00f6m\u0259kliyi il\u0259 Molla Quma\u015fovun qal\u0131qlar\u0131 Az\u0259rbaycana g\u0259tirilib. Onun qal\u0131qlar\u0131 do\u011fuldu\u011fu G\u00fcll\u00fck k\u0259ndinin q\u0259biristanl\u0131\u011f\u0131nda d\u0259fn edil\u0259c\u0259k.<\/p>\n","protected":false},"excerpt":{"rendered":"<p>\u0130kinci D\u00fcnya m\u00fcharib\u0259si zaman\u0131 Rusiya Federasiyas\u0131n\u0131n Volqoqrad vilay\u0259tind\u0259 h\u0259lak olan az\u0259rbaycanl\u0131n\u0131n qal\u0131qlar\u0131 tap\u0131laraq Az\u0259rbaycana g\u0259tirilib. APA-n\u0131n\u00a0m\u0259lumat\u0131na g\u00f6r\u0259, bir ne\u00e7\u0259 g\u00fcn \u0259vv\u0259l Rusiya Federasiyas\u0131n\u0131n Volqoqrad vilay\u0259ti \u0259razisind\u0259 B\u00f6y\u00fck V\u0259t\u0259n M\u00fcharib\u0259si zaman\u0131 h\u0259lak olaraq qarda\u015fl\u0131q q\u0259biristanl\u0131\u011f\u0131nda d\u0259fn edil\u0259n nam\u0259lum \u0259sg\u0259rl\u0259rin q\u0259birl\u0259ri a\u00e7\u0131lan zaman q\u0259bird\u0259n \u00e7\u0131xan qal\u0131qlar\u0131n yan\u0131nda g\u00fcll\u0259 a\u015fkar edilib. Gilizin i\u00e7\u0259risind\u0259 \u00e7\u0131xan ad v\u0259 soyada \u0259sas\u0259n \u0259sg\u0259rin kimliyi m\u00fc\u0259yy\u0259n olunub. M\u0259lum olub ki, h\u0259min \u015f\u0259xs Az\u0259rbaycan\u0131n Qax rayonu G\u00fcll\u00fck k\u0259ndind\u0259 anadan olan Molla Quma\u015fovdur. Volqoqrad vilay\u0259tind\u0259 ya\u015fayan diaspor n\u00fcmay\u0259nd\u0259l\u0259rinin k\u00f6m\u0259kliyi il\u0259 Molla Quma\u015fovun qal\u0131qlar\u0131 Az\u0259rbaycana g\u0259tirilib. Onun qal\u0131qlar\u0131 do\u011fuldu\u011fu G\u00fcll\u00fck k\u0259ndinin&hellip;<\/p>\n","protected":false},"author":2,"featured_media":443788,"comment_status":"closed","ping_status":"closed","sticky":false,"template":"","format":"standard","meta":{"om_disable_all_campaigns":false,"_monsterinsights_skip_tracking":false,"_monsterinsights_sitenote_active":false,"_monsterinsights_sitenote_note":"","_monsterinsights_sitenote_category":0},"categories":[1],"tags":[],"aioseo_notices":[],"gutentor_comment":0,"rttpg_featured_image_url":{"full":["https:\/\/arantv.az\/wp-content\/uploads\/2022\/02\/5fcd8103-b9df-47de-9c0f-d8b06c2a013f.jpg",620,413,false],"landscape":["https:\/\/arantv.az\/wp-content\/uploads\/2022\/02\/5fcd8103-b9df-47de-9c0f-d8b06c2a013f.jpg",620,413,false],"portraits":["https:\/\/arantv.az\/wp-content\/uploads\/2022\/02\/5fcd8103-b9df-47de-9c0f-d8b06c2a013f.jpg",620,413,false],"thumbnail":["https:\/\/arantv.az\/wp-content\/uploads\/2022\/02\/5fcd8103-b9df-47de-9c0f-d8b06c2a013f-500x280.jpg",500,280,true],"medium":["https:\/\/arantv.az\/wp-content\/uploads\/2022\/02\/5fcd8103-b9df-47de-9c0f-d8b06c2a013f-548x365.jpg",548,365,true],"large":["https:\/\/arantv.az\/wp-content\/uploads\/2022\/02\/5fcd8103-b9df-47de-9c0f-d8b06c2a013f.jpg",620,413,false],"1536x1536":["https:\/\/arantv.az\/wp-content\/uploads\/2022\/02\/5fcd8103-b9df-47de-9c0f-d8b06c2a013f.jpg",620,413,false],"2048x2048":["https:\/\/arantv.az\/wp-content\/uploads\/2022\/02\/5fcd8103-b9df-47de-9c0f-d8b06c2a013f.jpg",620,413,false],"post-thumbnail":["https:\/\/arantv.az\/wp-content\/uploads\/2022\/02\/5fcd8103-b9df-47de-9c0f-d8b06c2a013f-240x172.jpg",240,172,true],"advps-thumb-one":["https:\/\/arantv.az\/wp-content\/uploads\/2022\/02\/5fcd8103-b9df-47de-9c0f-d8b06c2a013f.jpg",620,413,false]},"rttpg_author":{"display_name":"V\u00fcsal Rafiqo\u011flu","author_link":"https:\/\/arantv.az\/?author=2"},"rttpg_comment":0,"rttpg_category":"<a href=\"https:\/\/arantv.az\/?cat=1\" rel=\"category\">C\u0259miyy\u0259t<\/a>","rttpg_excerpt":"\u0130kinci D\u00fcnya m\u00fcharib\u0259si zaman\u0131 Rusiya Federasiyas\u0131n\u0131n Volqoqrad vilay\u0259tind\u0259 h\u0259lak olan az\u0259rbaycanl\u0131n\u0131n qal\u0131qlar\u0131 tap\u0131laraq Az\u0259rbaycana g\u0259tirilib. APA-n\u0131n\u00a0m\u0259lumat\u0131na g\u00f6r\u0259, bir ne\u00e7\u0259 g\u00fcn \u0259vv\u0259l Rusiya Federasiyas\u0131n\u0131n Volqoqrad vilay\u0259ti \u0259razisind\u0259 B\u00f6y\u00fck V\u0259t\u0259n M\u00fcharib\u0259si zaman\u0131 h\u0259lak olaraq qarda\u015fl\u0131q q\u0259biristanl\u0131\u011f\u0131nda d\u0259fn edil\u0259n nam\u0259lum \u0259sg\u0259rl\u0259rin q\u0259birl\u0259ri a\u00e7\u0131lan zaman q\u0259bird\u0259n \u00e7\u0131xan qal\u0131qlar\u0131n yan\u0131nda g\u00fcll\u0259 a\u015fkar edilib. Gilizin i\u00e7\u0259risind\u0259 \u00e7\u0131xan ad v\u0259 soyada \u0259sas\u0259n&hellip;","_links":{"self":[{"href":"https:\/\/arantv.az\/index.php?rest_route=\/wp\/v2\/posts\/443787"}],"collection":[{"href":"https:\/\/arantv.az\/index.php?rest_route=\/wp\/v2\/posts"}],"about":[{"href":"https:\/\/arantv.az\/index.php?rest_route=\/wp\/v2\/types\/post"}],"author":[{"embeddable":true,"href":"https:\/\/arantv.az\/index.php?rest_route=\/wp\/v2\/users\/2"}],"replies":[{"embeddable":true,"href":"https:\/\/arantv.az\/index.php?rest_route=%2Fwp%2Fv2%2Fcomments&post=443787"}],"version-history":[{"count":0,"href":"https:\/\/arantv.az\/index.php?rest_route=\/wp\/v2\/posts\/443787\/revisions"}],"wp:featuredmedia":[{"embeddable":true,"href":"https:\/\/arantv.az\/index.php?rest_route=\/wp\/v2\/media\/443788"}],"wp:attachment":[{"href":"https:\/\/arantv.az\/index.php?rest_route=%2Fwp%2Fv2%2Fmedia&parent=443787"}],"wp:term":[{"taxonomy":"category","embeddable":true,"href":"https:\/\/arantv.az\/index.php?rest_route=%2Fwp%2Fv2%2Fcategories&post=443787"},{"taxonomy":"post_tag","embeddable":true,"href":"https:\/\/arantv.az\/index.php?rest_route=%2Fwp%2Fv2%2Ftags&post=443787"}],"curies":[{"name":"wp","href":"https:\/\/api.w.org\/{rel}","templated":true}]}}