{"id":443794,"date":"2022-02-24T18:17:43","date_gmt":"2022-02-24T15:17:43","guid":{"rendered":"http:\/\/arantv.az\/?p=443794"},"modified":"2022-02-24T18:17:43","modified_gmt":"2022-02-24T15:17:43","slug":"i%c9%99t-g%c9%99ncl%c9%99r-forumu-xocali-faci%c9%99sinin-beyn%c9%99lxalq-taninmasi-uzr%c9%99-unikal-kampaniya-kecirir","status":"publish","type":"post","link":"https:\/\/arantv.az\/?p=443794","title":{"rendered":"\u0130\u018fT G\u0259ncl\u0259r Forumu Xocal\u0131 faci\u0259sinin beyn\u0259lxalq tan\u0131nmas\u0131 \u00fczr\u0259 unikal kampaniya ke\u00e7irir"},"content":{"rendered":"<p>\u0130\u018fT G\u0259ncl\u0259r Forumu Avrasiya Regional M\u0259rk\u0259zi (\u0130\u018fGF-ARM) Erm\u0259nistan Ba\u015f nazirini Xocal\u0131 faci\u0259sini tan\u0131ma\u011fa d\u0259v\u0259t ed\u0259n \u201cKhojaly:RecognizeToReconcile\u201d (Xocal\u0131n\u0131 bar\u0131\u015f\u0131q \u00fc\u00e7\u00fcn etiraf et) adl\u0131 beyn\u0259lxalq t\u0259\u015f\u0259bb\u00fcs\u0259 d\u0259st\u0259yi davam etdirir v\u0259 ham\u0131n\u0131 bu t\u0259\u015f\u0259bb\u00fcs\u0259 qo\u015fulma\u011fa d\u0259v\u0259t edir.<\/p>\n<p>T\u0259\u015f\u0259bb\u00fcs\u0259 d\u0259st\u0259k verm\u0259k \u00fc\u00e7\u00fcn birinci add\u0131m &#8211;\u00a0 sosial \u015f\u0259b\u0259k\u0259l\u0259rd\u0259 (FB, Tvitter) Erm\u0259nistan Ba\u015f nazirinin @NikolPashinyan v\u0259 ombudsman\u0131n @atatoyan profilini tapmaq, ikinci add\u0131m &#8211;\u00a0son postlar\u0131n\u0131n \u015f\u0259rh yerin\u0259 iki s\u00f6z #Khojaly #RecognizeToReconcile yazmaq v\u0259 ya \u00f6z profilinizd\u0259 bu h\u0259\u015ft\u0259ql\u0259ri yazmaq v\u0259 Pa\u015finyanla ombudsman\u0131 t\u0259q etm\u0259k laz\u0131md\u0131r.<\/p>\n<div class=\"AdviadNativeVideo\"><\/div>\n<p>Bu kampaniyan\u0131n \u0259sas h\u0259d\u0259fi m\u00fcxt\u0259lif \u00f6lk\u0259l\u0259rd\u0259n olan insanlar\u0131n sosial \u015f\u0259b\u0259k\u0259l\u0259rd\u0259 Erm\u0259nistan Ba\u015f nazirini k\u00f6hn\u0259 Erm\u0259nistan hakimiyy\u0259tinin cinay\u0259tl\u0259rind\u0259n olan Xocal\u0131 soyq\u0131r\u0131m\u0131n\u0131 tan\u0131ma\u011fa \u00e7a\u011f\u0131rmaq v\u0259 bununla iki \u00f6lk\u0259 aras\u0131nda s\u00fclh\u0259 t\u00f6hf\u0259 verm\u0259y\u0259 d\u0259v\u0259t etm\u0259kdir.<\/p>\n<p>Bel\u0259 ki, 23 fevralda Avstriyan\u0131n paytaxt\u0131 Vyana \u015f\u0259h\u0259rind\u0259 ke\u00e7iril\u0259n \u201cS\u00fclh v\u0259 \u0259dal\u0259t\u201d beyn\u0259lxalq t\u0259dbirind\u0259 Macar\u0131stan\u0131n \u201cSoyq\u0131r\u0131m\u0131 v\u0259 K\u00fctl\u0259vi Q\u0131r\u011f\u0131nlar\u0131n Qar\u015f\u0131s\u0131n\u0131n Al\u0131nmas\u0131 \u00fczr\u0259 Budape\u015ft Beyn\u0259lxalq M\u0259rk\u0259zi\u201d s\u0259dri Georgi Tatar v\u0259 Bosniyan\u0131n \u201cSrebrennisa Memorial M\u0259rk\u0259zi\u201dnin direktor m\u00fcavini Amra Beqi\u00e7 &#8211;\u00a0Erm\u0259nistan\u0131n Xocal\u0131 soyq\u0131r\u0131m\u0131nda \u0259li olmayan indiki h\u00f6kum\u0259tinin Xocal\u0131 soyq\u0131r\u0131m\u0131n\u0131 tan\u0131mas\u0131n\u0131\u00a0 Erm\u0259nistanla Az\u0259rbaycan aras\u0131nda s\u00fclh \u00fc\u00e7\u00fcn \u0259n b\u00f6y\u00fck t\u00f6hf\u0259l\u0259rd\u0259n biri ola bil\u0259c\u0259yini qeyd edib, t\u0259dbir i\u015ftirak\u00e7\u0131lar\u0131 olan beyn\u0259lxalq beyin m\u0259rk\u0259zi n\u00fcmay\u0259nd\u0259l\u0259ri v\u0259 ekspertl\u0259r bu t\u0259\u015f\u0259bb\u00fcs\u00fc d\u0259st\u0259kl\u0259yibl\u0259r.<\/p>\n<p>Bu kampaniyan\u0131n beyn\u0259lxalq v\u00fcs\u0259t almas\u0131 v\u0259 daha \u00e7ox insana \u00e7atmas\u0131 m\u0259qs\u0259dil\u0259 \u0130\u018fGF-ARM el\u0259 h\u0259min g\u00fcn #Khojaly#RecognizeToReconcile\u201d t\u0259\u015f\u0259bb\u00fcs\u00fcn\u0259 beyn\u0259lxalq ictimai d\u0259st\u0259y\u0259 ba\u015flay\u0131b.<\/p>\n<p>Art\u0131q y\u00fczl\u0259rl\u0259 insan bu kampaniyaya qo\u015fularaq Erm\u0259nistan r\u0259hb\u0259rliyini Xocal\u0131 faci\u0259sini tan\u0131ma\u011fa \u00e7a\u011f\u0131r\u0131b. \u0130\u018fGF-ARM, h\u0259tta Erm\u0259nistan bu faci\u0259ni tan\u0131masa bel\u0259, t\u0259\u015f\u0259bb\u00fcs\u00fcn \u0259sil cinay\u0259tkar v\u0259 t\u0259cav\u00fczkar\u0131n kiml\u0259r oldu\u011funu bir daha beyn\u0259lxalq ictimaiyy\u0259t\u0259 \u00e7atd\u0131rma\u011fa xidm\u0259t ed\u0259c\u0259yini, bu aksiyan\u0131n Xocal\u0131 faci\u0259sinin 30 illiyi il\u0259 ba\u011fl\u0131 \u201cXocal\u0131ya \u018fdal\u0259t!\u201d beyn\u0259lxalq informasiya kampaniyas\u0131 daxilind\u0259 n\u00f6vb\u0259ti add\u0131m oldu\u011funu bildirib.<\/p>\n","protected":false},"excerpt":{"rendered":"<p>\u0130\u018fT G\u0259ncl\u0259r Forumu Avrasiya Regional M\u0259rk\u0259zi (\u0130\u018fGF-ARM) Erm\u0259nistan Ba\u015f nazirini Xocal\u0131 faci\u0259sini tan\u0131ma\u011fa d\u0259v\u0259t ed\u0259n \u201cKhojaly:RecognizeToReconcile\u201d (Xocal\u0131n\u0131 bar\u0131\u015f\u0131q \u00fc\u00e7\u00fcn etiraf et) adl\u0131 beyn\u0259lxalq t\u0259\u015f\u0259bb\u00fcs\u0259 d\u0259st\u0259yi davam etdirir v\u0259 ham\u0131n\u0131 bu t\u0259\u015f\u0259bb\u00fcs\u0259 qo\u015fulma\u011fa d\u0259v\u0259t edir. T\u0259\u015f\u0259bb\u00fcs\u0259 d\u0259st\u0259k verm\u0259k \u00fc\u00e7\u00fcn birinci add\u0131m &#8211;\u00a0 sosial \u015f\u0259b\u0259k\u0259l\u0259rd\u0259 (FB, Tvitter) Erm\u0259nistan Ba\u015f nazirinin @NikolPashinyan v\u0259 ombudsman\u0131n @atatoyan profilini tapmaq, ikinci add\u0131m &#8211;\u00a0son postlar\u0131n\u0131n \u015f\u0259rh yerin\u0259 iki s\u00f6z #Khojaly #RecognizeToReconcile yazmaq v\u0259 ya \u00f6z profilinizd\u0259 bu h\u0259\u015ft\u0259ql\u0259ri yazmaq v\u0259 Pa\u015finyanla ombudsman\u0131 t\u0259q etm\u0259k laz\u0131md\u0131r. Bu kampaniyan\u0131n \u0259sas h\u0259d\u0259fi m\u00fcxt\u0259lif \u00f6lk\u0259l\u0259rd\u0259n olan insanlar\u0131n sosial \u015f\u0259b\u0259k\u0259l\u0259rd\u0259 Erm\u0259nistan Ba\u015f&hellip;<\/p>\n","protected":false},"author":2,"featured_media":442614,"comment_status":"closed","ping_status":"closed","sticky":false,"template":"","format":"standard","meta":{"om_disable_all_campaigns":false,"_monsterinsights_skip_tracking":false,"_monsterinsights_sitenote_active":false,"_monsterinsights_sitenote_note":"","_monsterinsights_sitenote_category":0},"categories":[1],"tags":[],"aioseo_notices":[],"gutentor_comment":0,"rttpg_featured_image_url":{"full":["https:\/\/arantv.az\/wp-content\/uploads\/2022\/02\/xocali1.jpg",620,400,false],"landscape":["https:\/\/arantv.az\/wp-content\/uploads\/2022\/02\/xocali1.jpg",620,400,false],"portraits":["https:\/\/arantv.az\/wp-content\/uploads\/2022\/02\/xocali1.jpg",620,400,false],"thumbnail":["https:\/\/arantv.az\/wp-content\/uploads\/2022\/02\/xocali1-500x280.jpg",500,280,true],"medium":["https:\/\/arantv.az\/wp-content\/uploads\/2022\/02\/xocali1-566x365.jpg",566,365,true],"large":["https:\/\/arantv.az\/wp-content\/uploads\/2022\/02\/xocali1.jpg",620,400,false],"1536x1536":["https:\/\/arantv.az\/wp-content\/uploads\/2022\/02\/xocali1.jpg",620,400,false],"2048x2048":["https:\/\/arantv.az\/wp-content\/uploads\/2022\/02\/xocali1.jpg",620,400,false],"post-thumbnail":["https:\/\/arantv.az\/wp-content\/uploads\/2022\/02\/xocali1-240x172.jpg",240,172,true],"advps-thumb-one":["https:\/\/arantv.az\/wp-content\/uploads\/2022\/02\/xocali1.jpg",620,400,false]},"rttpg_author":{"display_name":"V\u00fcsal Rafiqo\u011flu","author_link":"https:\/\/arantv.az\/?author=2"},"rttpg_comment":0,"rttpg_category":"<a href=\"https:\/\/arantv.az\/?cat=1\" rel=\"category\">C\u0259miyy\u0259t<\/a>","rttpg_excerpt":"\u0130\u018fT G\u0259ncl\u0259r Forumu Avrasiya Regional M\u0259rk\u0259zi (\u0130\u018fGF-ARM) Erm\u0259nistan Ba\u015f nazirini Xocal\u0131 faci\u0259sini tan\u0131ma\u011fa d\u0259v\u0259t ed\u0259n \u201cKhojaly:RecognizeToReconcile\u201d (Xocal\u0131n\u0131 bar\u0131\u015f\u0131q \u00fc\u00e7\u00fcn etiraf et) adl\u0131 beyn\u0259lxalq t\u0259\u015f\u0259bb\u00fcs\u0259 d\u0259st\u0259yi davam etdirir v\u0259 ham\u0131n\u0131 bu t\u0259\u015f\u0259bb\u00fcs\u0259 qo\u015fulma\u011fa d\u0259v\u0259t edir. T\u0259\u015f\u0259bb\u00fcs\u0259 d\u0259st\u0259k verm\u0259k \u00fc\u00e7\u00fcn birinci add\u0131m &#8211;\u00a0 sosial \u015f\u0259b\u0259k\u0259l\u0259rd\u0259 (FB, Tvitter) Erm\u0259nistan Ba\u015f nazirinin @NikolPashinyan v\u0259 ombudsman\u0131n @atatoyan profilini tapmaq, ikinci&hellip;","_links":{"self":[{"href":"https:\/\/arantv.az\/index.php?rest_route=\/wp\/v2\/posts\/443794"}],"collection":[{"href":"https:\/\/arantv.az\/index.php?rest_route=\/wp\/v2\/posts"}],"about":[{"href":"https:\/\/arantv.az\/index.php?rest_route=\/wp\/v2\/types\/post"}],"author":[{"embeddable":true,"href":"https:\/\/arantv.az\/index.php?rest_route=\/wp\/v2\/users\/2"}],"replies":[{"embeddable":true,"href":"https:\/\/arantv.az\/index.php?rest_route=%2Fwp%2Fv2%2Fcomments&post=443794"}],"version-history":[{"count":0,"href":"https:\/\/arantv.az\/index.php?rest_route=\/wp\/v2\/posts\/443794\/revisions"}],"wp:featuredmedia":[{"embeddable":true,"href":"https:\/\/arantv.az\/index.php?rest_route=\/wp\/v2\/media\/442614"}],"wp:attachment":[{"href":"https:\/\/arantv.az\/index.php?rest_route=%2Fwp%2Fv2%2Fmedia&parent=443794"}],"wp:term":[{"taxonomy":"category","embeddable":true,"href":"https:\/\/arantv.az\/index.php?rest_route=%2Fwp%2Fv2%2Fcategories&post=443794"},{"taxonomy":"post_tag","embeddable":true,"href":"https:\/\/arantv.az\/index.php?rest_route=%2Fwp%2Fv2%2Ftags&post=443794"}],"curies":[{"name":"wp","href":"https:\/\/api.w.org\/{rel}","templated":true}]}}