{"id":443801,"date":"2022-02-24T20:21:35","date_gmt":"2022-02-24T17:21:35","guid":{"rendered":"http:\/\/arantv.az\/?p=443801"},"modified":"2022-02-24T20:21:35","modified_gmt":"2022-02-24T17:21:35","slug":"maya-sandu-ukraynadan-dord-mind%c9%99n-cox-qacqin-moldovaya-g%c9%99lib-foto","status":"publish","type":"post","link":"https:\/\/arantv.az\/?p=443801","title":{"rendered":"Maya Sandu: \u201cUkraynadan d\u00f6rd mind\u0259n \u00e7ox qa\u00e7q\u0131n Moldovaya g\u0259lib\u201d &#8211; FOTO"},"content":{"rendered":"<p>Ukraynadan olan d\u00f6rd mind\u0259n \u00e7ox qa\u00e7q\u0131n\u0131n art\u0131q Ukrayna il\u0259 Moldova d\u00f6vl\u0259t s\u0259rh\u0259dini ke\u00e7diyini bildirib.<\/p>\n<div class=\"AdviadNativeVideo\"><\/div>\n<p>Bu bar\u0259d\u0259 Moldova prezidenti Maya\u00a0Sandu \u00f6z\u00fcn\u00fcn \u201cTwitter\u201d s\u0259hif\u0259sind\u0259 yaz\u0131b.<\/p>\n<p>O qeyd edib ki, qa\u00e7q\u0131nlar Palanoki v\u0259 Oknitsa yax\u0131nl\u0131\u011f\u0131nda yerl\u0259\u015f\u0259n m\u00fcv\u0259qq\u0259ti ya\u015fay\u0131\u015f m\u0259rk\u0259zl\u0259rin\u0259 g\u00f6nd\u0259rilib.<\/p>\n<div>\n<div class=\"twitter-tweet twitter-tweet-rendered\"><iframe id=\"twitter-widget-0\" class=\"\" title=\"Twitter Tweet\" src=\"https:\/\/platform.twitter.com\/embed\/Tweet.html?creatorScreenName=oxuaz&amp;dnt=false&amp;embedId=twitter-widget-0&amp;features=eyJ0ZndfZXhwZXJpbWVudHNfY29va2llX2V4cGlyYXRpb24iOnsiYnVja2V0IjoxMjA5NjAwLCJ2ZXJzaW9uIjpudWxsfSwidGZ3X2hvcml6b25fdHdlZXRfZW1iZWRfOTU1NSI6eyJidWNrZXQiOiJodGUiLCJ2ZXJzaW9uIjpudWxsfSwidGZ3X3NwYWNlX2NhcmQiOnsiYnVja2V0Ijoib2ZmIiwidmVyc2lvbiI6bnVsbH19&amp;frame=false&amp;hideCard=false&amp;hideThread=false&amp;id=1496859315122147337&amp;lang=en&amp;origin=https%3A%2F%2Foxu.az%2Fworld%2F576657&amp;sessionId=bd5c386d9db11adc8adc1fbbf780847da4d3601f&amp;siteScreenName=oxuaz&amp;theme=light&amp;widgetsVersion=2582c61%3A1645036219416&amp;width=550px\" frameborder=\"0\" scrolling=\"no\" allowfullscreen=\"allowfullscreen\" data-tweet-id=\"1496859315122147337\" data-mce-fragment=\"1\"><\/iframe><\/div>\n<\/div>\n<p>&nbsp;<\/p>\n","protected":false},"excerpt":{"rendered":"<p>Ukraynadan olan d\u00f6rd mind\u0259n \u00e7ox qa\u00e7q\u0131n\u0131n art\u0131q Ukrayna il\u0259 Moldova d\u00f6vl\u0259t s\u0259rh\u0259dini ke\u00e7diyini bildirib. Bu bar\u0259d\u0259 Moldova prezidenti Maya\u00a0Sandu \u00f6z\u00fcn\u00fcn \u201cTwitter\u201d s\u0259hif\u0259sind\u0259 yaz\u0131b. O qeyd edib ki, qa\u00e7q\u0131nlar Palanoki v\u0259 Oknitsa yax\u0131nl\u0131\u011f\u0131nda yerl\u0259\u015f\u0259n m\u00fcv\u0259qq\u0259ti ya\u015fay\u0131\u015f m\u0259rk\u0259zl\u0259rin\u0259 g\u00f6nd\u0259rilib. &nbsp;<\/p>\n","protected":false},"author":2,"featured_media":443802,"comment_status":"closed","ping_status":"closed","sticky":false,"template":"","format":"standard","meta":{"om_disable_all_campaigns":false,"_monsterinsights_skip_tracking":false,"_monsterinsights_sitenote_active":false,"_monsterinsights_sitenote_note":"","_monsterinsights_sitenote_category":0},"categories":[7],"tags":[],"aioseo_notices":[],"gutentor_comment":0,"rttpg_featured_image_url":{"full":["https:\/\/arantv.az\/wp-content\/uploads\/2022\/02\/11.jpg",620,413,false],"landscape":["https:\/\/arantv.az\/wp-content\/uploads\/2022\/02\/11.jpg",620,413,false],"portraits":["https:\/\/arantv.az\/wp-content\/uploads\/2022\/02\/11.jpg",620,413,false],"thumbnail":["https:\/\/arantv.az\/wp-content\/uploads\/2022\/02\/11-500x280.jpg",500,280,true],"medium":["https:\/\/arantv.az\/wp-content\/uploads\/2022\/02\/11-548x365.jpg",548,365,true],"large":["https:\/\/arantv.az\/wp-content\/uploads\/2022\/02\/11.jpg",620,413,false],"1536x1536":["https:\/\/arantv.az\/wp-content\/uploads\/2022\/02\/11.jpg",620,413,false],"2048x2048":["https:\/\/arantv.az\/wp-content\/uploads\/2022\/02\/11.jpg",620,413,false],"post-thumbnail":["https:\/\/arantv.az\/wp-content\/uploads\/2022\/02\/11-240x172.jpg",240,172,true],"advps-thumb-one":["https:\/\/arantv.az\/wp-content\/uploads\/2022\/02\/11.jpg",620,413,false]},"rttpg_author":{"display_name":"V\u00fcsal Rafiqo\u011flu","author_link":"https:\/\/arantv.az\/?author=2"},"rttpg_comment":0,"rttpg_category":"<a href=\"https:\/\/arantv.az\/?cat=7\" rel=\"category\">D\u00fcnya<\/a>","rttpg_excerpt":"Ukraynadan olan d\u00f6rd mind\u0259n \u00e7ox qa\u00e7q\u0131n\u0131n art\u0131q Ukrayna il\u0259 Moldova d\u00f6vl\u0259t s\u0259rh\u0259dini ke\u00e7diyini bildirib. Bu bar\u0259d\u0259 Moldova prezidenti Maya\u00a0Sandu \u00f6z\u00fcn\u00fcn \u201cTwitter\u201d s\u0259hif\u0259sind\u0259 yaz\u0131b. O qeyd edib ki, qa\u00e7q\u0131nlar Palanoki v\u0259 Oknitsa yax\u0131nl\u0131\u011f\u0131nda yerl\u0259\u015f\u0259n m\u00fcv\u0259qq\u0259ti ya\u015fay\u0131\u015f m\u0259rk\u0259zl\u0259rin\u0259 g\u00f6nd\u0259rilib. &nbsp;","_links":{"self":[{"href":"https:\/\/arantv.az\/index.php?rest_route=\/wp\/v2\/posts\/443801"}],"collection":[{"href":"https:\/\/arantv.az\/index.php?rest_route=\/wp\/v2\/posts"}],"about":[{"href":"https:\/\/arantv.az\/index.php?rest_route=\/wp\/v2\/types\/post"}],"author":[{"embeddable":true,"href":"https:\/\/arantv.az\/index.php?rest_route=\/wp\/v2\/users\/2"}],"replies":[{"embeddable":true,"href":"https:\/\/arantv.az\/index.php?rest_route=%2Fwp%2Fv2%2Fcomments&post=443801"}],"version-history":[{"count":0,"href":"https:\/\/arantv.az\/index.php?rest_route=\/wp\/v2\/posts\/443801\/revisions"}],"wp:featuredmedia":[{"embeddable":true,"href":"https:\/\/arantv.az\/index.php?rest_route=\/wp\/v2\/media\/443802"}],"wp:attachment":[{"href":"https:\/\/arantv.az\/index.php?rest_route=%2Fwp%2Fv2%2Fmedia&parent=443801"}],"wp:term":[{"taxonomy":"category","embeddable":true,"href":"https:\/\/arantv.az\/index.php?rest_route=%2Fwp%2Fv2%2Fcategories&post=443801"},{"taxonomy":"post_tag","embeddable":true,"href":"https:\/\/arantv.az\/index.php?rest_route=%2Fwp%2Fv2%2Ftags&post=443801"}],"curies":[{"name":"wp","href":"https:\/\/api.w.org\/{rel}","templated":true}]}}