{"id":443819,"date":"2022-02-24T20:30:16","date_gmt":"2022-02-24T17:30:16","guid":{"rendered":"http:\/\/arantv.az\/?p=443819"},"modified":"2022-02-24T20:30:16","modified_gmt":"2022-02-24T17:30:16","slug":"az%c9%99rbaycanda-xususi-karantin-rejiminin-mudd%c9%99ti-uzadilib-r%c9%99smi","status":"publish","type":"post","link":"https:\/\/arantv.az\/?p=443819","title":{"rendered":"Az\u0259rbaycanda x\u00fcsusi karantin rejiminin m\u00fcdd\u0259ti uzad\u0131l\u0131b &#8211; R\u018fSM\u0130"},"content":{"rendered":"<p>Nazirl\u0259r Kabineti \u201cAz\u0259rbaycan Respublikas\u0131n\u0131n \u0259razisind\u0259 x\u00fcsusi karantin rejiminin m\u00fcdd\u0259tinin uzad\u0131lmas\u0131 bar\u0259d\u0259\u201d q\u0259rar q\u0259bul edib.<\/p>\n<div class=\"AdviadNativeVideo\"><\/div>\n<p><b>ARANTV.AZ <\/b>x\u0259b\u0259r verir ki, bununla ba\u011fl\u0131 Ba\u015f nazir \u018fli \u018fs\u0259dov q\u0259rar imzalay\u0131b.<\/p>\n<p>Q\u0259rara \u0259sas\u0259n, koronavirus (COVID-19) infeksiyas\u0131n\u0131n \u00f6lk\u0259 \u0259razisind\u0259 yay\u0131lmas\u0131n\u0131n, onun t\u00f6r\u0259d\u0259 bil\u0259c\u0259yi f\u0259sadlar\u0131n qar\u015f\u0131s\u0131n\u0131n al\u0131nmas\u0131 m\u0259qs\u0259dil\u0259 Az\u0259rbaycan \u0259razisind\u0259 x\u00fcsusi karantin rejiminin m\u00fcdd\u0259ti 2022-ci il may\u0131n 1-i saat 06:00-d\u0259k uzad\u0131l\u0131b.<\/p>\n<p>Qeyd ed\u0259k ki, bu m\u00fcdd\u0259t 2022-ci ilin mart\u0131n 1-d\u0259 ba\u015fa \u00e7at\u0131rd\u0131.<\/p>\n","protected":false},"excerpt":{"rendered":"<p>Nazirl\u0259r Kabineti \u201cAz\u0259rbaycan Respublikas\u0131n\u0131n \u0259razisind\u0259 x\u00fcsusi karantin rejiminin m\u00fcdd\u0259tinin uzad\u0131lmas\u0131 bar\u0259d\u0259\u201d q\u0259rar q\u0259bul edib. ARANTV.AZ x\u0259b\u0259r verir ki, bununla ba\u011fl\u0131 Ba\u015f nazir \u018fli \u018fs\u0259dov q\u0259rar imzalay\u0131b. Q\u0259rara \u0259sas\u0259n, koronavirus (COVID-19) infeksiyas\u0131n\u0131n \u00f6lk\u0259 \u0259razisind\u0259 yay\u0131lmas\u0131n\u0131n, onun t\u00f6r\u0259d\u0259 bil\u0259c\u0259yi f\u0259sadlar\u0131n qar\u015f\u0131s\u0131n\u0131n al\u0131nmas\u0131 m\u0259qs\u0259dil\u0259 Az\u0259rbaycan \u0259razisind\u0259 x\u00fcsusi karantin rejiminin m\u00fcdd\u0259ti 2022-ci il may\u0131n 1-i saat 06:00-d\u0259k uzad\u0131l\u0131b. Qeyd ed\u0259k ki, bu m\u00fcdd\u0259t 2022-ci ilin mart\u0131n 1-d\u0259 ba\u015fa \u00e7at\u0131rd\u0131.<\/p>\n","protected":false},"author":2,"featured_media":417975,"comment_status":"closed","ping_status":"closed","sticky":false,"template":"","format":"standard","meta":{"om_disable_all_campaigns":false,"_monsterinsights_skip_tracking":false,"_monsterinsights_sitenote_active":false,"_monsterinsights_sitenote_note":"","_monsterinsights_sitenote_category":0},"categories":[1],"tags":[],"aioseo_notices":[],"gutentor_comment":0,"rttpg_featured_image_url":{"full":["https:\/\/arantv.az\/wp-content\/uploads\/2021\/12\/karantin_23746645.jpg",750,499,false],"landscape":["https:\/\/arantv.az\/wp-content\/uploads\/2021\/12\/karantin_23746645.jpg",750,499,false],"portraits":["https:\/\/arantv.az\/wp-content\/uploads\/2021\/12\/karantin_23746645.jpg",750,499,false],"thumbnail":["https:\/\/arantv.az\/wp-content\/uploads\/2021\/12\/karantin_23746645-500x280.jpg",500,280,true],"medium":["https:\/\/arantv.az\/wp-content\/uploads\/2021\/12\/karantin_23746645-549x365.jpg",549,365,true],"large":["https:\/\/arantv.az\/wp-content\/uploads\/2021\/12\/karantin_23746645.jpg",640,426,false],"1536x1536":["https:\/\/arantv.az\/wp-content\/uploads\/2021\/12\/karantin_23746645.jpg",750,499,false],"2048x2048":["https:\/\/arantv.az\/wp-content\/uploads\/2021\/12\/karantin_23746645.jpg",750,499,false],"post-thumbnail":["https:\/\/arantv.az\/wp-content\/uploads\/2021\/12\/karantin_23746645-240x172.jpg",240,172,true],"advps-thumb-one":["https:\/\/arantv.az\/wp-content\/uploads\/2021\/12\/karantin_23746645.jpg",750,499,false]},"rttpg_author":{"display_name":"V\u00fcsal Rafiqo\u011flu","author_link":"https:\/\/arantv.az\/?author=2"},"rttpg_comment":0,"rttpg_category":"<a href=\"https:\/\/arantv.az\/?cat=1\" rel=\"category\">C\u0259miyy\u0259t<\/a>","rttpg_excerpt":"Nazirl\u0259r Kabineti \u201cAz\u0259rbaycan Respublikas\u0131n\u0131n \u0259razisind\u0259 x\u00fcsusi karantin rejiminin m\u00fcdd\u0259tinin uzad\u0131lmas\u0131 bar\u0259d\u0259\u201d q\u0259rar q\u0259bul edib. ARANTV.AZ x\u0259b\u0259r verir ki, bununla ba\u011fl\u0131 Ba\u015f nazir \u018fli \u018fs\u0259dov q\u0259rar imzalay\u0131b. Q\u0259rara \u0259sas\u0259n, koronavirus (COVID-19) infeksiyas\u0131n\u0131n \u00f6lk\u0259 \u0259razisind\u0259 yay\u0131lmas\u0131n\u0131n, onun t\u00f6r\u0259d\u0259 bil\u0259c\u0259yi f\u0259sadlar\u0131n qar\u015f\u0131s\u0131n\u0131n al\u0131nmas\u0131 m\u0259qs\u0259dil\u0259 Az\u0259rbaycan \u0259razisind\u0259 x\u00fcsusi karantin rejiminin m\u00fcdd\u0259ti 2022-ci il may\u0131n 1-i saat 06:00-d\u0259k uzad\u0131l\u0131b. Qeyd&hellip;","_links":{"self":[{"href":"https:\/\/arantv.az\/index.php?rest_route=\/wp\/v2\/posts\/443819"}],"collection":[{"href":"https:\/\/arantv.az\/index.php?rest_route=\/wp\/v2\/posts"}],"about":[{"href":"https:\/\/arantv.az\/index.php?rest_route=\/wp\/v2\/types\/post"}],"author":[{"embeddable":true,"href":"https:\/\/arantv.az\/index.php?rest_route=\/wp\/v2\/users\/2"}],"replies":[{"embeddable":true,"href":"https:\/\/arantv.az\/index.php?rest_route=%2Fwp%2Fv2%2Fcomments&post=443819"}],"version-history":[{"count":0,"href":"https:\/\/arantv.az\/index.php?rest_route=\/wp\/v2\/posts\/443819\/revisions"}],"wp:featuredmedia":[{"embeddable":true,"href":"https:\/\/arantv.az\/index.php?rest_route=\/wp\/v2\/media\/417975"}],"wp:attachment":[{"href":"https:\/\/arantv.az\/index.php?rest_route=%2Fwp%2Fv2%2Fmedia&parent=443819"}],"wp:term":[{"taxonomy":"category","embeddable":true,"href":"https:\/\/arantv.az\/index.php?rest_route=%2Fwp%2Fv2%2Fcategories&post=443819"},{"taxonomy":"post_tag","embeddable":true,"href":"https:\/\/arantv.az\/index.php?rest_route=%2Fwp%2Fv2%2Ftags&post=443819"}],"curies":[{"name":"wp","href":"https:\/\/api.w.org\/{rel}","templated":true}]}}