{"id":443821,"date":"2022-02-24T20:33:26","date_gmt":"2022-02-24T17:33:26","guid":{"rendered":"http:\/\/arantv.az\/?p=443821"},"modified":"2022-02-24T20:33:26","modified_gmt":"2022-02-24T17:33:26","slug":"az%c9%99rbaycanla-rusiya-arasinda-quru-s%c9%99rh%c9%99d-acilir-aciqlama","status":"publish","type":"post","link":"https:\/\/arantv.az\/?p=443821","title":{"rendered":"Az\u0259rbaycanla Rusiya aras\u0131nda quru s\u0259rh\u0259d a\u00e7\u0131l\u0131r? &#8211; A\u00c7IQLAMA"},"content":{"rendered":"<p>Sosial \u015f\u0259b\u0259k\u0259l\u0259rd\u0259 Az\u0259rbaycanla Rusiya aras\u0131nda quru s\u0259rh\u0259dl\u0259rin a\u00e7\u0131lmas\u0131 il\u0259 ba\u011fl\u0131 g\u00f6r\u00fcnt\u00fcl\u0259r yay\u0131l\u0131b.<\/p>\n<div class=\"AdviadNativeVideo\"><\/div>\n<p>Videog\u00f6r\u00fcnt\u00fcl\u0259rd\u0259 \u201cSamur\u201d s\u0259rh\u0259d ke\u00e7id m\u0259nt\u0259q\u0259sind\u0259n v\u0259t\u0259nda\u015flar\u0131n rahat \u015f\u0259kild\u0259 ke\u00e7\u0259r\u0259k Az\u0259rbaycana v\u0259 qar\u015f\u0131 t\u0259r\u0259f\u0259 h\u0259r\u0259k\u0259t etdiyi g\u00f6r\u00fcn\u00fcr.<\/p>\n<p>M\u0259s\u0259l\u0259 il\u0259 ba\u011fl\u0131 Nazirl\u0259r Kabinetinin M\u0259tbuat xidm\u0259tinin r\u0259hb\u0259ri \u0130brahim M\u0259mm\u0259dov\u00a0Trend-in sor\u011fusuna cavab olaraq bildirib ki, quru s\u0259rh\u0259dl\u0259rin a\u00e7\u0131lmas\u0131 il\u0259 ba\u011fl\u0131 m\u0259lumat yoxdur.<\/p>\n<p>\u201cBu bar\u0259d\u0259 he\u00e7 n\u0259 bilmir\u0259m. M\u0259nd\u0259 bu bar\u0259d\u0259 m\u0259lumat yoxdur\u201d, &#8211; dey\u0259 \u0130.M\u0259mm\u0259dov bildirib.<\/p>\n<p>Xat\u0131rladaq ki, Az\u0259rbaycan v\u0259 Rusiya Federasiyas\u0131 aras\u0131nda quru s\u0259rh\u0259dl\u0259r 31 mart 2020-ci il tarixind\u0259n etibar\u0259n ba\u011flan\u0131b.<\/p>\n","protected":false},"excerpt":{"rendered":"<p>Sosial \u015f\u0259b\u0259k\u0259l\u0259rd\u0259 Az\u0259rbaycanla Rusiya aras\u0131nda quru s\u0259rh\u0259dl\u0259rin a\u00e7\u0131lmas\u0131 il\u0259 ba\u011fl\u0131 g\u00f6r\u00fcnt\u00fcl\u0259r yay\u0131l\u0131b. Videog\u00f6r\u00fcnt\u00fcl\u0259rd\u0259 \u201cSamur\u201d s\u0259rh\u0259d ke\u00e7id m\u0259nt\u0259q\u0259sind\u0259n v\u0259t\u0259nda\u015flar\u0131n rahat \u015f\u0259kild\u0259 ke\u00e7\u0259r\u0259k Az\u0259rbaycana v\u0259 qar\u015f\u0131 t\u0259r\u0259f\u0259 h\u0259r\u0259k\u0259t etdiyi g\u00f6r\u00fcn\u00fcr. M\u0259s\u0259l\u0259 il\u0259 ba\u011fl\u0131 Nazirl\u0259r Kabinetinin M\u0259tbuat xidm\u0259tinin r\u0259hb\u0259ri \u0130brahim M\u0259mm\u0259dov\u00a0Trend-in sor\u011fusuna cavab olaraq bildirib ki, quru s\u0259rh\u0259dl\u0259rin a\u00e7\u0131lmas\u0131 il\u0259 ba\u011fl\u0131 m\u0259lumat yoxdur. \u201cBu bar\u0259d\u0259 he\u00e7 n\u0259 bilmir\u0259m. M\u0259nd\u0259 bu bar\u0259d\u0259 m\u0259lumat yoxdur\u201d, &#8211; dey\u0259 \u0130.M\u0259mm\u0259dov bildirib. Xat\u0131rladaq ki, Az\u0259rbaycan v\u0259 Rusiya Federasiyas\u0131 aras\u0131nda quru s\u0259rh\u0259dl\u0259r 31 mart 2020-ci il tarixind\u0259n etibar\u0259n ba\u011flan\u0131b.<\/p>\n","protected":false},"author":2,"featured_media":443822,"comment_status":"closed","ping_status":"closed","sticky":false,"template":"","format":"standard","meta":{"om_disable_all_campaigns":false,"_monsterinsights_skip_tracking":false,"_monsterinsights_sitenote_active":false,"_monsterinsights_sitenote_note":"","_monsterinsights_sitenote_category":0},"categories":[1],"tags":[],"aioseo_notices":[],"gutentor_comment":0,"rttpg_featured_image_url":{"full":["https:\/\/arantv.az\/wp-content\/uploads\/2022\/02\/58026c0d-c77a-4d15-b5ed-5bb4e9ce710c_930.jpg",620,419,false],"landscape":["https:\/\/arantv.az\/wp-content\/uploads\/2022\/02\/58026c0d-c77a-4d15-b5ed-5bb4e9ce710c_930.jpg",620,419,false],"portraits":["https:\/\/arantv.az\/wp-content\/uploads\/2022\/02\/58026c0d-c77a-4d15-b5ed-5bb4e9ce710c_930.jpg",620,419,false],"thumbnail":["https:\/\/arantv.az\/wp-content\/uploads\/2022\/02\/58026c0d-c77a-4d15-b5ed-5bb4e9ce710c_930-500x280.jpg",500,280,true],"medium":["https:\/\/arantv.az\/wp-content\/uploads\/2022\/02\/58026c0d-c77a-4d15-b5ed-5bb4e9ce710c_930-540x365.jpg",540,365,true],"large":["https:\/\/arantv.az\/wp-content\/uploads\/2022\/02\/58026c0d-c77a-4d15-b5ed-5bb4e9ce710c_930.jpg",620,419,false],"1536x1536":["https:\/\/arantv.az\/wp-content\/uploads\/2022\/02\/58026c0d-c77a-4d15-b5ed-5bb4e9ce710c_930.jpg",620,419,false],"2048x2048":["https:\/\/arantv.az\/wp-content\/uploads\/2022\/02\/58026c0d-c77a-4d15-b5ed-5bb4e9ce710c_930.jpg",620,419,false],"post-thumbnail":["https:\/\/arantv.az\/wp-content\/uploads\/2022\/02\/58026c0d-c77a-4d15-b5ed-5bb4e9ce710c_930-240x172.jpg",240,172,true],"advps-thumb-one":["https:\/\/arantv.az\/wp-content\/uploads\/2022\/02\/58026c0d-c77a-4d15-b5ed-5bb4e9ce710c_930.jpg",620,419,false]},"rttpg_author":{"display_name":"V\u00fcsal Rafiqo\u011flu","author_link":"https:\/\/arantv.az\/?author=2"},"rttpg_comment":0,"rttpg_category":"<a href=\"https:\/\/arantv.az\/?cat=1\" rel=\"category\">C\u0259miyy\u0259t<\/a>","rttpg_excerpt":"Sosial \u015f\u0259b\u0259k\u0259l\u0259rd\u0259 Az\u0259rbaycanla Rusiya aras\u0131nda quru s\u0259rh\u0259dl\u0259rin a\u00e7\u0131lmas\u0131 il\u0259 ba\u011fl\u0131 g\u00f6r\u00fcnt\u00fcl\u0259r yay\u0131l\u0131b. Videog\u00f6r\u00fcnt\u00fcl\u0259rd\u0259 \u201cSamur\u201d s\u0259rh\u0259d ke\u00e7id m\u0259nt\u0259q\u0259sind\u0259n v\u0259t\u0259nda\u015flar\u0131n rahat \u015f\u0259kild\u0259 ke\u00e7\u0259r\u0259k Az\u0259rbaycana v\u0259 qar\u015f\u0131 t\u0259r\u0259f\u0259 h\u0259r\u0259k\u0259t etdiyi g\u00f6r\u00fcn\u00fcr. M\u0259s\u0259l\u0259 il\u0259 ba\u011fl\u0131 Nazirl\u0259r Kabinetinin M\u0259tbuat xidm\u0259tinin r\u0259hb\u0259ri \u0130brahim M\u0259mm\u0259dov\u00a0Trend-in sor\u011fusuna cavab olaraq bildirib ki, quru s\u0259rh\u0259dl\u0259rin a\u00e7\u0131lmas\u0131 il\u0259 ba\u011fl\u0131 m\u0259lumat yoxdur. \u201cBu bar\u0259d\u0259 he\u00e7 n\u0259 bilmir\u0259m.&hellip;","_links":{"self":[{"href":"https:\/\/arantv.az\/index.php?rest_route=\/wp\/v2\/posts\/443821"}],"collection":[{"href":"https:\/\/arantv.az\/index.php?rest_route=\/wp\/v2\/posts"}],"about":[{"href":"https:\/\/arantv.az\/index.php?rest_route=\/wp\/v2\/types\/post"}],"author":[{"embeddable":true,"href":"https:\/\/arantv.az\/index.php?rest_route=\/wp\/v2\/users\/2"}],"replies":[{"embeddable":true,"href":"https:\/\/arantv.az\/index.php?rest_route=%2Fwp%2Fv2%2Fcomments&post=443821"}],"version-history":[{"count":0,"href":"https:\/\/arantv.az\/index.php?rest_route=\/wp\/v2\/posts\/443821\/revisions"}],"wp:featuredmedia":[{"embeddable":true,"href":"https:\/\/arantv.az\/index.php?rest_route=\/wp\/v2\/media\/443822"}],"wp:attachment":[{"href":"https:\/\/arantv.az\/index.php?rest_route=%2Fwp%2Fv2%2Fmedia&parent=443821"}],"wp:term":[{"taxonomy":"category","embeddable":true,"href":"https:\/\/arantv.az\/index.php?rest_route=%2Fwp%2Fv2%2Fcategories&post=443821"},{"taxonomy":"post_tag","embeddable":true,"href":"https:\/\/arantv.az\/index.php?rest_route=%2Fwp%2Fv2%2Ftags&post=443821"}],"curies":[{"name":"wp","href":"https:\/\/api.w.org\/{rel}","templated":true}]}}