{"id":443824,"date":"2022-02-24T20:36:28","date_gmt":"2022-02-24T17:36:28","guid":{"rendered":"http:\/\/arantv.az\/?p=443824"},"modified":"2022-02-24T20:36:28","modified_gmt":"2022-02-24T17:36:28","slug":"ilham-%c9%99liyev-avstriya-prezidentini-t%c9%99brik-edib","status":"publish","type":"post","link":"https:\/\/arantv.az\/?p=443824","title":{"rendered":"\u0130lham \u018fliyev Avstriya Prezidentini t\u0259brik edib"},"content":{"rendered":"<p>Az\u0259rbaycan Respublikas\u0131n\u0131n Prezidenti \u0130lham \u018fliyev Avstriya Respublikas\u0131n\u0131n Federal Prezidenti Aleksander Van der Bellen\u0259 t\u0259brik m\u0259ktubu \u00fcnvanlay\u0131b.<\/p>\n<p>H\u00f6rm\u0259tli c\u0259nab Federal Prezident,<\/p>\n<p>Az\u0259rbaycan Respublikas\u0131 il\u0259 Avstriya Respublikas\u0131 aras\u0131nda diplomatik m\u00fcnasib\u0259tl\u0259rin qurulmas\u0131n\u0131n 30-cu ild\u00f6n\u00fcm\u00fc il\u0259 \u0259laq\u0259dar t\u0259brik m\u0259ktubunuza g\u00f6r\u0259 t\u0259\u015f\u0259kk\u00fcr edir\u0259m. M\u0259n d\u0259 \u00f6z n\u00f6vb\u0259md\u0259 ikit\u0259r\u0259fli \u0259laq\u0259l\u0259rimizd\u0259 bu \u0259lam\u0259tdar tarix m\u00fcnasib\u0259til\u0259 Sizi v\u0259 xalq\u0131n\u0131z\u0131 \u015f\u0259xs\u0259n \u00f6z ad\u0131mdan v\u0259 Az\u0259rbaycan xalq\u0131 ad\u0131ndan s\u0259mimi-q\u0259lbd\u0259n t\u0259brik edir v\u0259 xo\u015f arzular\u0131m\u0131 yetirir\u0259m.<\/p>\n<p>\u00d6t\u0259n d\u00f6vr \u0259rzind\u0259 \u00f6lk\u0259l\u0259rimiz aras\u0131nda formala\u015fm\u0131\u015f dostluq m\u00fcnasib\u0259tl\u0259rinin m\u00f6vcud v\u0259ziyy\u0259ti m\u0259mnunluq do\u011furur. Siyasi, ticari, iqtisadi, m\u0259d\u0259ni v\u0259 dig\u0259r sah\u0259l\u0259rd\u0259 \u0259m\u0259kda\u015fl\u0131\u011f\u0131m\u0131z d\u00f6vl\u0259tl\u0259rimizin maraqlar\u0131na v\u0259 xalqlar\u0131m\u0131z\u0131n m\u0259nafel\u0259rin\u0259 xidm\u0259t edir.<\/p>\n<p>\u0130nan\u0131ram ki, sa\u011flam t\u0259m\u0259l \u00fcz\u0259rind\u0259 qurulmu\u015f \u0259n\u0259n\u0259vi dostluq \u0259laq\u0259l\u0259rimiz v\u0259 qar\u015f\u0131l\u0131ql\u0131 maraq do\u011furan \u0259m\u0259kda\u015fl\u0131\u011f\u0131m\u0131z ist\u0259r ikit\u0259r\u0259fli qaydada, ist\u0259rs\u0259 d\u0259 beyn\u0259lxalq strukturlar \u00e7\u0259r\u00e7iv\u0259sind\u0259 bundan sonra da inki\u015faf ed\u0259c\u0259k v\u0259 geni\u015fl\u0259n\u0259c\u0259kdir.<\/p>\n<p>Siz\u0259 m\u00f6hk\u0259m cansa\u011fl\u0131\u011f\u0131, i\u015fl\u0259rinizd\u0259 u\u011furlar, dost Avstriya xalq\u0131na daim rifah arzulay\u0131ram.<\/p>\n","protected":false},"excerpt":{"rendered":"<p>Az\u0259rbaycan Respublikas\u0131n\u0131n Prezidenti \u0130lham \u018fliyev Avstriya Respublikas\u0131n\u0131n Federal Prezidenti Aleksander Van der Bellen\u0259 t\u0259brik m\u0259ktubu \u00fcnvanlay\u0131b. H\u00f6rm\u0259tli c\u0259nab Federal Prezident, Az\u0259rbaycan Respublikas\u0131 il\u0259 Avstriya Respublikas\u0131 aras\u0131nda diplomatik m\u00fcnasib\u0259tl\u0259rin qurulmas\u0131n\u0131n 30-cu ild\u00f6n\u00fcm\u00fc il\u0259 \u0259laq\u0259dar t\u0259brik m\u0259ktubunuza g\u00f6r\u0259 t\u0259\u015f\u0259kk\u00fcr edir\u0259m. M\u0259n d\u0259 \u00f6z n\u00f6vb\u0259md\u0259 ikit\u0259r\u0259fli \u0259laq\u0259l\u0259rimizd\u0259 bu \u0259lam\u0259tdar tarix m\u00fcnasib\u0259til\u0259 Sizi v\u0259 xalq\u0131n\u0131z\u0131 \u015f\u0259xs\u0259n \u00f6z ad\u0131mdan v\u0259 Az\u0259rbaycan xalq\u0131 ad\u0131ndan s\u0259mimi-q\u0259lbd\u0259n t\u0259brik edir v\u0259 xo\u015f arzular\u0131m\u0131 yetirir\u0259m. \u00d6t\u0259n d\u00f6vr \u0259rzind\u0259 \u00f6lk\u0259l\u0259rimiz aras\u0131nda formala\u015fm\u0131\u015f dostluq m\u00fcnasib\u0259tl\u0259rinin m\u00f6vcud v\u0259ziyy\u0259ti m\u0259mnunluq do\u011furur. Siyasi, ticari, iqtisadi, m\u0259d\u0259ni v\u0259 dig\u0259r sah\u0259l\u0259rd\u0259 \u0259m\u0259kda\u015fl\u0131\u011f\u0131m\u0131z d\u00f6vl\u0259tl\u0259rimizin maraqlar\u0131na v\u0259 xalqlar\u0131m\u0131z\u0131n m\u0259nafel\u0259rin\u0259&hellip;<\/p>\n","protected":false},"author":2,"featured_media":443825,"comment_status":"closed","ping_status":"closed","sticky":false,"template":"","format":"standard","meta":{"om_disable_all_campaigns":false,"_monsterinsights_skip_tracking":false,"_monsterinsights_sitenote_active":false,"_monsterinsights_sitenote_note":"","_monsterinsights_sitenote_category":0},"categories":[4],"tags":[],"aioseo_notices":[],"gutentor_comment":0,"rttpg_featured_image_url":{"full":["https:\/\/arantv.az\/wp-content\/uploads\/2022\/02\/8d9fc230164517155083338343810803132.jpg",975,540,false],"landscape":["https:\/\/arantv.az\/wp-content\/uploads\/2022\/02\/8d9fc230164517155083338343810803132.jpg",975,540,false],"portraits":["https:\/\/arantv.az\/wp-content\/uploads\/2022\/02\/8d9fc230164517155083338343810803132.jpg",975,540,false],"thumbnail":["https:\/\/arantv.az\/wp-content\/uploads\/2022\/02\/8d9fc230164517155083338343810803132-500x280.jpg",500,280,true],"medium":["https:\/\/arantv.az\/wp-content\/uploads\/2022\/02\/8d9fc230164517155083338343810803132-660x365.jpg",660,365,true],"large":["https:\/\/arantv.az\/wp-content\/uploads\/2022\/02\/8d9fc230164517155083338343810803132-840x465.jpg",640,354,true],"1536x1536":["https:\/\/arantv.az\/wp-content\/uploads\/2022\/02\/8d9fc230164517155083338343810803132.jpg",975,540,false],"2048x2048":["https:\/\/arantv.az\/wp-content\/uploads\/2022\/02\/8d9fc230164517155083338343810803132.jpg",975,540,false],"post-thumbnail":["https:\/\/arantv.az\/wp-content\/uploads\/2022\/02\/8d9fc230164517155083338343810803132-240x172.jpg",240,172,true],"advps-thumb-one":["https:\/\/arantv.az\/wp-content\/uploads\/2022\/02\/8d9fc230164517155083338343810803132.jpg",975,540,false]},"rttpg_author":{"display_name":"V\u00fcsal Rafiqo\u011flu","author_link":"https:\/\/arantv.az\/?author=2"},"rttpg_comment":0,"rttpg_category":"<a href=\"https:\/\/arantv.az\/?cat=4\" rel=\"category\">Siyas\u0259t<\/a>","rttpg_excerpt":"Az\u0259rbaycan Respublikas\u0131n\u0131n Prezidenti \u0130lham \u018fliyev Avstriya Respublikas\u0131n\u0131n Federal Prezidenti Aleksander Van der Bellen\u0259 t\u0259brik m\u0259ktubu \u00fcnvanlay\u0131b. H\u00f6rm\u0259tli c\u0259nab Federal Prezident, Az\u0259rbaycan Respublikas\u0131 il\u0259 Avstriya Respublikas\u0131 aras\u0131nda diplomatik m\u00fcnasib\u0259tl\u0259rin qurulmas\u0131n\u0131n 30-cu ild\u00f6n\u00fcm\u00fc il\u0259 \u0259laq\u0259dar t\u0259brik m\u0259ktubunuza g\u00f6r\u0259 t\u0259\u015f\u0259kk\u00fcr edir\u0259m. M\u0259n d\u0259 \u00f6z n\u00f6vb\u0259md\u0259 ikit\u0259r\u0259fli \u0259laq\u0259l\u0259rimizd\u0259 bu \u0259lam\u0259tdar tarix m\u00fcnasib\u0259til\u0259 Sizi v\u0259 xalq\u0131n\u0131z\u0131 \u015f\u0259xs\u0259n \u00f6z ad\u0131mdan v\u0259&hellip;","_links":{"self":[{"href":"https:\/\/arantv.az\/index.php?rest_route=\/wp\/v2\/posts\/443824"}],"collection":[{"href":"https:\/\/arantv.az\/index.php?rest_route=\/wp\/v2\/posts"}],"about":[{"href":"https:\/\/arantv.az\/index.php?rest_route=\/wp\/v2\/types\/post"}],"author":[{"embeddable":true,"href":"https:\/\/arantv.az\/index.php?rest_route=\/wp\/v2\/users\/2"}],"replies":[{"embeddable":true,"href":"https:\/\/arantv.az\/index.php?rest_route=%2Fwp%2Fv2%2Fcomments&post=443824"}],"version-history":[{"count":0,"href":"https:\/\/arantv.az\/index.php?rest_route=\/wp\/v2\/posts\/443824\/revisions"}],"wp:featuredmedia":[{"embeddable":true,"href":"https:\/\/arantv.az\/index.php?rest_route=\/wp\/v2\/media\/443825"}],"wp:attachment":[{"href":"https:\/\/arantv.az\/index.php?rest_route=%2Fwp%2Fv2%2Fmedia&parent=443824"}],"wp:term":[{"taxonomy":"category","embeddable":true,"href":"https:\/\/arantv.az\/index.php?rest_route=%2Fwp%2Fv2%2Fcategories&post=443824"},{"taxonomy":"post_tag","embeddable":true,"href":"https:\/\/arantv.az\/index.php?rest_route=%2Fwp%2Fv2%2Ftags&post=443824"}],"curies":[{"name":"wp","href":"https:\/\/api.w.org\/{rel}","templated":true}]}}