{"id":443827,"date":"2022-02-24T20:37:29","date_gmt":"2022-02-24T17:37:29","guid":{"rendered":"http:\/\/arantv.az\/?p=443827"},"modified":"2022-02-24T20:37:29","modified_gmt":"2022-02-24T17:37:29","slug":"az%c9%99rbaycan-erm%c9%99nistan-munasib%c9%99tl%c9%99rinin-nec%c9%99-c%c9%99r%c9%99yan-ed%c9%99c%c9%99yi-bar%c9%99d%c9%99-proqnoz-verm%c9%99k-c%c9%99tindir","status":"publish","type":"post","link":"https:\/\/arantv.az\/?p=443827","title":{"rendered":"Az\u0259rbaycan-Erm\u0259nistan m\u00fcnasib\u0259tl\u0259rinin nec\u0259 c\u0259r\u0259yan ed\u0259c\u0259yi bar\u0259d\u0259 proqnoz verm\u0259k \u00e7\u0259tindir"},"content":{"rendered":"<p>Az\u0259rbaycan il\u0259 Erm\u0259nistan aras\u0131nda m\u00fcnasib\u0259tl\u0259rin nec\u0259 c\u0259r\u0259yan ed\u0259c\u0259yi bar\u0259d\u0259 proqnoz verm\u0259k m\u0259nim \u00fc\u00e7\u00fcn \u00e7\u0259tindir. \u00c7\u00fcnki b\u00fct\u00fcn bunlar t\u0259z\u0259dir. Bizim b\u0259yanatlar\u0131m\u0131z v\u0259 s\u00fclh\u00fcn b\u0259rq\u0259rar olmas\u0131na h\u0259d\u0259fl\u0259nm\u0259yimiz h\u0259l\u0259 ki, erm\u0259ni r\u0259hb\u0259rliyi t\u0259r\u0259find\u0259n \u0259n az\u0131 a\u00e7\u0131q \u015f\u0259kild\u0259 q\u0259bul edilmir.<\/p>\n<p><strong>ARANTV.AZ x\u0259b\u0259r verir ki,<\/strong>\u00a0\u00a0bu bar\u0259d\u0259 Prezident \u0130lham \u018fliyev TASS agentliyind\u0259 Rusiyan\u0131n apar\u0131c\u0131 k\u00fctl\u0259vi informasiya vasit\u0259l\u0259rinin r\u0259hb\u0259rl\u0259ri il\u0259 g\u00f6r\u00fc\u015f\u00fc zaman\u0131 bildirib.<\/p>\n<p>\u201cBuna g\u00f6r\u0259 d\u0259 bu yax\u0131nlarda ba\u015f ver\u0259n hadis\u0259l\u0259r n\u0259z\u0259r\u0259 al\u0131nmaqla, d\u00fcnyada v\u0259ziyy\u0259tin nec\u0259 inki\u015faf ed\u0259c\u0259yini proqnozla\u015fd\u0131rmaq \u00e7ox \u00e7\u0259tindir. Fikrimc\u0259, t\u0259kc\u0259 m\u0259n\u0259 deyil, bilavasit\u0259 bu proses\u0259 c\u0259lb edil\u0259nl\u0259r\u0259 d\u0259 \u00e7ox \u00e7\u0259tindir. \u00c7\u00fcnki h\u0259r \u015feyi v\u0259 b\u00fct\u00fcn \u0259sas \u00f6lk\u0259l\u0259rin h\u0259r\u0259k\u0259tini qabaqcadan g\u00f6rm\u0259k \u00e7ox \u00e7\u0259tindir. H\u0259tta \u0130kinci Qaraba\u011f m\u00fcharib\u0259si ba\u015flananda, h\u0259tta o potensialla &#8211; h\u0259m siyasi, h\u0259m h\u0259rbi, h\u0259m iqtisadi potensialla biz h\u0259r \u015feyi qabaqcadan n\u0259z\u0259r\u0259 ala bilmirdik\u201d, &#8211; dey\u0259 d\u00f6vl\u0259timizin ba\u015f\u00e7\u0131s\u0131 qeyd edib.<\/p>\n<p>M\u00fcharib\u0259ni qabaqcadan proqnozla\u015fd\u0131rma\u011f\u0131n m\u00fcmk\u00fcn olmad\u0131\u011f\u0131n\u0131 vur\u011fulayan Az\u0259rbaycan Prezidenti deyib: \u201c\u00c7\u00fcnki t\u0259sdiql\u0259nmi\u015f planlar \u00e7\u0259r\u00e7iv\u0259sind\u0259 gedirdik v\u0259 yolumuzdan \u00e7\u0131xm\u0131rd\u0131q, lakin bu ax\u0131nda m\u00fcxt\u0259lif dolambaclar vard\u0131. Rusiya il\u0259 Ukrayna aras\u0131nda v\u0259ziyy\u0259t bar\u0259d\u0259 d\u0259 bunu dem\u0259k olar\u201d.<\/p>\n","protected":false},"excerpt":{"rendered":"<p>Az\u0259rbaycan il\u0259 Erm\u0259nistan aras\u0131nda m\u00fcnasib\u0259tl\u0259rin nec\u0259 c\u0259r\u0259yan ed\u0259c\u0259yi bar\u0259d\u0259 proqnoz verm\u0259k m\u0259nim \u00fc\u00e7\u00fcn \u00e7\u0259tindir. \u00c7\u00fcnki b\u00fct\u00fcn bunlar t\u0259z\u0259dir. Bizim b\u0259yanatlar\u0131m\u0131z v\u0259 s\u00fclh\u00fcn b\u0259rq\u0259rar olmas\u0131na h\u0259d\u0259fl\u0259nm\u0259yimiz h\u0259l\u0259 ki, erm\u0259ni r\u0259hb\u0259rliyi t\u0259r\u0259find\u0259n \u0259n az\u0131 a\u00e7\u0131q \u015f\u0259kild\u0259 q\u0259bul edilmir. ARANTV.AZ x\u0259b\u0259r verir ki,\u00a0\u00a0bu bar\u0259d\u0259 Prezident \u0130lham \u018fliyev TASS agentliyind\u0259 Rusiyan\u0131n apar\u0131c\u0131 k\u00fctl\u0259vi informasiya vasit\u0259l\u0259rinin r\u0259hb\u0259rl\u0259ri il\u0259 g\u00f6r\u00fc\u015f\u00fc zaman\u0131 bildirib. \u201cBuna g\u00f6r\u0259 d\u0259 bu yax\u0131nlarda ba\u015f ver\u0259n hadis\u0259l\u0259r n\u0259z\u0259r\u0259 al\u0131nmaqla, d\u00fcnyada v\u0259ziyy\u0259tin nec\u0259 inki\u015faf ed\u0259c\u0259yini proqnozla\u015fd\u0131rmaq \u00e7ox \u00e7\u0259tindir. Fikrimc\u0259, t\u0259kc\u0259 m\u0259n\u0259 deyil, bilavasit\u0259 bu proses\u0259 c\u0259lb edil\u0259nl\u0259r\u0259 d\u0259 \u00e7ox \u00e7\u0259tindir. \u00c7\u00fcnki h\u0259r \u015feyi v\u0259&hellip;<\/p>\n","protected":false},"author":2,"featured_media":443828,"comment_status":"closed","ping_status":"closed","sticky":false,"template":"","format":"standard","meta":{"om_disable_all_campaigns":false,"_monsterinsights_skip_tracking":false,"_monsterinsights_sitenote_active":false,"_monsterinsights_sitenote_note":"","_monsterinsights_sitenote_category":0},"categories":[4],"tags":[],"aioseo_notices":[],"gutentor_comment":0,"rttpg_featured_image_url":{"full":["https:\/\/arantv.az\/wp-content\/uploads\/2022\/02\/65fc9fb4164571164362341824710023374.jpg",975,540,false],"landscape":["https:\/\/arantv.az\/wp-content\/uploads\/2022\/02\/65fc9fb4164571164362341824710023374.jpg",975,540,false],"portraits":["https:\/\/arantv.az\/wp-content\/uploads\/2022\/02\/65fc9fb4164571164362341824710023374.jpg",975,540,false],"thumbnail":["https:\/\/arantv.az\/wp-content\/uploads\/2022\/02\/65fc9fb4164571164362341824710023374-500x280.jpg",500,280,true],"medium":["https:\/\/arantv.az\/wp-content\/uploads\/2022\/02\/65fc9fb4164571164362341824710023374-660x365.jpg",660,365,true],"large":["https:\/\/arantv.az\/wp-content\/uploads\/2022\/02\/65fc9fb4164571164362341824710023374-840x465.jpg",640,354,true],"1536x1536":["https:\/\/arantv.az\/wp-content\/uploads\/2022\/02\/65fc9fb4164571164362341824710023374.jpg",975,540,false],"2048x2048":["https:\/\/arantv.az\/wp-content\/uploads\/2022\/02\/65fc9fb4164571164362341824710023374.jpg",975,540,false],"post-thumbnail":["https:\/\/arantv.az\/wp-content\/uploads\/2022\/02\/65fc9fb4164571164362341824710023374-240x172.jpg",240,172,true],"advps-thumb-one":["https:\/\/arantv.az\/wp-content\/uploads\/2022\/02\/65fc9fb4164571164362341824710023374.jpg",975,540,false]},"rttpg_author":{"display_name":"V\u00fcsal Rafiqo\u011flu","author_link":"https:\/\/arantv.az\/?author=2"},"rttpg_comment":0,"rttpg_category":"<a href=\"https:\/\/arantv.az\/?cat=4\" rel=\"category\">Siyas\u0259t<\/a>","rttpg_excerpt":"Az\u0259rbaycan il\u0259 Erm\u0259nistan aras\u0131nda m\u00fcnasib\u0259tl\u0259rin nec\u0259 c\u0259r\u0259yan ed\u0259c\u0259yi bar\u0259d\u0259 proqnoz verm\u0259k m\u0259nim \u00fc\u00e7\u00fcn \u00e7\u0259tindir. \u00c7\u00fcnki b\u00fct\u00fcn bunlar t\u0259z\u0259dir. Bizim b\u0259yanatlar\u0131m\u0131z v\u0259 s\u00fclh\u00fcn b\u0259rq\u0259rar olmas\u0131na h\u0259d\u0259fl\u0259nm\u0259yimiz h\u0259l\u0259 ki, erm\u0259ni r\u0259hb\u0259rliyi t\u0259r\u0259find\u0259n \u0259n az\u0131 a\u00e7\u0131q \u015f\u0259kild\u0259 q\u0259bul edilmir. ARANTV.AZ x\u0259b\u0259r verir ki,\u00a0\u00a0bu bar\u0259d\u0259 Prezident \u0130lham \u018fliyev TASS agentliyind\u0259 Rusiyan\u0131n apar\u0131c\u0131 k\u00fctl\u0259vi informasiya vasit\u0259l\u0259rinin r\u0259hb\u0259rl\u0259ri il\u0259 g\u00f6r\u00fc\u015f\u00fc zaman\u0131&hellip;","_links":{"self":[{"href":"https:\/\/arantv.az\/index.php?rest_route=\/wp\/v2\/posts\/443827"}],"collection":[{"href":"https:\/\/arantv.az\/index.php?rest_route=\/wp\/v2\/posts"}],"about":[{"href":"https:\/\/arantv.az\/index.php?rest_route=\/wp\/v2\/types\/post"}],"author":[{"embeddable":true,"href":"https:\/\/arantv.az\/index.php?rest_route=\/wp\/v2\/users\/2"}],"replies":[{"embeddable":true,"href":"https:\/\/arantv.az\/index.php?rest_route=%2Fwp%2Fv2%2Fcomments&post=443827"}],"version-history":[{"count":0,"href":"https:\/\/arantv.az\/index.php?rest_route=\/wp\/v2\/posts\/443827\/revisions"}],"wp:featuredmedia":[{"embeddable":true,"href":"https:\/\/arantv.az\/index.php?rest_route=\/wp\/v2\/media\/443828"}],"wp:attachment":[{"href":"https:\/\/arantv.az\/index.php?rest_route=%2Fwp%2Fv2%2Fmedia&parent=443827"}],"wp:term":[{"taxonomy":"category","embeddable":true,"href":"https:\/\/arantv.az\/index.php?rest_route=%2Fwp%2Fv2%2Fcategories&post=443827"},{"taxonomy":"post_tag","embeddable":true,"href":"https:\/\/arantv.az\/index.php?rest_route=%2Fwp%2Fv2%2Ftags&post=443827"}],"curies":[{"name":"wp","href":"https:\/\/api.w.org\/{rel}","templated":true}]}}