{"id":443836,"date":"2022-02-24T20:54:29","date_gmt":"2022-02-24T17:54:29","guid":{"rendered":"http:\/\/arantv.az\/?p=443836"},"modified":"2022-02-24T20:54:29","modified_gmt":"2022-02-24T17:54:29","slug":"ukrayna-s%c9%99firi-az%c9%99rbaycana-t%c9%99s%c9%99kkur-etdi-foto","status":"publish","type":"post","link":"https:\/\/arantv.az\/?p=443836","title":{"rendered":"Ukrayna s\u0259firi Az\u0259rbaycana t\u0259\u015f\u0259kk\u00fcr etdi &#8211; FOTO"},"content":{"rendered":"<p>Ukrayna s\u0259firi Az\u0259rbaycana t\u0259\u015f\u0259kk\u00fcr etdi.<\/p>\n<div class=\"AdviadNativeVideo\"><\/div>\n<p><b>ARANTV.AZ <\/b>x\u0259b\u0259r verir ki, bu bar\u0259d\u0259 Ukraynan\u0131n Az\u0259rbaycandak\u0131 s\u0259firi Vladislav Kanevski sosial\u00a0media hesab\u0131nda yaz\u0131b.<\/p>\n<p>\u201cAz\u0259rbaycan v\u0259t\u0259nda\u015flar\u0131ndan \u00e7oxlu telefon z\u0259ngl\u0259ri v\u0259 Ukraynaya d\u0259st\u0259k mesajlar\u0131 ald\u0131q. \u0130kinci Qaraba\u011f m\u00fcharib\u0259si zaman\u0131 Ukrayna Az\u0259rbaycan\u0131 nec\u0259 d\u0259st\u0259kl\u0259diyi yada d\u00fc\u015f\u00fcr. \u00d6lk\u0259miz \u00fc\u00e7\u00fcn bel\u0259 \u00e7\u0259tin bir zamanda Ukrayna il\u0259 h\u0259mr\u0259ylik n\u00fcmayi\u015f etdir\u0259n h\u0259r bir az\u0259rbaycanl\u0131ya t\u0259\u015f\u0259kk\u00fcr edirik!\u201d, &#8211; dey\u0259 o qeyd edib.<\/p>\n<div class=\"twitter-tweet twitter-tweet-rendered\"><iframe id=\"twitter-widget-0\" class=\"\" title=\"Twitter Tweet\" src=\"https:\/\/platform.twitter.com\/embed\/Tweet.html?creatorScreenName=oxuaz&amp;dnt=false&amp;embedId=twitter-widget-0&amp;features=eyJ0ZndfZXhwZXJpbWVudHNfY29va2llX2V4cGlyYXRpb24iOnsiYnVja2V0IjoxMjA5NjAwLCJ2ZXJzaW9uIjpudWxsfSwidGZ3X2hvcml6b25fdHdlZXRfZW1iZWRfOTU1NSI6eyJidWNrZXQiOiJodGUiLCJ2ZXJzaW9uIjpudWxsfSwidGZ3X3NwYWNlX2NhcmQiOnsiYnVja2V0Ijoib2ZmIiwidmVyc2lvbiI6bnVsbH19&amp;frame=false&amp;hideCard=false&amp;hideThread=false&amp;id=1496891255233683467&amp;lang=en&amp;origin=https%3A%2F%2Foxu.az%2Fpolitics%2F576677&amp;sessionId=7bbc4e55169e6dc7f52401d3be2a335f02d0ce08&amp;siteScreenName=oxuaz&amp;theme=light&amp;widgetsVersion=2582c61%3A1645036219416&amp;width=550px\" frameborder=\"0\" scrolling=\"no\" allowfullscreen=\"allowfullscreen\" data-tweet-id=\"1496891255233683467\" data-mce-fragment=\"1\"><\/iframe><\/div>\n<p>&nbsp;<\/p>\n","protected":false},"excerpt":{"rendered":"<p>Ukrayna s\u0259firi Az\u0259rbaycana t\u0259\u015f\u0259kk\u00fcr etdi. ARANTV.AZ x\u0259b\u0259r verir ki, bu bar\u0259d\u0259 Ukraynan\u0131n Az\u0259rbaycandak\u0131 s\u0259firi Vladislav Kanevski sosial\u00a0media hesab\u0131nda yaz\u0131b. \u201cAz\u0259rbaycan v\u0259t\u0259nda\u015flar\u0131ndan \u00e7oxlu telefon z\u0259ngl\u0259ri v\u0259 Ukraynaya d\u0259st\u0259k mesajlar\u0131 ald\u0131q. \u0130kinci Qaraba\u011f m\u00fcharib\u0259si zaman\u0131 Ukrayna Az\u0259rbaycan\u0131 nec\u0259 d\u0259st\u0259kl\u0259diyi yada d\u00fc\u015f\u00fcr. \u00d6lk\u0259miz \u00fc\u00e7\u00fcn bel\u0259 \u00e7\u0259tin bir zamanda Ukrayna il\u0259 h\u0259mr\u0259ylik n\u00fcmayi\u015f etdir\u0259n h\u0259r bir az\u0259rbaycanl\u0131ya t\u0259\u015f\u0259kk\u00fcr edirik!\u201d, &#8211; dey\u0259 o qeyd edib. &nbsp;<\/p>\n","protected":false},"author":2,"featured_media":443837,"comment_status":"closed","ping_status":"closed","sticky":false,"template":"","format":"standard","meta":{"om_disable_all_campaigns":false,"_monsterinsights_skip_tracking":false,"_monsterinsights_sitenote_active":false,"_monsterinsights_sitenote_note":"","_monsterinsights_sitenote_category":0},"categories":[4],"tags":[],"aioseo_notices":[],"gutentor_comment":0,"rttpg_featured_image_url":{"full":["https:\/\/arantv.az\/wp-content\/uploads\/2022\/02\/13bfd361-1824-3fe9-83f5-df9e68c7fff1_850.jpg",620,389,false],"landscape":["https:\/\/arantv.az\/wp-content\/uploads\/2022\/02\/13bfd361-1824-3fe9-83f5-df9e68c7fff1_850.jpg",620,389,false],"portraits":["https:\/\/arantv.az\/wp-content\/uploads\/2022\/02\/13bfd361-1824-3fe9-83f5-df9e68c7fff1_850.jpg",620,389,false],"thumbnail":["https:\/\/arantv.az\/wp-content\/uploads\/2022\/02\/13bfd361-1824-3fe9-83f5-df9e68c7fff1_850-500x280.jpg",500,280,true],"medium":["https:\/\/arantv.az\/wp-content\/uploads\/2022\/02\/13bfd361-1824-3fe9-83f5-df9e68c7fff1_850-582x365.jpg",582,365,true],"large":["https:\/\/arantv.az\/wp-content\/uploads\/2022\/02\/13bfd361-1824-3fe9-83f5-df9e68c7fff1_850.jpg",620,389,false],"1536x1536":["https:\/\/arantv.az\/wp-content\/uploads\/2022\/02\/13bfd361-1824-3fe9-83f5-df9e68c7fff1_850.jpg",620,389,false],"2048x2048":["https:\/\/arantv.az\/wp-content\/uploads\/2022\/02\/13bfd361-1824-3fe9-83f5-df9e68c7fff1_850.jpg",620,389,false],"post-thumbnail":["https:\/\/arantv.az\/wp-content\/uploads\/2022\/02\/13bfd361-1824-3fe9-83f5-df9e68c7fff1_850-240x172.jpg",240,172,true],"advps-thumb-one":["https:\/\/arantv.az\/wp-content\/uploads\/2022\/02\/13bfd361-1824-3fe9-83f5-df9e68c7fff1_850.jpg",620,389,false]},"rttpg_author":{"display_name":"V\u00fcsal Rafiqo\u011flu","author_link":"https:\/\/arantv.az\/?author=2"},"rttpg_comment":0,"rttpg_category":"<a href=\"https:\/\/arantv.az\/?cat=4\" rel=\"category\">Siyas\u0259t<\/a>","rttpg_excerpt":"Ukrayna s\u0259firi Az\u0259rbaycana t\u0259\u015f\u0259kk\u00fcr etdi. ARANTV.AZ x\u0259b\u0259r verir ki, bu bar\u0259d\u0259 Ukraynan\u0131n Az\u0259rbaycandak\u0131 s\u0259firi Vladislav Kanevski sosial\u00a0media hesab\u0131nda yaz\u0131b. \u201cAz\u0259rbaycan v\u0259t\u0259nda\u015flar\u0131ndan \u00e7oxlu telefon z\u0259ngl\u0259ri v\u0259 Ukraynaya d\u0259st\u0259k mesajlar\u0131 ald\u0131q. \u0130kinci Qaraba\u011f m\u00fcharib\u0259si zaman\u0131 Ukrayna Az\u0259rbaycan\u0131 nec\u0259 d\u0259st\u0259kl\u0259diyi yada d\u00fc\u015f\u00fcr. \u00d6lk\u0259miz \u00fc\u00e7\u00fcn bel\u0259 \u00e7\u0259tin bir zamanda Ukrayna il\u0259 h\u0259mr\u0259ylik n\u00fcmayi\u015f etdir\u0259n h\u0259r bir az\u0259rbaycanl\u0131ya t\u0259\u015f\u0259kk\u00fcr edirik!\u201d,&hellip;","_links":{"self":[{"href":"https:\/\/arantv.az\/index.php?rest_route=\/wp\/v2\/posts\/443836"}],"collection":[{"href":"https:\/\/arantv.az\/index.php?rest_route=\/wp\/v2\/posts"}],"about":[{"href":"https:\/\/arantv.az\/index.php?rest_route=\/wp\/v2\/types\/post"}],"author":[{"embeddable":true,"href":"https:\/\/arantv.az\/index.php?rest_route=\/wp\/v2\/users\/2"}],"replies":[{"embeddable":true,"href":"https:\/\/arantv.az\/index.php?rest_route=%2Fwp%2Fv2%2Fcomments&post=443836"}],"version-history":[{"count":0,"href":"https:\/\/arantv.az\/index.php?rest_route=\/wp\/v2\/posts\/443836\/revisions"}],"wp:featuredmedia":[{"embeddable":true,"href":"https:\/\/arantv.az\/index.php?rest_route=\/wp\/v2\/media\/443837"}],"wp:attachment":[{"href":"https:\/\/arantv.az\/index.php?rest_route=%2Fwp%2Fv2%2Fmedia&parent=443836"}],"wp:term":[{"taxonomy":"category","embeddable":true,"href":"https:\/\/arantv.az\/index.php?rest_route=%2Fwp%2Fv2%2Fcategories&post=443836"},{"taxonomy":"post_tag","embeddable":true,"href":"https:\/\/arantv.az\/index.php?rest_route=%2Fwp%2Fv2%2Ftags&post=443836"}],"curies":[{"name":"wp","href":"https:\/\/api.w.org\/{rel}","templated":true}]}}