{"id":443851,"date":"2022-02-25T08:00:22","date_gmt":"2022-02-25T05:00:22","guid":{"rendered":"http:\/\/arantv.az\/?p=443851"},"modified":"2022-02-25T08:00:22","modified_gmt":"2022-02-25T05:00:22","slug":"zelenski-mudafi%c9%99d%c9%99-t%c9%99k-qalmisiq-nato-da-hami-biz%c9%99-d%c9%99st%c9%99k-verm%c9%99kd%c9%99n-qorxur","status":"publish","type":"post","link":"https:\/\/arantv.az\/?p=443851","title":{"rendered":"Zelenski: \u201cM\u00fcdafi\u0259d\u0259 t\u0259k qalm\u0131\u015f\u0131q, NATO-da ham\u0131 biz\u0259 d\u0259st\u0259k verm\u0259kd\u0259n qorxur\u201d"},"content":{"rendered":"<p>\u201cBu g\u00fcn ba\u015fqa d\u00f6vl\u0259tl\u0259rin r\u0259hb\u0259rl\u0259ri il\u0259 n\u0259 q\u0259d\u0259r s\u00f6hb\u0259t etmi\u015f\u0259ms\u0259 d\u0259, bir ne\u00e7\u0259 \u015fey e\u015fitmi\u015f\u0259m. Birincisi, biz\u0259 d\u0259st\u0259k verilir. M\u0259n Ukraynaya x\u00fcsusi yard\u0131m ed\u0259n h\u0259r bir d\u00f6vl\u0259t\u0259 minn\u0259tdaram. Yaln\u0131z s\u00f6zl\u0259rl\u0259 deyil. Amma ikinci bir \u015fey d\u0259 var &#8211; d\u00f6vl\u0259timizin m\u00fcdafi\u0259sind\u0259 t\u0259k qalm\u0131\u015f\u0131q. Kim biziml\u0259 d\u00f6y\u00fc\u015fm\u0259y\u0259 haz\u0131rd\u0131r? M\u0259n bunlar\u0131 g\u00f6rm\u00fcr\u0259m. Ukraynaya NATO-ya daxil olmaq \u00fc\u00e7\u00fcn kim z\u0259man\u0259t verm\u0259y\u0259 haz\u0131rd\u0131r? Ham\u0131 qorxur\u201d.<\/p>\n<p>Bunlar\u0131 Ukrayna Prezidenti Volodimir Zelenski xalqa m\u00fcraci\u0259tind\u0259 deyib.<\/p>\n<div class=\"AdviadNativeVideo\"><\/div>\n<p>Ukrayna lideri Rusiyan\u0131n dan\u0131\u015f\u0131q t\u0259klifl\u0259rin\u0259 d\u0259 toxunub: \u201cBu g\u00fcn Moskvadan e\u015fitdik ki, onlar h\u0259l\u0259 d\u0259 dan\u0131\u015fmaq ist\u0259yirl\u0259r. Onlar Ukraynan\u0131n neytral statusundan dan\u0131\u015fmaq ist\u0259yirl\u0259r.<\/p>\n<p>M\u0259n d\u00f6vl\u0259timizin b\u00fct\u00fcn t\u0259r\u0259fda\u015flar\u0131na deyir\u0259m: indi \u00f6lk\u0259mizin taleyi h\u0259ll olunur. Onlardan soru\u015furam: biziml\u0259siniz? Onlar buna biziml\u0259 olmalar\u0131 il\u0259 cavab verirl\u0259r. Amma bizi d\u0259 \u00f6zl\u0259ri il\u0259 Alyansa aparma\u011fa haz\u0131r deyill\u0259r\u201d.<\/p>\n<p>\u201cM\u0259n Avropan\u0131n iyirmi yeddi d\u00f6vl\u0259tinin liderind\u0259n Ukraynan\u0131n NATO-da olub-olmad\u0131\u011f\u0131n\u0131 soru\u015fdum. Birba\u015fa soru\u015fdum. Onlar\u0131n ham\u0131s\u0131 qorxur. Amma biz qorxmuruq. B\u0259s biz hans\u0131 t\u0259hl\u00fck\u0259sizlik z\u0259man\u0259tl\u0259rin\u0259 malik olaca\u011f\u0131q? Onu hans\u0131 \u00f6lk\u0259l\u0259r ver\u0259c\u0259k?\u201d, &#8211; Zelenski deyib.<\/p>\n<p>Ukrayna lideri vur\u011fulay\u0131b ki, bu i\u015f\u011fal\u0131n sonu haqq\u0131nda dan\u0131\u015fmaq laz\u0131md\u0131r: \u201cAlovun dayand\u0131r\u0131lmas\u0131 haqq\u0131nda dan\u0131\u015fmaq laz\u0131md\u0131r.<\/p>\n<p>Amma indi \u00f6lk\u0259nin taleyi b\u00fct\u00fcnl\u00fckl\u0259 ordumuzdan, t\u0259hl\u00fck\u0259sizlik q\u00fcvv\u0259l\u0259rimizd\u0259n, b\u00fct\u00fcn m\u00fcdafi\u0259\u00e7il\u0259rimizd\u0259n as\u0131l\u0131d\u0131r. Xalq\u0131m\u0131z da\u00a0sizin m\u00fcdrikliyinizd\u0259n\u201d.<\/p>\n","protected":false},"excerpt":{"rendered":"<p>\u201cBu g\u00fcn ba\u015fqa d\u00f6vl\u0259tl\u0259rin r\u0259hb\u0259rl\u0259ri il\u0259 n\u0259 q\u0259d\u0259r s\u00f6hb\u0259t etmi\u015f\u0259ms\u0259 d\u0259, bir ne\u00e7\u0259 \u015fey e\u015fitmi\u015f\u0259m. Birincisi, biz\u0259 d\u0259st\u0259k verilir. M\u0259n Ukraynaya x\u00fcsusi yard\u0131m ed\u0259n h\u0259r bir d\u00f6vl\u0259t\u0259 minn\u0259tdaram. Yaln\u0131z s\u00f6zl\u0259rl\u0259 deyil. Amma ikinci bir \u015fey d\u0259 var &#8211; d\u00f6vl\u0259timizin m\u00fcdafi\u0259sind\u0259 t\u0259k qalm\u0131\u015f\u0131q. Kim biziml\u0259 d\u00f6y\u00fc\u015fm\u0259y\u0259 haz\u0131rd\u0131r? M\u0259n bunlar\u0131 g\u00f6rm\u00fcr\u0259m. Ukraynaya NATO-ya daxil olmaq \u00fc\u00e7\u00fcn kim z\u0259man\u0259t verm\u0259y\u0259 haz\u0131rd\u0131r? Ham\u0131 qorxur\u201d. Bunlar\u0131 Ukrayna Prezidenti Volodimir Zelenski xalqa m\u00fcraci\u0259tind\u0259 deyib. Ukrayna lideri Rusiyan\u0131n dan\u0131\u015f\u0131q t\u0259klifl\u0259rin\u0259 d\u0259 toxunub: \u201cBu g\u00fcn Moskvadan e\u015fitdik ki, onlar h\u0259l\u0259 d\u0259 dan\u0131\u015fmaq ist\u0259yirl\u0259r. Onlar Ukraynan\u0131n neytral statusundan dan\u0131\u015fmaq&hellip;<\/p>\n","protected":false},"author":2,"featured_media":443852,"comment_status":"closed","ping_status":"closed","sticky":false,"template":"","format":"standard","meta":{"om_disable_all_campaigns":false,"_monsterinsights_skip_tracking":false,"_monsterinsights_sitenote_active":false,"_monsterinsights_sitenote_note":"","_monsterinsights_sitenote_category":0},"categories":[7],"tags":[],"aioseo_notices":[],"gutentor_comment":0,"rttpg_featured_image_url":{"full":["https:\/\/arantv.az\/wp-content\/uploads\/2022\/02\/FotoJet-83.jpg",620,413,false],"landscape":["https:\/\/arantv.az\/wp-content\/uploads\/2022\/02\/FotoJet-83.jpg",620,413,false],"portraits":["https:\/\/arantv.az\/wp-content\/uploads\/2022\/02\/FotoJet-83.jpg",620,413,false],"thumbnail":["https:\/\/arantv.az\/wp-content\/uploads\/2022\/02\/FotoJet-83-500x280.jpg",500,280,true],"medium":["https:\/\/arantv.az\/wp-content\/uploads\/2022\/02\/FotoJet-83-548x365.jpg",548,365,true],"large":["https:\/\/arantv.az\/wp-content\/uploads\/2022\/02\/FotoJet-83.jpg",620,413,false],"1536x1536":["https:\/\/arantv.az\/wp-content\/uploads\/2022\/02\/FotoJet-83.jpg",620,413,false],"2048x2048":["https:\/\/arantv.az\/wp-content\/uploads\/2022\/02\/FotoJet-83.jpg",620,413,false],"post-thumbnail":["https:\/\/arantv.az\/wp-content\/uploads\/2022\/02\/FotoJet-83-240x172.jpg",240,172,true],"advps-thumb-one":["https:\/\/arantv.az\/wp-content\/uploads\/2022\/02\/FotoJet-83.jpg",620,413,false]},"rttpg_author":{"display_name":"V\u00fcsal Rafiqo\u011flu","author_link":"https:\/\/arantv.az\/?author=2"},"rttpg_comment":0,"rttpg_category":"<a href=\"https:\/\/arantv.az\/?cat=7\" rel=\"category\">D\u00fcnya<\/a>","rttpg_excerpt":"\u201cBu g\u00fcn ba\u015fqa d\u00f6vl\u0259tl\u0259rin r\u0259hb\u0259rl\u0259ri il\u0259 n\u0259 q\u0259d\u0259r s\u00f6hb\u0259t etmi\u015f\u0259ms\u0259 d\u0259, bir ne\u00e7\u0259 \u015fey e\u015fitmi\u015f\u0259m. Birincisi, biz\u0259 d\u0259st\u0259k verilir. M\u0259n Ukraynaya x\u00fcsusi yard\u0131m ed\u0259n h\u0259r bir d\u00f6vl\u0259t\u0259 minn\u0259tdaram. Yaln\u0131z s\u00f6zl\u0259rl\u0259 deyil. Amma ikinci bir \u015fey d\u0259 var &#8211; d\u00f6vl\u0259timizin m\u00fcdafi\u0259sind\u0259 t\u0259k qalm\u0131\u015f\u0131q. Kim biziml\u0259 d\u00f6y\u00fc\u015fm\u0259y\u0259 haz\u0131rd\u0131r? M\u0259n bunlar\u0131 g\u00f6rm\u00fcr\u0259m. Ukraynaya NATO-ya daxil olmaq \u00fc\u00e7\u00fcn kim&hellip;","_links":{"self":[{"href":"https:\/\/arantv.az\/index.php?rest_route=\/wp\/v2\/posts\/443851"}],"collection":[{"href":"https:\/\/arantv.az\/index.php?rest_route=\/wp\/v2\/posts"}],"about":[{"href":"https:\/\/arantv.az\/index.php?rest_route=\/wp\/v2\/types\/post"}],"author":[{"embeddable":true,"href":"https:\/\/arantv.az\/index.php?rest_route=\/wp\/v2\/users\/2"}],"replies":[{"embeddable":true,"href":"https:\/\/arantv.az\/index.php?rest_route=%2Fwp%2Fv2%2Fcomments&post=443851"}],"version-history":[{"count":0,"href":"https:\/\/arantv.az\/index.php?rest_route=\/wp\/v2\/posts\/443851\/revisions"}],"wp:featuredmedia":[{"embeddable":true,"href":"https:\/\/arantv.az\/index.php?rest_route=\/wp\/v2\/media\/443852"}],"wp:attachment":[{"href":"https:\/\/arantv.az\/index.php?rest_route=%2Fwp%2Fv2%2Fmedia&parent=443851"}],"wp:term":[{"taxonomy":"category","embeddable":true,"href":"https:\/\/arantv.az\/index.php?rest_route=%2Fwp%2Fv2%2Fcategories&post=443851"},{"taxonomy":"post_tag","embeddable":true,"href":"https:\/\/arantv.az\/index.php?rest_route=%2Fwp%2Fv2%2Ftags&post=443851"}],"curies":[{"name":"wp","href":"https:\/\/api.w.org\/{rel}","templated":true}]}}