{"id":443854,"date":"2022-02-25T08:01:23","date_gmt":"2022-02-25T05:01:23","guid":{"rendered":"http:\/\/arantv.az\/?p=443854"},"modified":"2022-02-25T08:01:23","modified_gmt":"2022-02-25T05:01:23","slug":"hikm%c9%99t-haciyevd%c9%99n-xocav%c9%99ndd%c9%99-az%c9%99rbaycanlilarin-kutl%c9%99vi-m%c9%99zarligi-il%c9%99-bagli-paylasim-foto","status":"publish","type":"post","link":"https:\/\/arantv.az\/?p=443854","title":{"rendered":"Hikm\u0259t Hac\u0131yevd\u0259n Xocav\u0259ndd\u0259 az\u0259rbaycanl\u0131lar\u0131n k\u00fctl\u0259vi m\u0259zarl\u0131\u011f\u0131 il\u0259 ba\u011fl\u0131 PAYLA\u015eIM &#8211; FOTO"},"content":{"rendered":"<p>Az\u0259rbaycan Prezidentinin k\u00f6m\u0259k\u00e7isi &#8211; Prezident Administrasiyas\u0131n\u0131n Xarici siyas\u0259t m\u0259s\u0259l\u0259l\u0259ri \u015f\u00f6b\u0259sinin m\u00fcdiri Hikm\u0259t Hac\u0131yev \u00f6z\u00fcn\u00fcn\u00a0\u201cTwitter\u201d\u00a0hesab\u0131nda az\u0259rbaycanl\u0131lar\u0131n Xocav\u0259ndin Edilli k\u0259ndind\u0259 a\u015fkarlanan k\u00fctl\u0259vi m\u0259zarl\u0131\u011f\u0131 bar\u0259d\u0259 payla\u015f\u0131m edib.<\/p>\n<article class=\"news\">\n<div class=\"news-inner\">\n<p><strong>ARANTV.AZ <\/strong>\u00a0x\u0259b\u0259r verir ki, Hikm\u0259t Hac\u0131yev Edillinin az\u0259rbaycanl\u0131 \u0259sirl\u0259r \u00fc\u00e7\u00fcn i\u015fg\u0259nc\u0259 d\u00fc\u015f\u0259rg\u0259si kimi istifad\u0259 olundu\u011funu vur\u011fulay\u0131b.<\/p>\n<p>\u201c\u015eahidl\u0259rin s\u00f6zl\u0259rin\u0259 g\u00f6r\u0259, bir zamanlar i\u015f\u011fal alt\u0131nda olmu\u015f Edilli k\u0259ndind\u0259 ke\u00e7mi\u015f az\u0259rbaycanl\u0131 \u0259sirl\u0259rin k\u00fctl\u0259vi m\u0259zarl\u0131\u011f\u0131 m\u00fc\u0259yy\u0259n edilib. Edilli az\u0259rbaycanl\u0131 \u0259sirl\u0259r \u00fc\u00e7\u00fcn konslager\/i\u015fg\u0259nc\u0259 d\u00fc\u015f\u0259rg\u0259si kimi istifad\u0259 edilib v\u0259 m\u00fclki \u015f\u0259xsl\u0259r erm\u0259ni q\u00fcvv\u0259l\u0259ri t\u0259r\u0259find\u0259n \u0259sir g\u00f6t\u00fcr\u00fcl\u00fcb. Birinci Qaraba\u011f m\u00fcharib\u0259sind\u0259n indiy\u0259d\u0259k 4 000 az\u0259rbaycanl\u0131 itkin d\u00fc\u015f\u00fcb\u201d, &#8211; o qeyd edib.<\/p>\n<p>&nbsp;<\/p>\n<div class=\"twitter-tweet twitter-tweet-rendered\"><iframe id=\"twitter-widget-0\" class=\"\" title=\"Twitter Tweet\" src=\"https:\/\/platform.twitter.com\/embed\/Tweet.html?creatorScreenName=oxuaz&amp;dnt=false&amp;embedId=twitter-widget-0&amp;features=eyJ0ZndfZXhwZXJpbWVudHNfY29va2llX2V4cGlyYXRpb24iOnsiYnVja2V0IjoxMjA5NjAwLCJ2ZXJzaW9uIjpudWxsfSwidGZ3X2hvcml6b25fdHdlZXRfZW1iZWRfOTU1NSI6eyJidWNrZXQiOiJodGUiLCJ2ZXJzaW9uIjpudWxsfSwidGZ3X3NwYWNlX2NhcmQiOnsiYnVja2V0Ijoib2ZmIiwidmVyc2lvbiI6bnVsbH19&amp;frame=false&amp;hideCard=false&amp;hideThread=false&amp;id=1496945668631498752&amp;lang=en&amp;origin=https%3A%2F%2Foxu.az%2Fpolitics%2F576731&amp;sessionId=33f3182c9e06376e10c255105fce5c3b594c19b3&amp;siteScreenName=oxuaz&amp;theme=light&amp;widgetsVersion=2582c61%3A1645036219416&amp;width=550px\" frameborder=\"0\" scrolling=\"no\" allowfullscreen=\"allowfullscreen\" data-tweet-id=\"1496945668631498752\" data-mce-fragment=\"1\"><\/iframe><\/div>\n<\/div>\n<\/article>\n","protected":false},"excerpt":{"rendered":"<p>Az\u0259rbaycan Prezidentinin k\u00f6m\u0259k\u00e7isi &#8211; Prezident Administrasiyas\u0131n\u0131n Xarici siyas\u0259t m\u0259s\u0259l\u0259l\u0259ri \u015f\u00f6b\u0259sinin m\u00fcdiri Hikm\u0259t Hac\u0131yev \u00f6z\u00fcn\u00fcn\u00a0\u201cTwitter\u201d\u00a0hesab\u0131nda az\u0259rbaycanl\u0131lar\u0131n Xocav\u0259ndin Edilli k\u0259ndind\u0259 a\u015fkarlanan k\u00fctl\u0259vi m\u0259zarl\u0131\u011f\u0131 bar\u0259d\u0259 payla\u015f\u0131m edib. ARANTV.AZ \u00a0x\u0259b\u0259r verir ki, Hikm\u0259t Hac\u0131yev Edillinin az\u0259rbaycanl\u0131 \u0259sirl\u0259r \u00fc\u00e7\u00fcn i\u015fg\u0259nc\u0259 d\u00fc\u015f\u0259rg\u0259si kimi istifad\u0259 olundu\u011funu vur\u011fulay\u0131b. \u201c\u015eahidl\u0259rin s\u00f6zl\u0259rin\u0259 g\u00f6r\u0259, bir zamanlar i\u015f\u011fal alt\u0131nda olmu\u015f Edilli k\u0259ndind\u0259 ke\u00e7mi\u015f az\u0259rbaycanl\u0131 \u0259sirl\u0259rin k\u00fctl\u0259vi m\u0259zarl\u0131\u011f\u0131 m\u00fc\u0259yy\u0259n edilib. Edilli az\u0259rbaycanl\u0131 \u0259sirl\u0259r \u00fc\u00e7\u00fcn konslager\/i\u015fg\u0259nc\u0259 d\u00fc\u015f\u0259rg\u0259si kimi istifad\u0259 edilib v\u0259 m\u00fclki \u015f\u0259xsl\u0259r erm\u0259ni q\u00fcvv\u0259l\u0259ri t\u0259r\u0259find\u0259n \u0259sir g\u00f6t\u00fcr\u00fcl\u00fcb. Birinci Qaraba\u011f m\u00fcharib\u0259sind\u0259n indiy\u0259d\u0259k 4 000 az\u0259rbaycanl\u0131 itkin d\u00fc\u015f\u00fcb\u201d, &#8211; o qeyd edib. &nbsp;<\/p>\n","protected":false},"author":2,"featured_media":329433,"comment_status":"closed","ping_status":"closed","sticky":false,"template":"","format":"standard","meta":{"om_disable_all_campaigns":false,"_monsterinsights_skip_tracking":false,"_monsterinsights_sitenote_active":false,"_monsterinsights_sitenote_note":"","_monsterinsights_sitenote_category":0},"categories":[4],"tags":[],"aioseo_notices":[],"gutentor_comment":0,"rttpg_featured_image_url":{"full":["https:\/\/arantv.az\/wp-content\/uploads\/2021\/04\/hikmet_haciyev_bkk.jpg",575,416,false],"landscape":["https:\/\/arantv.az\/wp-content\/uploads\/2021\/04\/hikmet_haciyev_bkk.jpg",575,416,false],"portraits":["https:\/\/arantv.az\/wp-content\/uploads\/2021\/04\/hikmet_haciyev_bkk.jpg",575,416,false],"thumbnail":["https:\/\/arantv.az\/wp-content\/uploads\/2021\/04\/hikmet_haciyev_bkk-500x280.jpg",500,280,true],"medium":["https:\/\/arantv.az\/wp-content\/uploads\/2021\/04\/hikmet_haciyev_bkk-505x365.jpg",505,365,true],"large":["https:\/\/arantv.az\/wp-content\/uploads\/2021\/04\/hikmet_haciyev_bkk.jpg",575,416,false],"1536x1536":["https:\/\/arantv.az\/wp-content\/uploads\/2021\/04\/hikmet_haciyev_bkk.jpg",575,416,false],"2048x2048":["https:\/\/arantv.az\/wp-content\/uploads\/2021\/04\/hikmet_haciyev_bkk.jpg",575,416,false],"post-thumbnail":["https:\/\/arantv.az\/wp-content\/uploads\/2021\/04\/hikmet_haciyev_bkk-240x172.jpg",240,172,true],"advps-thumb-one":["https:\/\/arantv.az\/wp-content\/uploads\/2021\/04\/hikmet_haciyev_bkk.jpg",575,416,false]},"rttpg_author":{"display_name":"V\u00fcsal Rafiqo\u011flu","author_link":"https:\/\/arantv.az\/?author=2"},"rttpg_comment":0,"rttpg_category":"<a href=\"https:\/\/arantv.az\/?cat=4\" rel=\"category\">Siyas\u0259t<\/a>","rttpg_excerpt":"Az\u0259rbaycan Prezidentinin k\u00f6m\u0259k\u00e7isi &#8211; Prezident Administrasiyas\u0131n\u0131n Xarici siyas\u0259t m\u0259s\u0259l\u0259l\u0259ri \u015f\u00f6b\u0259sinin m\u00fcdiri Hikm\u0259t Hac\u0131yev \u00f6z\u00fcn\u00fcn\u00a0\u201cTwitter\u201d\u00a0hesab\u0131nda az\u0259rbaycanl\u0131lar\u0131n Xocav\u0259ndin Edilli k\u0259ndind\u0259 a\u015fkarlanan k\u00fctl\u0259vi m\u0259zarl\u0131\u011f\u0131 bar\u0259d\u0259 payla\u015f\u0131m edib. ARANTV.AZ \u00a0x\u0259b\u0259r verir ki, Hikm\u0259t Hac\u0131yev Edillinin az\u0259rbaycanl\u0131 \u0259sirl\u0259r \u00fc\u00e7\u00fcn i\u015fg\u0259nc\u0259 d\u00fc\u015f\u0259rg\u0259si kimi istifad\u0259 olundu\u011funu vur\u011fulay\u0131b. \u201c\u015eahidl\u0259rin s\u00f6zl\u0259rin\u0259 g\u00f6r\u0259, bir zamanlar i\u015f\u011fal alt\u0131nda olmu\u015f Edilli k\u0259ndind\u0259 ke\u00e7mi\u015f az\u0259rbaycanl\u0131 \u0259sirl\u0259rin k\u00fctl\u0259vi m\u0259zarl\u0131\u011f\u0131&hellip;","_links":{"self":[{"href":"https:\/\/arantv.az\/index.php?rest_route=\/wp\/v2\/posts\/443854"}],"collection":[{"href":"https:\/\/arantv.az\/index.php?rest_route=\/wp\/v2\/posts"}],"about":[{"href":"https:\/\/arantv.az\/index.php?rest_route=\/wp\/v2\/types\/post"}],"author":[{"embeddable":true,"href":"https:\/\/arantv.az\/index.php?rest_route=\/wp\/v2\/users\/2"}],"replies":[{"embeddable":true,"href":"https:\/\/arantv.az\/index.php?rest_route=%2Fwp%2Fv2%2Fcomments&post=443854"}],"version-history":[{"count":0,"href":"https:\/\/arantv.az\/index.php?rest_route=\/wp\/v2\/posts\/443854\/revisions"}],"wp:featuredmedia":[{"embeddable":true,"href":"https:\/\/arantv.az\/index.php?rest_route=\/wp\/v2\/media\/329433"}],"wp:attachment":[{"href":"https:\/\/arantv.az\/index.php?rest_route=%2Fwp%2Fv2%2Fmedia&parent=443854"}],"wp:term":[{"taxonomy":"category","embeddable":true,"href":"https:\/\/arantv.az\/index.php?rest_route=%2Fwp%2Fv2%2Fcategories&post=443854"},{"taxonomy":"post_tag","embeddable":true,"href":"https:\/\/arantv.az\/index.php?rest_route=%2Fwp%2Fv2%2Ftags&post=443854"}],"curies":[{"name":"wp","href":"https:\/\/api.w.org\/{rel}","templated":true}]}}