{"id":443856,"date":"2022-02-25T08:02:18","date_gmt":"2022-02-25T05:02:18","guid":{"rendered":"http:\/\/arantv.az\/?p=443856"},"modified":"2022-02-25T08:02:18","modified_gmt":"2022-02-25T05:02:18","slug":"az%c9%99rbaycan-xin-d%c9%99n-ukraynadaki-g%c9%99rginlikl%c9%99-bagli-cagiris","status":"publish","type":"post","link":"https:\/\/arantv.az\/?p=443856","title":{"rendered":"Az\u0259rbaycan X\u0130N-d\u0259n Ukraynadak\u0131 g\u0259rginlikl\u0259 ba\u011fl\u0131 \u00c7A\u011eIRI\u015e"},"content":{"rendered":"<p>Avropada T\u0259hl\u00fck\u0259sizlik v\u0259 \u018fm\u0259kda\u015fl\u0131q T\u0259\u015fkilat\u0131n\u0131n (AT\u018fT) Pol\u015fa s\u0259drliyi t\u0259r\u0259find\u0259n Daimi \u015euran\u0131n x\u00fcsusi iclas\u0131 ke\u00e7irilib.<\/p>\n<p>Az\u0259rbaycan Respublikas\u0131 Xarici \u0130\u015fl\u0259r Nazirliyinin M\u0259tbuat xidm\u0259tid\u0259n Oxu.Az-a veril\u0259n m\u0259lumata g\u00f6r\u0259, iclasda xarici i\u015fl\u0259r nazirinin m\u00fcavini Araz \u018fzimov video formatda i\u015ftirak edib.<\/p>\n<p>X\u00fcsusi iclasda \u00e7\u0131x\u0131\u015f ed\u0259n A.\u018fzimov Ukraynada v\u0259 \u0259traf\u0131ndak\u0131 v\u0259ziyy\u0259tin ciddi narahatl\u0131q do\u011furdu\u011funu qeyd edib.<\/p>\n<p>V\u0259ziyy\u0259tin g\u0259rginl\u0259\u015fm\u0259sinin itkil\u0259rin olmas\u0131na s\u0259b\u0259b oldu\u011fu qeyd edil\u0259r\u0259k, h\u0259yat\u0131n\u0131 itir\u0259nl\u0259rin ail\u0259l\u0259rin\u0259 v\u0259 yax\u0131nlar\u0131na ba\u015fsa\u011fl\u0131\u011f\u0131 bildirilib.<\/p>\n<p>M\u00f6vcud v\u0259ziyy\u0259tin beyn\u0259lxalq h\u00fcququn norma v\u0259 prinsipl\u0259rin\u0259 uy\u011fun olaraq, o c\u00fcml\u0259d\u0259n d\u00f6vl\u0259tl\u0259rin suverenliyi, \u0259razi b\u00fct\u00f6vl\u00fcy\u00fc, s\u0259rh\u0259dl\u0259rin toxunulmazl\u0131\u011f\u0131, habel\u0259 AT\u018fT m\u0259kan\u0131nda t\u0259hl\u00fck\u0259sizliyin b\u00f6l\u00fcnm\u0259zliyi \u0259sas\u0131nda dinc v\u0259 diplomatik yollarla h\u0259llinin vacib oldu\u011fu vur\u011fulan\u0131b.<\/p>\n<p>M\u00f6vcud durumda, v\u0259ziyy\u0259tin daha da pisl\u0259\u015fm\u0259sinin qar\u015f\u0131s\u0131n\u0131n al\u0131nmas\u0131 \u00fc\u00e7\u00fcn t\u0259xir\u0259sal\u0131nmaz dialoqa \u00e7a\u011f\u0131r\u0131\u015f edilib.<\/p>\n","protected":false},"excerpt":{"rendered":"<p>Avropada T\u0259hl\u00fck\u0259sizlik v\u0259 \u018fm\u0259kda\u015fl\u0131q T\u0259\u015fkilat\u0131n\u0131n (AT\u018fT) Pol\u015fa s\u0259drliyi t\u0259r\u0259find\u0259n Daimi \u015euran\u0131n x\u00fcsusi iclas\u0131 ke\u00e7irilib. Az\u0259rbaycan Respublikas\u0131 Xarici \u0130\u015fl\u0259r Nazirliyinin M\u0259tbuat xidm\u0259tid\u0259n Oxu.Az-a veril\u0259n m\u0259lumata g\u00f6r\u0259, iclasda xarici i\u015fl\u0259r nazirinin m\u00fcavini Araz \u018fzimov video formatda i\u015ftirak edib. X\u00fcsusi iclasda \u00e7\u0131x\u0131\u015f ed\u0259n A.\u018fzimov Ukraynada v\u0259 \u0259traf\u0131ndak\u0131 v\u0259ziyy\u0259tin ciddi narahatl\u0131q do\u011furdu\u011funu qeyd edib. V\u0259ziyy\u0259tin g\u0259rginl\u0259\u015fm\u0259sinin itkil\u0259rin olmas\u0131na s\u0259b\u0259b oldu\u011fu qeyd edil\u0259r\u0259k, h\u0259yat\u0131n\u0131 itir\u0259nl\u0259rin ail\u0259l\u0259rin\u0259 v\u0259 yax\u0131nlar\u0131na ba\u015fsa\u011fl\u0131\u011f\u0131 bildirilib. M\u00f6vcud v\u0259ziyy\u0259tin beyn\u0259lxalq h\u00fcququn norma v\u0259 prinsipl\u0259rin\u0259 uy\u011fun olaraq, o c\u00fcml\u0259d\u0259n d\u00f6vl\u0259tl\u0259rin suverenliyi, \u0259razi b\u00fct\u00f6vl\u00fcy\u00fc, s\u0259rh\u0259dl\u0259rin toxunulmazl\u0131\u011f\u0131, habel\u0259 AT\u018fT m\u0259kan\u0131nda t\u0259hl\u00fck\u0259sizliyin b\u00f6l\u00fcnm\u0259zliyi \u0259sas\u0131nda dinc v\u0259&hellip;<\/p>\n","protected":false},"author":2,"featured_media":413217,"comment_status":"closed","ping_status":"closed","sticky":false,"template":"","format":"standard","meta":{"om_disable_all_campaigns":false,"_monsterinsights_skip_tracking":false,"_monsterinsights_sitenote_active":false,"_monsterinsights_sitenote_note":"","_monsterinsights_sitenote_category":0},"categories":[4],"tags":[],"aioseo_notices":[],"gutentor_comment":0,"rttpg_featured_image_url":{"full":["https:\/\/arantv.az\/wp-content\/uploads\/2021\/12\/xin_2837565.jpg",800,600,false],"landscape":["https:\/\/arantv.az\/wp-content\/uploads\/2021\/12\/xin_2837565.jpg",800,600,false],"portraits":["https:\/\/arantv.az\/wp-content\/uploads\/2021\/12\/xin_2837565.jpg",800,600,false],"thumbnail":["https:\/\/arantv.az\/wp-content\/uploads\/2021\/12\/xin_2837565-500x280.jpg",500,280,true],"medium":["https:\/\/arantv.az\/wp-content\/uploads\/2021\/12\/xin_2837565-487x365.jpg",487,365,true],"large":["https:\/\/arantv.az\/wp-content\/uploads\/2021\/12\/xin_2837565.jpg",640,480,false],"1536x1536":["https:\/\/arantv.az\/wp-content\/uploads\/2021\/12\/xin_2837565.jpg",800,600,false],"2048x2048":["https:\/\/arantv.az\/wp-content\/uploads\/2021\/12\/xin_2837565.jpg",800,600,false],"post-thumbnail":["https:\/\/arantv.az\/wp-content\/uploads\/2021\/12\/xin_2837565-240x172.jpg",240,172,true],"advps-thumb-one":["https:\/\/arantv.az\/wp-content\/uploads\/2021\/12\/xin_2837565.jpg",800,600,false]},"rttpg_author":{"display_name":"V\u00fcsal Rafiqo\u011flu","author_link":"https:\/\/arantv.az\/?author=2"},"rttpg_comment":0,"rttpg_category":"<a href=\"https:\/\/arantv.az\/?cat=4\" rel=\"category\">Siyas\u0259t<\/a>","rttpg_excerpt":"Avropada T\u0259hl\u00fck\u0259sizlik v\u0259 \u018fm\u0259kda\u015fl\u0131q T\u0259\u015fkilat\u0131n\u0131n (AT\u018fT) Pol\u015fa s\u0259drliyi t\u0259r\u0259find\u0259n Daimi \u015euran\u0131n x\u00fcsusi iclas\u0131 ke\u00e7irilib. Az\u0259rbaycan Respublikas\u0131 Xarici \u0130\u015fl\u0259r Nazirliyinin M\u0259tbuat xidm\u0259tid\u0259n Oxu.Az-a veril\u0259n m\u0259lumata g\u00f6r\u0259, iclasda xarici i\u015fl\u0259r nazirinin m\u00fcavini Araz \u018fzimov video formatda i\u015ftirak edib. X\u00fcsusi iclasda \u00e7\u0131x\u0131\u015f ed\u0259n A.\u018fzimov Ukraynada v\u0259 \u0259traf\u0131ndak\u0131 v\u0259ziyy\u0259tin ciddi narahatl\u0131q do\u011furdu\u011funu qeyd edib. V\u0259ziyy\u0259tin g\u0259rginl\u0259\u015fm\u0259sinin itkil\u0259rin olmas\u0131na s\u0259b\u0259b&hellip;","_links":{"self":[{"href":"https:\/\/arantv.az\/index.php?rest_route=\/wp\/v2\/posts\/443856"}],"collection":[{"href":"https:\/\/arantv.az\/index.php?rest_route=\/wp\/v2\/posts"}],"about":[{"href":"https:\/\/arantv.az\/index.php?rest_route=\/wp\/v2\/types\/post"}],"author":[{"embeddable":true,"href":"https:\/\/arantv.az\/index.php?rest_route=\/wp\/v2\/users\/2"}],"replies":[{"embeddable":true,"href":"https:\/\/arantv.az\/index.php?rest_route=%2Fwp%2Fv2%2Fcomments&post=443856"}],"version-history":[{"count":0,"href":"https:\/\/arantv.az\/index.php?rest_route=\/wp\/v2\/posts\/443856\/revisions"}],"wp:featuredmedia":[{"embeddable":true,"href":"https:\/\/arantv.az\/index.php?rest_route=\/wp\/v2\/media\/413217"}],"wp:attachment":[{"href":"https:\/\/arantv.az\/index.php?rest_route=%2Fwp%2Fv2%2Fmedia&parent=443856"}],"wp:term":[{"taxonomy":"category","embeddable":true,"href":"https:\/\/arantv.az\/index.php?rest_route=%2Fwp%2Fv2%2Fcategories&post=443856"},{"taxonomy":"post_tag","embeddable":true,"href":"https:\/\/arantv.az\/index.php?rest_route=%2Fwp%2Fv2%2Ftags&post=443856"}],"curies":[{"name":"wp","href":"https:\/\/api.w.org\/{rel}","templated":true}]}}