{"id":443864,"date":"2022-02-25T08:07:17","date_gmt":"2022-02-25T05:07:17","guid":{"rendered":"http:\/\/arantv.az\/?p=443864"},"modified":"2022-02-25T08:07:17","modified_gmt":"2022-02-25T05:07:17","slug":"bakinin-nomr%c9%99-1-h%c9%99d%c9%99fi-n%c9%99-qanuni-n%c9%99-qanunsuz","status":"publish","type":"post","link":"https:\/\/arantv.az\/?p=443864","title":{"rendered":"Bak\u0131n\u0131n n\u00f6mr\u0259 1 h\u0259d\u0259fi: &#8211; n\u0259 qanuni, n\u0259 qanunsuz!"},"content":{"rendered":"<h3><strong>Az\u0259rbaycan ikiqat \u201ct\u0259hl\u00fck\u0259sizlik \u00e7\u0259tiri\u201d alt\u0131nda; \u201canklav\u201ddak\u0131 separat\u00e7\u0131 \u00fcns\u00fcrl\u0259rin \u00f6mr\u00fcn\u0259 \u00e7ox qalmay\u0131b; \u0130r\u0259vanda v\u0259 \u201c\u015eeytan yuvas\u0131\u201dnda artan t\u0259la\u015f\u0131n s\u0259b\u0259bi&#8230;<\/strong><\/h3>\n<p><strong>Rusiyan\u0131n Ukraynaya ba\u015flayan h\u0259rbi m\u00fcdaxil\u0259si \u015fimal qon\u015fumuzla ehtiyatl\u0131 siyas\u0259t y\u00fcr\u00fctm\u0259yin n\u0259 d\u0259r\u0259c\u0259d\u0259 \u00f6n\u0259mli oldu\u011funu t\u0259z\u0259d\u0259n ortaya qoydu. T\u0259bii ki, Az\u0259rbaycan xalq\u0131 azad d\u00fcnya il\u0259 birlikd\u0259 Ukrayna xalq\u0131n\u0131n yan\u0131ndad\u0131r. Burada ayr\u0131 m\u00f6vqe ola bilm\u0259z.<\/strong><\/p>\n<p>Ona da \u015f\u00fcbh\u0259 yox ki, r\u0259smi Bak\u0131 balansl\u0131 xarici siyas\u0259t kursuna sadiq qalaraq, Moskva il\u0259 n\u0259 q\u0259d\u0259r normal qon\u015fuluq m\u00fcnasib\u0259tl\u0259ri qursa da, qondarma \u201cDXR\u201d v\u0259 \u201cLNR\u201di tan\u0131mayacaq (buna h\u0259tta Rusiyan\u0131n \u0259n yax\u0131n m\u00fctt\u0259fiqi Belarus da getm\u0259di). Bu m\u0259s\u0259l\u0259d\u0259 d\u0259 biz beyn\u0259lxalq birliyin v\u0259 h\u00fcququn yan\u0131nday\u0131q, yan\u0131nda olma\u011fa davam ed\u0259c\u0259yik. H\u0259r halda Az\u0259rbaycan xalq\u0131 v\u0259 d\u00f6vl\u0259ti separatizmin n\u0259 dem\u0259k oldu\u011funu ham\u0131dan yax\u015f\u0131 bilir.<\/p>\n<p><strong>Odur ki, s\u0259sl\u0259n\u0259n b\u0259zi iddialara r\u0259\u011fm\u0259n, iki g\u00fcn \u00f6nc\u0259 imzalanm\u0131\u015f Moskva b\u0259yannam\u0259si d\u0259 Az\u0259rbaycan\u0131n m\u00f6vqeyini d\u0259yi\u015f\u0259 bilm\u0259z. \u018fn az\u0131 o s\u0259b\u0259b\u0259 ki, s\u0259n\u0259din 2-ci b\u0259ndind\u0259 bel\u0259 deyilir:<\/strong>\u00a0\u201cRusiya Federasiyas\u0131 v\u0259 Az\u0259rbaycan Respublikas\u0131 \u00f6z milli maraqlar\u0131n\u0131n m\u00fcdafi\u0259sin\u0259 y\u00f6n\u0259lmi\u015f m\u00fcst\u0259qil xarici siyas\u0259t y\u00fcr\u00fcd\u00fcrl\u0259r\u201d.<\/p>\n<p>*****<\/p>\n<p>M\u00fcst\u0259qil siyas\u0259t d\u0259, zat\u0259n, budur. Ba\u015fqa s\u00f6zl\u0259, Moskva b\u0259yannam\u0259si h\u0259r \u015feyd\u0259n \u00f6nc\u0259 bizim milli maraqlar\u0131m\u0131z\u0131n daha yax\u015f\u0131 m\u00fcdafi\u0259sin\u0259 y\u00f6n\u0259l\u0259n bir s\u0259n\u0259ddir. Onun t\u0259hl\u00fck\u0259sizlik maraqlar\u0131m\u0131z bax\u0131m\u0131ndan \u0259h\u0259miyy\u0259ti is\u0259 x\u00fcsusidir. Bu bar\u0259d\u0259 d\u0259 kifay\u0259t q\u0259d\u0259r yaz\u0131l\u0131b v\u0259 yaz\u0131lacaq. Bir \u015feyi \u0259minlikl\u0259 vur\u011fulamaq olar v\u0259 siyasi \u015f\u0259rh\u00e7il\u0259rd\u0259n biri bunu do\u011fru olaraq vur\u011fulay\u0131b ki, s\u0259n\u0259d erm\u0259nil\u0259rin\u00a0 yuxusunu qa\u00e7\u0131ran \u015eu\u015fa B\u0259yannam\u0259sinin ard\u0131nca Az\u0259rbaycan \u00fcz\u0259rind\u0259 ikinci \u201ct\u0259hl\u00fck\u0259sizlik \u00e7\u0259tiri\u201d say\u0131la bil\u0259r.<\/p>\n<p><img src=\"https:\/\/static.report.az\/photo\/5d455dfb-53cd-304b-bfb5-55e080ff318f_850.jpg\" alt=\"Moskva B\u0259yannam\u0259si - \u0259razi b\u00fct\u00f6vl\u00fcy\u00fc v\u0259 t\u0259hl\u00fck\u0259sizliy\u0259 daha bir qarant |  Report.az\" \/><\/p>\n<p><strong>Dem\u0259k, suverenliyimiz, \u0259razi b\u00fct\u00f6vl\u00fcy\u00fcm\u00fcz v\u0259 s\u0259rh\u0259d toxunulmazl\u0131\u011f\u0131m\u0131z \u00fc\u00e7\u00fcn daha bir ciddi z\u0259man\u0259t \u0259ld\u0259 ed\u0259 bilmi\u015fik. N\u0259 bar\u0259d\u0259 ki, B\u0259yannam\u0259nin 1-ci b\u0259ndind\u0259c\u0259 bildirilir:<\/strong>\u00a0\u201cRusiya Federasiyas\u0131 v\u0259 Az\u0259rbaycan Respublikas\u0131 \u00f6z m\u00fcnasib\u0259tl\u0259rini m\u00fctt\u0259fiqlik qar\u015f\u0131l\u0131ql\u0131 f\u0259aliyy\u0259ti, iki \u00f6lk\u0259nin m\u00fcst\u0259qilliyin\u0259, d\u00f6vl\u0259t suverenliyin\u0259, \u0259razi b\u00fct\u00f6vl\u00fcy\u00fcn\u0259 v\u0259 d\u00f6vl\u0259t s\u0259rh\u0259dl\u0259rinin toxunulmazl\u0131\u011f\u0131na qar\u015f\u0131l\u0131ql\u0131 h\u00f6rm\u0259t, el\u0259c\u0259 d\u0259 bir-birinin daxili i\u015fl\u0259rin\u0259 qar\u0131\u015fmamaq, h\u00fcquq b\u0259rab\u0259rliyi v\u0259 qar\u015f\u0131l\u0131ql\u0131 fayda, m\u00fcbahis\u0259l\u0259rin dinc yolla h\u0259lli v\u0259 g\u00fcc t\u0259tbiq etm\u0259m\u0259k v\u0259 ya g\u00fccl\u0259 h\u0259d\u0259l\u0259m\u0259m\u0259k prinsipl\u0259rin\u0259 sadiqlik \u0259sas\u0131nda qururlar\u201d.<\/p>\n<p>Bu is\u0259 h\u0259m d\u0259 o anlama g\u0259lir ki, Qaraba\u011f \u201canklav\u0131\u201dndak\u0131 separat\u00e7\u0131 qal\u0131qlar\u0131n\u0131n \u00f6mr\u00fcn\u0259 \u00e7ox qalmay\u0131b. T\u0259sad\u00fcfi deyil ki, Moskva b\u0259yannam\u0259sind\u0259ki imzalar\u0131n m\u00fcr\u0259kk\u0259bi qurumam\u0131\u015f v\u0259 Az\u0259rbaycan Prezidentinin \u201cerm\u0259ni silahl\u0131 q\u00fcvv\u0259l\u0259rinin Qaraba\u011fdan \u00e7\u0131xmas\u0131n\u0131 g\u00f6zl\u0259yirik\u201d b\u0259yanat\u0131 s\u0259sl\u0259n\u0259n kimi erm\u0259ni silahl\u0131 quldurlar \u201canklav\u201dda f\u0259alla\u015fma\u011fa ba\u015flay\u0131blar. F\u00fczuli istiqam\u0259tind\u0259 Az\u0259rbaycan Ordusunun m\u00f6vqel\u0259rin\u0259 at\u0259\u015f a\u00e7\u0131lmas\u0131 bu q\u0259bild\u0259ndir. D\u00fcn\u0259n d\u0259 b\u0259nz\u0259r insidentl\u0259r qeyd\u0259 al\u0131n\u0131b.<\/p>\n<p><strong>S\u00f6zs\u00fcz ki, onlar\u0131n cavab\u0131 art\u0131qlamas\u0131 il\u0259 verilib v\u0259 veril\u0259c\u0259k. Erm\u0259ni silahl\u0131 birl\u0259\u015fm\u0259l\u0259rinin Qaraba\u011fdan tam \u00e7\u0131xmas\u0131 l\u0259ngim\u0259y\u0259 davam ed\u0259rs\u0259, bu d\u0259f\u0259 Bak\u0131 daha radikal add\u0131mlar atacaq. Moskva s\u0259n\u0259di bu y\u00f6nd\u0259 \u0259l-qolumuzu daha da a\u00e7\u0131r. \u00dcmid ed\u0259k ki, buna l\u00fczum qalmayacaq, Rusiya q\u00fcvv\u0259l\u0259ri \u00f6zl\u0259ri onlar\u0131 t\u0259rk-silah ed\u0259c\u0259k&#8230;<\/strong><\/p>\n<p>*****<\/p>\n<p>\u018flb\u0259tt\u0259 ki, Az\u0259rbaycan\u0131n 1 n\u00f6mr\u0259li h\u0259d\u0259fi 2025-ci il \u00fc\u00e7\u00fcn \u00fcmumiyy\u0259tl\u0259, he\u00e7 bir xarici h\u0259rbi q\u00fcvv\u0259nin Qaraba\u011fda qalmamas\u0131d\u0131r &#8211; n\u0259 qanuni, n\u0259 qanunsuz. Y\u0259ni Rusiyan\u0131n h\u0259rbi kontingenti d\u0259 b\u00f6lg\u0259ni t\u0259rk el\u0259m\u0259lidir.<\/p>\n<p><img src=\"https:\/\/konkret.az\/cloud\/uploads\/2021\/04\/elxansahinoglu.jpg\" alt=\"Elxan \u015eahino\u011flu son \u00e7\u0131x\u0131\u015f\u0131 il\u0259 \u00f6z\u00fcn\u00fc v\u0259 \u201ca\u011falar\u0131n\u0131\u201d bel\u0259 \u0259l\u0259 verdi -  \u018fTRAFLI | KONKRET\" \/><\/p>\n<p><strong>Elxan \u015eahino\u011flu<\/strong><\/p>\n<p><strong>Politoloq Elxan \u015eahino\u011fluna g\u00f6r\u0259, \u0259slind\u0259 Moskva il\u0259 \u201cm\u00fctt\u0259fiqlik b\u0259yanat\u0131\u201d ona g\u00f6r\u0259 imzalan\u0131b ki, Rusiya h\u0259rb\u00e7il\u0259ri 4 ild\u0259n sonra Az\u0259rbaycan \u0259razisini t\u0259rk etsinl\u0259r. O, Moskvada \u0130lham \u018fliyevl\u0259 g\u00f6r\u00fc\u015fd\u0259 Putinin s\u00f6yl\u0259diyi a\u015fa\u011f\u0131dak\u0131 s\u00f6zl\u0259r\u0259 diqq\u0259t \u00e7\u0259kib:<\/strong>\u00a0\u201cPutin dedi ki, Qazax\u0131stan r\u0259hb\u0259rliyinin xahi\u015fi il\u0259 Kollektiv T\u0259hl\u00fck\u0259sizlik M\u00fcqavil\u0259si T\u0259\u015fkilat\u0131 \u00e7\u0259r\u00e7iv\u0259sind\u0259 Qazax\u0131stan\u0131 d\u0259st\u0259kl\u0259dik. Bu problem aradan qalxan kimi Qazax\u0131stan r\u0259hb\u0259rliyinin xahi\u015fi il\u0259 biz b\u00fct\u00fcn silahl\u0131 q\u00fcvv\u0259l\u0259rimizi oradan \u00e7\u0131xart\u0131q v\u0259 b\u00fct\u00fcn istiqam\u0259tl\u0259r \u00fczr\u0259 Qazax\u0131stanla \u0259m\u0259kda\u015fl\u0131\u011f\u0131 davam etdiririk. \u015e\u00fcbh\u0259siz, bu i\u015f h\u0259m Rusiyan\u0131n, h\u0259m d\u0259 Qazax\u0131stan\u0131n xeyrin\u0259dir v\u0259 Qazax\u0131stan\u0131n suverenliyini m\u00f6hk\u0259ml\u0259dir. Biz bundan sonra da b\u00fct\u00fcn qon\u015fular\u0131m\u0131zla m\u00fcnasib\u0259td\u0259 bu c\u00fcr h\u0259r\u0259k\u0259t etm\u0259k niyy\u0259tind\u0259yik. T\u0259krar edir\u0259m, Ukrayna il\u0259 ba\u011fl\u0131 v\u0259ziyy\u0259t ba\u015fqad\u0131r\u201d.<\/p>\n<p><strong>E.\u015eahino\u011flunun q\u0259na\u0259tinc\u0259, Putin bu a\u00e7\u0131qlama il\u0259 dem\u0259k ist\u0259yib ki, Rusiya 4 ild\u0259n sonra Az\u0259rbaycandan da h\u0259rb\u00e7il\u0259rini \u00e7\u0131xara bil\u0259r:<\/strong>\u00a0\u201cPutin bu v\u0259din\u0259 \u0259m\u0259l ed\u0259c\u0259kmi? O, bunun qar\u015f\u0131l\u0131\u011f\u0131nda Az\u0259rbaycan\u0131n 4 il \u0259rzind\u0259 Rusiyan\u0131n siyas\u0259tini d\u0259st\u0259kl\u0259m\u0259sini t\u0259l\u0259b ed\u0259c\u0259k. Bu m\u00fcmk\u00fcnd\u00fcrm\u00fc? \u018fsas sual budur\u201d.<\/p>\n<p><strong>Buradaca Az\u0259rbaycan lideri \u0130lham \u018fliyevin m\u0259\u015fhur s\u00f6zl\u0259rini yada salma\u011fa d\u0259y\u0259r: \u201cM\u0259n n\u0259yi, n\u0259 zaman etm\u0259yi yax\u015f\u0131 bilir\u0259m&#8230;\u201d\u00a0\u00a0<\/strong><\/p>\n<p>*****<\/p>\n<p>Bu arada Erm\u0259nistan Xarici \u0130\u015fl\u0259r Nazirliyi Moskva b\u0259yannam\u0259sin\u0259 m\u00fcnasib\u0259t bildirib.<strong>\u00a0\u201c\u00dcmid edirik, Moskva il\u0259 Bak\u0131 aras\u0131nda imzalanan m\u00fctt\u0259fiqlik haqda b\u0259yannam\u0259nin imzalanmas\u0131 Az\u0259rbaycan, Rusiya v\u0259 Erm\u0259nistan liderl\u0259rinin \u00fc\u00e7t\u0259r\u0259fli b\u0259yanatlar\u0131n\u0131n h\u0259yata ke\u00e7irilm\u0259si \u00fc\u00e7\u00fcn \u0259lav\u0259 imkanlar yaradacaq ki, bu da \u00f6z n\u00f6vb\u0259sind\u0259 AT\u018fT-in Minsk Qrupunun h\u0259ms\u0259drl\u0259rinin himay\u0259si alt\u0131nda Da\u011fl\u0131q Qaraba\u011f m\u00fcnaqi\u015f\u0259sinin uzunm\u00fcdd\u0259tli v\u0259 h\u0259rt\u0259r\u0259fli h\u0259llin\u0259 t\u00f6hf\u0259 ver\u0259c\u0259k\u201d.<\/strong><\/p>\n<p>Bunu X\u0130N-in m\u0259tbuat katibi Vaan Unanyan deyib.<\/p>\n<p>G\u00f6r\u00fcnd\u00fcy\u00fc kimi, r\u0259smi \u0130r\u0259van h\u0259l\u0259 d\u0259 \u201ck\u00f6hn\u0259 hava\u201ddan \u00e7\u0131xa bilm\u0259yib. 44 g\u00fcnl\u00fck m\u00fcharib\u0259nin yaratd\u0131\u011f\u0131 yeni reall\u0131qlar\u0131, h\u0259tta iki g\u00fcn \u00f6nc\u0259ki Moskva b\u0259yannam\u0259sinin yarad\u0131\u011f\u0131 t\u0259pt\u0259z\u0259 reall\u0131\u011f\u0131 d\u00fcz oxuya bilmir. Oxuya bils\u0259ydil\u0259r, anlayard\u0131lar ki, Minsk Qrupunun qatar\u0131 da \u00e7oxdan gedib. Moskva s\u0259n\u0259dinin daha bir anlam\u0131 m\u0259hz budur&#8230;<\/p>\n","protected":false},"excerpt":{"rendered":"<p>Az\u0259rbaycan ikiqat \u201ct\u0259hl\u00fck\u0259sizlik \u00e7\u0259tiri\u201d alt\u0131nda; \u201canklav\u201ddak\u0131 separat\u00e7\u0131 \u00fcns\u00fcrl\u0259rin \u00f6mr\u00fcn\u0259 \u00e7ox qalmay\u0131b; \u0130r\u0259vanda v\u0259 \u201c\u015eeytan yuvas\u0131\u201dnda artan t\u0259la\u015f\u0131n s\u0259b\u0259bi&#8230; Rusiyan\u0131n Ukraynaya ba\u015flayan h\u0259rbi m\u00fcdaxil\u0259si \u015fimal qon\u015fumuzla ehtiyatl\u0131 siyas\u0259t y\u00fcr\u00fctm\u0259yin n\u0259 d\u0259r\u0259c\u0259d\u0259 \u00f6n\u0259mli oldu\u011funu t\u0259z\u0259d\u0259n ortaya qoydu. T\u0259bii ki, Az\u0259rbaycan xalq\u0131 azad d\u00fcnya il\u0259 birlikd\u0259 Ukrayna xalq\u0131n\u0131n yan\u0131ndad\u0131r. Burada ayr\u0131 m\u00f6vqe ola bilm\u0259z. Ona da \u015f\u00fcbh\u0259 yox ki, r\u0259smi Bak\u0131 balansl\u0131 xarici siyas\u0259t kursuna sadiq qalaraq, Moskva il\u0259 n\u0259 q\u0259d\u0259r normal qon\u015fuluq m\u00fcnasib\u0259tl\u0259ri qursa da, qondarma \u201cDXR\u201d v\u0259 \u201cLNR\u201di tan\u0131mayacaq (buna h\u0259tta Rusiyan\u0131n \u0259n yax\u0131n m\u00fctt\u0259fiqi Belarus da getm\u0259di). Bu m\u0259s\u0259l\u0259d\u0259 d\u0259&hellip;<\/p>\n","protected":false},"author":2,"featured_media":443865,"comment_status":"closed","ping_status":"closed","sticky":false,"template":"","format":"standard","meta":{"om_disable_all_campaigns":false,"_monsterinsights_skip_tracking":false,"_monsterinsights_sitenote_active":false,"_monsterinsights_sitenote_note":"","_monsterinsights_sitenote_category":0},"categories":[19],"tags":[],"aioseo_notices":[],"gutentor_comment":0,"rttpg_featured_image_url":{"full":["https:\/\/arantv.az\/wp-content\/uploads\/2022\/02\/9f44b59f42187e5bccab56cca7315815.jpg",450,300,false],"landscape":["https:\/\/arantv.az\/wp-content\/uploads\/2022\/02\/9f44b59f42187e5bccab56cca7315815.jpg",450,300,false],"portraits":["https:\/\/arantv.az\/wp-content\/uploads\/2022\/02\/9f44b59f42187e5bccab56cca7315815.jpg",450,300,false],"thumbnail":["https:\/\/arantv.az\/wp-content\/uploads\/2022\/02\/9f44b59f42187e5bccab56cca7315815-450x280.jpg",450,280,true],"medium":["https:\/\/arantv.az\/wp-content\/uploads\/2022\/02\/9f44b59f42187e5bccab56cca7315815.jpg",450,300,false],"large":["https:\/\/arantv.az\/wp-content\/uploads\/2022\/02\/9f44b59f42187e5bccab56cca7315815.jpg",450,300,false],"1536x1536":["https:\/\/arantv.az\/wp-content\/uploads\/2022\/02\/9f44b59f42187e5bccab56cca7315815.jpg",450,300,false],"2048x2048":["https:\/\/arantv.az\/wp-content\/uploads\/2022\/02\/9f44b59f42187e5bccab56cca7315815.jpg",450,300,false],"post-thumbnail":["https:\/\/arantv.az\/wp-content\/uploads\/2022\/02\/9f44b59f42187e5bccab56cca7315815-240x172.jpg",240,172,true],"advps-thumb-one":["https:\/\/arantv.az\/wp-content\/uploads\/2022\/02\/9f44b59f42187e5bccab56cca7315815.jpg",450,300,false]},"rttpg_author":{"display_name":"V\u00fcsal Rafiqo\u011flu","author_link":"https:\/\/arantv.az\/?author=2"},"rttpg_comment":0,"rttpg_category":"<a href=\"https:\/\/arantv.az\/?cat=19\" rel=\"category\">G\u00fcnd\u0259m<\/a>","rttpg_excerpt":"Az\u0259rbaycan ikiqat \u201ct\u0259hl\u00fck\u0259sizlik \u00e7\u0259tiri\u201d alt\u0131nda; \u201canklav\u201ddak\u0131 separat\u00e7\u0131 \u00fcns\u00fcrl\u0259rin \u00f6mr\u00fcn\u0259 \u00e7ox qalmay\u0131b; \u0130r\u0259vanda v\u0259 \u201c\u015eeytan yuvas\u0131\u201dnda artan t\u0259la\u015f\u0131n s\u0259b\u0259bi&#8230; Rusiyan\u0131n Ukraynaya ba\u015flayan h\u0259rbi m\u00fcdaxil\u0259si \u015fimal qon\u015fumuzla ehtiyatl\u0131 siyas\u0259t y\u00fcr\u00fctm\u0259yin n\u0259 d\u0259r\u0259c\u0259d\u0259 \u00f6n\u0259mli oldu\u011funu t\u0259z\u0259d\u0259n ortaya qoydu. T\u0259bii ki, Az\u0259rbaycan xalq\u0131 azad d\u00fcnya il\u0259 birlikd\u0259 Ukrayna xalq\u0131n\u0131n yan\u0131ndad\u0131r. Burada ayr\u0131 m\u00f6vqe ola bilm\u0259z. Ona da \u015f\u00fcbh\u0259 yox&hellip;","_links":{"self":[{"href":"https:\/\/arantv.az\/index.php?rest_route=\/wp\/v2\/posts\/443864"}],"collection":[{"href":"https:\/\/arantv.az\/index.php?rest_route=\/wp\/v2\/posts"}],"about":[{"href":"https:\/\/arantv.az\/index.php?rest_route=\/wp\/v2\/types\/post"}],"author":[{"embeddable":true,"href":"https:\/\/arantv.az\/index.php?rest_route=\/wp\/v2\/users\/2"}],"replies":[{"embeddable":true,"href":"https:\/\/arantv.az\/index.php?rest_route=%2Fwp%2Fv2%2Fcomments&post=443864"}],"version-history":[{"count":0,"href":"https:\/\/arantv.az\/index.php?rest_route=\/wp\/v2\/posts\/443864\/revisions"}],"wp:featuredmedia":[{"embeddable":true,"href":"https:\/\/arantv.az\/index.php?rest_route=\/wp\/v2\/media\/443865"}],"wp:attachment":[{"href":"https:\/\/arantv.az\/index.php?rest_route=%2Fwp%2Fv2%2Fmedia&parent=443864"}],"wp:term":[{"taxonomy":"category","embeddable":true,"href":"https:\/\/arantv.az\/index.php?rest_route=%2Fwp%2Fv2%2Fcategories&post=443864"},{"taxonomy":"post_tag","embeddable":true,"href":"https:\/\/arantv.az\/index.php?rest_route=%2Fwp%2Fv2%2Ftags&post=443864"}],"curies":[{"name":"wp","href":"https:\/\/api.w.org\/{rel}","templated":true}]}}