{"id":443867,"date":"2022-02-25T08:08:02","date_gmt":"2022-02-25T05:08:02","guid":{"rendered":"http:\/\/arantv.az\/?p=443867"},"modified":"2022-02-25T08:08:02","modified_gmt":"2022-02-25T05:08:02","slug":"ukrayna-od-icind%c9%99-putin-tarana-getdi","status":"publish","type":"post","link":"https:\/\/arantv.az\/?p=443867","title":{"rendered":"Ukrayna od i\u00e7ind\u0259 &#8211; Putin tarana getdi"},"content":{"rendered":"<p><strong>Rusiya Ukraynan\u0131n strateji obyektl\u0259rini h\u0259d\u0259f almaqda davam edir, i\u015f\u011fal plan\u0131na qar\u015f\u0131 d\u00fcnyan\u0131n haz\u0131r \u201cresepti\u201d olmad\u0131\u011f\u0131 \u00fcz\u0259 \u00e7\u0131xd\u0131; h\u0259r t\u0259r\u0259fd\u0259n Rusiyaya q\u0131naq v\u0259 sanksiyalar ya\u011f\u0131r; m\u00fcharib\u0259 ne\u00e7\u0259 g\u00fcn davam ed\u0259c\u0259k?<\/strong><\/p>\n<p>Fevral\u0131n 24-\u00fc gec\u0259yar\u0131s\u0131 Rusiya prezidenti Vladimir Putin Ukraynan\u0131n Donbas b\u00f6lg\u0259sind\u0259 geni\u015fmiqyasl\u0131 h\u0259rbi \u0259m\u0259liyyatlara ba\u015flad\u0131\u011f\u0131n\u0131 elan edib. Putin Ukraynan\u0131n \u015f\u0259rqind\u0259ki ukraynal\u0131 \u0259sg\u0259rl\u0259ri silahlar\u0131 yer\u0259 qoyma\u011fa v\u0259 evl\u0259rin\u0259 qay\u0131tma\u011fa \u00e7a\u011f\u0131r\u0131b. Onun h\u00fccum \u0259mrind\u0259n d\u0259rhal sonra s\u0259rh\u0259dd\u0259 toplanm\u0131\u015f h\u0259rbi q\u00fcvv\u0259l\u0259r qanadl\u0131 v\u0259 ballistik raketl\u0259rl\u0259 Ukraynaya n\u00f6qt\u0259li z\u0259rb\u0259l\u0259r endirm\u0259y\u0259 ba\u015flay\u0131blar.<\/p>\n<p><strong>H\u00fccumun ilk saatlar\u0131, Zelenskinin m\u00fcraci\u0259tl\u0259ri&#8230;<\/strong><\/p>\n<p>H\u00fccumun ilk saatlar\u0131nda planla\u015fd\u0131r\u0131ld\u0131\u011f\u0131 kimi, Ukraynan\u0131n \u0259sas h\u0259rbi infrastrukturuna, aerodromlara, hava h\u00fccumundan m\u00fcdafi\u0259 sisteml\u0259rin\u0259, silah-sursat anbarlar\u0131na \u015fidd\u0259tli raket-bomba z\u0259rb\u0259l\u0259ri endirilib. Bu zaman intensiv \u015f\u0259kild\u0259 \u201cKalibr\u201d qanadl\u0131 raketl\u0259rind\u0259n v\u0259 \u201c\u0130sg\u0259nd\u0259r-M\u201d operativ-taktiki raketl\u0259rind\u0259n istifad\u0259 olunub, o c\u00fcml\u0259d\u0259n Rusiyan\u0131n strateji bombardman\u00e7\u0131lar\u0131 \u00f6lk\u0259nin d\u0259rinlikl\u0259rind\u0259n, Ukraynan\u0131n hava m\u0259kan\u0131na daxil olmadan uzaqm\u0259nzilli qanadl\u0131 raketl\u0259rl\u0259 z\u0259rb\u0259l\u0259r endiribl\u0259r. Yerli vaxtla s\u0259h\u0259r saat 05:00 rad\u0259l\u0259rind\u0259n ba\u015flayaraq Donetsk, Zaporojye, Luqansk, Odessa, Herson, Nikolayev, Poltava, \u00c7erniqov, Jitomir v\u0259 Kiyev vilay\u0259tl\u0259rin\u0259 raket z\u0259rb\u0259l\u0259ri endirilib.<\/p>\n<p><img src=\"https:\/\/cdn.trend.az\/2021\/05\/28\/vladimir_zelenski_280521.jpg\" alt=\"Ukraynada haz\u0131rk\u0131 v\u0259ziyy\u0259t n\u0259zar\u0259t alt\u0131ndad\u0131r - Vladimir Zelenski\" \/><\/p>\n<p>Ukrayna prezidenti Volodimir Zelenski bunun ard\u0131nca iki d\u0259f\u0259 h\u0259m \u00f6z xalq\u0131na, h\u0259m d\u0259 Rusiya xalq\u0131na m\u00fcraci\u0259t edib. O, xalq\u0131n\u0131 t\u0259mkinli olma\u011fa \u00e7a\u011f\u0131r\u0131b, h\u0259m\u00e7inin, rusiyal\u0131lara xitab\u0259n \u00f6lk\u0259sinin m\u00fcharib\u0259 ist\u0259m\u0259diyini deyib. Bildirib ki, Putinl\u0259 telefon \u0259laq\u0259si saxlama\u011fa c\u0259hd ets\u0259 d\u0259, qar\u015f\u0131 t\u0259r\u0259f bundan imtina edib. H\u0259tta onun m\u00fcraci\u0259tinin Rusiya telekanallar\u0131 vasit\u0259sil\u0259 yay\u0131m\u0131na da qada\u011fa qoyulub. Zelenski milli t\u0259hl\u00fck\u0259sizlik v\u0259 m\u00fcdafi\u0259 \u015furas\u0131n\u0131 toplayaraq \u00f6lk\u0259d\u0259 h\u0259rbi v\u0259ziyy\u0259t elan edib v\u0259 h\u0259r k\u0259si silaha sar\u0131lma\u011fa \u00e7a\u011f\u0131r\u0131b. Prezident \u00f6lk\u0259d\u0259 raket z\u0259rb\u0259l\u0259ri endirilm\u0259si il\u0259 ba\u011fl\u0131 x\u0259b\u0259rl\u0259ri t\u0259sdiql\u0259yib. Onun s\u00f6zl\u0259rin\u0259 g\u00f6r\u0259, Rusiya Ukraynan\u0131n infrastrukturuna v\u0259 s\u0259rh\u0259d\u00e7il\u0259rin\u0259 raket z\u0259rb\u0259l\u0259ri endirib. \u201cH\u0259r birimiz m\u00fcst\u0259qilliyimiz \u00fc\u00e7\u00fcn \u00e7al\u0131\u015f\u0131r\u0131q. D\u00f6vl\u0259tinizi qorumaq \u00fc\u00e7\u00fcn haz\u0131r olun. Moskva n\u0259 d\u00fc\u015f\u00fcn\u00fcrs\u0259-d\u00fc\u015f\u00fcns\u00fcn, ukraynal\u0131lar \u00f6z torpaqlar\u0131nda ya\u015famaq h\u00fcququna malikdir. Bu g\u00fcnd\u0259n etibar\u0259n Ukrayna d\u00fcnya tarixind\u0259 yerini tapd\u0131. Rusiya xalq\u0131 se\u00e7im qar\u015f\u0131s\u0131ndad\u0131r. \u0130st\u0259y\u0259n m\u00fcharib\u0259y\u0259 etiraz ed\u0259 bil\u0259r\u201d, &#8211; Zelenski deyib.<\/p>\n<p>Ukrayna Silahl\u0131 Q\u00fcvv\u0259l\u0259ri yayd\u0131\u011f\u0131 b\u0259yanatda Rusiya h\u0259rbi hava q\u00fcvv\u0259l\u0259rinin \u00f6lk\u0259nin Kiyevd\u0259 yerl\u0259\u015f\u0259n beyn\u0259lxalq Borispol v\u0259 dig\u0259r m\u00fclki hava limanlar\u0131n\u0131 at\u0259\u015f\u0259 tutdu\u011funu a\u00e7\u0131qlay\u0131b.(BBC) Bundan \u0259lav\u0259, qurum Rusiyan\u0131n Odessa \u015f\u0259h\u0259rind\u0259 d\u0259niz liman\u0131n\u0131 \u0259l\u0259 ke\u00e7irm\u0259si il\u0259 ba\u011fl\u0131 iddialar\u0131 t\u0259kzib edib. Rusiyan\u0131n M\u00fcdafi\u0259 Nazirliyi is\u0259 \u015f\u0259h\u0259rl\u0259rin h\u00fccuma m\u0259ruz qalmas\u0131 iddialar\u0131n\u0131 inkar edib. Nazirliyin a\u00e7\u0131qlamas\u0131nda deyilir ki, Rusiya h\u0259rbi \u0259m\u0259liyyatlar\u0131 \u201cy\u00fcks\u0259k d\u0259qiqlikli silahlarla\u201d h\u0259yata ke\u00e7irir v\u0259 m\u0259qs\u0259d \u201ch\u0259rbi infrastrukturu, hava h\u00fccumundan m\u00fcdafi\u0259 sistemini v\u0259 hava q\u00fcvv\u0259l\u0259rini\u201d h\u0259d\u0259f almaqd\u0131r. Aerodromlara v\u0259 h\u0259rbi q\u0259rargahlara h\u00fccum edildiyini Kiyev t\u0259sdiql\u0259yib.<\/p>\n<p><strong>R\u0259smil\u0259r: \u201cUkrayna ordusu m\u00fcqavim\u0259t g\u00f6st\u0259rir&#8230;\u201d<\/strong><\/p>\n<p>Ukraynan\u0131n m\u00fcdafi\u0259 naziri Aleksey Reznikov xalqa m\u00fcraci\u0259t edib, sakitliy\u0259 \u00e7a\u011f\u0131r\u0131b v\u0259 bildirib ki, ordu m\u00fcdafi\u0259ni saxlay\u0131r, Rusiya qo\u015funlar\u0131na m\u00fcqavim\u0259t g\u00f6st\u0259rir. \u201cD\u00fc\u015fm\u0259n bizim \u015f\u0259rqd\u0259ki m\u00fc\u0259ssis\u0259l\u0259rimizi, habel\u0259 dig\u0259r regionlardak\u0131 h\u0259rbi idar\u0259etm\u0259 m\u0259rk\u0259zl\u0259rini v\u0259 aerodromlar\u0131 intensiv at\u0259\u015f\u0259 tutur. H\u0259rb\u00e7il\u0259rimiz \u0259ll\u0259rind\u0259n g\u0259l\u0259ni edirl\u0259r ki, sizi m\u00fcdafi\u0259 etsinl\u0259r v\u0259 t\u0259cav\u00fczkara \u00f6lk\u0259nin i\u00e7\u0259ril\u0259rin\u0259 soxulma\u011fa imkan verm\u0259sinl\u0259r\u201d, &#8211; nazir deyib.<\/p>\n<p>Reznikov \u0259halini evl\u0259rind\u0259 qalma\u011fa, t\u0259hl\u00fck\u0259siz yerl\u0259rd\u0259 s\u0131\u011f\u0131nacaqlara yerl\u0259\u015fm\u0259y\u0259 \u00e7a\u011f\u0131r\u0131b.<\/p>\n<p>Ukrayna Silahl\u0131 Q\u00fcvv\u0259l\u0259rinin Ba\u015f Q\u0259rargah r\u0259isi\u00a0 Valeri Zalujn\u0131y is\u0259 yayd\u0131\u011f\u0131 b\u0259yanat\u0131nda b\u00fct\u00fcn b\u00f6lm\u0259l\u0259r\u0259 d\u00fc\u015fm\u0259n\u0259 \u015fidd\u0259tli m\u00fcqavim\u0259t g\u00f6st\u0259rm\u0259k \u0259mri verildiyini bildirib.<\/p>\n<p><img loading=\"lazy\" src=\"https:\/\/api.qazet.az\/uploads\/e4b96827-2e23-4b5c-b2ff-8fd3cc456788.jpeg\" alt=\"Kiyev OD \u0130\u00c7\u0130ND\u018f - Rus x\u00fcsusi t\u0259yinatl\u0131lar h\u0259lledici h\u00fccuma haz\u0131rla\u015f\u0131r |  Qazet.az\" width=\"821\" height=\"461\" \/><\/p>\n<p><strong>Rusiya aqressiyas\u0131&#8230;\u00a0<\/strong><\/p>\n<p>G\u00fcn\u00fcn ikinci yar\u0131s\u0131nda Rusiya ordusu Ukraynaya qar\u015f\u0131 irimiqyasl\u0131 h\u0259rbi \u0259m\u0259liyyatlar\u0131 geni\u015fl\u0259ndirib. Bel\u0259 ki, Belarusda c\u0259ml\u0259\u015fdirilmi\u015f Rusiya ordusu q\u00fcvv\u0259l\u0259ri d\u0259 Ukrayna \u0259razisin\u0259 daxil olub. CNN telekanal\u0131 Rusiya tanklar\u0131n\u0131n Ukrayna-Belarus s\u0259rh\u0259dind\u0259ki s\u0259rh\u0259d-ke\u00e7id m\u0259nt\u0259q\u0259sind\u0259n \u00f6lk\u0259 \u0259razisin\u0259 nec\u0259 daxil oldu\u011funu \u0259ks etdir\u0259n kadrlar\u0131 yay\u0131b. Ukraynan\u0131n s\u0259rh\u0259d qo\u015funlar\u0131n\u0131n onlara m\u00fcqavim\u0259t g\u00f6st\u0259rm\u0259si bar\u0259d\u0259 m\u0259lumat yoxdur. Habel\u0259, Ukrayna D\u00f6vl\u0259t S\u0259rh\u0259di Rusiya qo\u015funlar\u0131n\u0131n ilhaq edilmi\u015f Kr\u0131m \u0259razisind\u0259n d\u0259 h\u00fccuma ke\u00e7diyini a\u00e7\u0131qlay\u0131b.<\/p>\n<p>H\u00fccum \u015f\u0259rq istiqam\u0259tind\u0259n d\u0259 davam edib, \u015fahidl\u0259r \u00c7erniqov vilay\u0259tinin Novqorod-Seversk rayonu istiqam\u0259tind\u0259n Rusiya tanklar\u0131n\u0131n \u00f6lk\u0259 \u0259razisinin i\u00e7\u0259ril\u0259rin\u0259 do\u011fru ir\u0259lil\u0259diyini bildirib. Ukraynan\u0131n Quru Qo\u015funlar\u0131n\u0131n komandanl\u0131\u011f\u0131 Luqansk vilay\u0259tind\u0259 ged\u0259n d\u00f6y\u00fc\u015fl\u0259r zaman\u0131 Rusiya ordusunun bir ne\u00e7\u0259 tank\u0131n\u0131n, avtomobil texnikas\u0131n\u0131n v\u0259 dig\u0259r d\u00f6y\u00fc\u015f vasit\u0259l\u0259rinin m\u0259hv edildiyini bildirir.<\/p>\n<p>Ukraynal\u0131 r\u0259smil\u0259rin a\u00e7\u0131qlamalar\u0131na g\u00f6r\u0259, Belarusda yerl\u0259\u015fdiril\u0259n q\u00fcvv\u0259l\u0259r d\u0259 bu \u00f6lk\u0259y\u0259 qar\u015f\u0131 \u015fimal istiqam\u0259td\u0259n h\u00fccumlara ba\u015flay\u0131b. Rusiya M\u00fcdafi\u0259 Nazirliyi b\u0259yan edib ki, Ukraynan\u0131n hava h\u00fccumundan m\u00fcdafi\u0259 sisteml\u0259ri onlar t\u0259r\u0259find\u0259n m\u0259hv edilib. Ukrayna h\u0259rb\u00e7il\u0259ri h\u0259l\u0259 d\u0259 h\u00fccuma qar\u015f\u0131 m\u00fcbariz\u0259 apard\u0131qlar\u0131n\u0131 bildiribl\u0259r.<\/p>\n<p><img src=\"https:\/\/teleqraf.com\/storage\/2022\/02\/24\/1645688483-299.jpg\" alt=\"Rus ordusu Kiyevi vurdu: Raketl\u0259r i\u015f\u0259 sal\u0131nd\u0131 -\" \/><\/p>\n<p><strong>Beyn\u0259lxalq reaksiya: \u201cM\u0259suliyy\u0259t Putinin \u00fcz\u0259rind\u0259dir\u201d<\/strong><\/p>\n<p>Rusiya Ukraynaya qar\u015f\u0131 h\u0259rbi \u0259m\u0259liyyatlara start verdikd\u0259n d\u0259rhal sonra AB\u015e prezidenti Co Bayden ukraynal\u0131 h\u0259mkar\u0131 Volodimir Zelenski il\u0259 telefonla dan\u0131\u015f\u0131b.<\/p>\n<p>A\u011f Ev r\u0259hb\u0259ri \u00e7\u0131x\u0131\u015f\u0131nda Rusiyan\u0131n h\u00fccumlar\u0131n\u0131 \u201cs\u0259b\u0259bsiz v\u0259 haqs\u0131z\u201d adland\u0131r\u0131b. \u201cB\u00f6y\u00fck 7-lik\u201d \u00f6lk\u0259l\u0259ri il\u0259 iclas ke\u00e7ir\u0259c\u0259yini dey\u0259n Bayden Kreml administrasiyas\u0131na qar\u015f\u0131 \u201ca\u011f\u0131r sanksiyalar\u201d t\u0259tbiq ed\u0259c\u0259yini bildirib.<\/p>\n<p>O, Ukraynaya b\u00fct\u00fcn \u201cz\u0259ruri d\u0259st\u0259k v\u0259 yard\u0131mlar\u0131n davam etdiril\u0259c\u0259yini\u201d vur\u011fulay\u0131b. Bayden ba\u015f ver\u0259n b\u00fct\u00fcn hadis\u0259l\u0259r\u0259 g\u00f6r\u0259 yaln\u0131z Rusiyan\u0131n m\u0259suliyy\u0259t da\u015f\u0131yaca\u011f\u0131n\u0131 qeyd edib. Ukraynaya h\u00fccuma m\u00fcnasib\u0259t bildir\u0259n B\u00f6y\u00fck Britaniyan\u0131n Ba\u015f naziri Boris Conson a\u00e7\u0131qlamas\u0131nda Putinin \u201cqanl\u0131 yol\u201du se\u00e7diyini qeyd edib. Britaniyal\u0131 h\u00f6kum\u0259t ba\u015f\u00e7\u0131s\u0131 m\u00fctt\u0259fiql\u0259ri il\u0259 Rusiyaya qar\u015f\u0131 m\u00fcmk\u00fcn cavab variantlar\u0131n\u0131n m\u00fczakir\u0259 edil\u0259c\u0259yini a\u00e7\u0131qlay\u0131b.<\/p>\n<p><img src=\"https:\/\/static.dw.com\/image\/60840418_303.jpg\" alt=\"NATO\u2032s Jens Stoltenberg urges Russia to \u2032step back from the brink\u2032 | News |  DW | 19.02.2022\" \/><\/p>\n<p>NATO-nun Ba\u015f katibi Jens Stoltenberg h\u00fccumu \u201cbeyn\u0259lxalq h\u00fcququn ciddi pozulmas\u0131\u201d kimi \u015f\u0259rh edib. H\u0259rbi alyans\u0131n r\u0259hb\u0259ri Twitter hesab\u0131nda payla\u015fd\u0131\u011f\u0131 statusda h\u0259rbi \u0259m\u0259liyyatlar\u0131n \u201csays\u0131z-hesabs\u0131z m\u00fclki \u0259halinin h\u0259yat\u0131n\u0131 risk\u0259 atd\u0131\u011f\u0131n\u0131\u201d bildirib. O, q\u0131sa m\u00fcdd\u0259td\u0259 NATO m\u00fctt\u0259fiql\u0259rinin bir araya g\u0259l\u0259r\u0259k, Rusiyan\u0131n \u201caqressiv davran\u0131\u015flar\u0131na\u201d qar\u015f\u0131 at\u0131lacaq m\u00fcmk\u00fcn add\u0131mlar\u0131 m\u00fczakir\u0259 ed\u0259c\u0259kl\u0259rini deyib. \u201cBiz Rusiyan\u0131n Ukraynaya tamamil\u0259 \u0259sass\u0131z d\u0259h\u015f\u0259tli h\u00fccumunu \u0259n k\u0259skin \u015f\u0259kild\u0259 pisl\u0259yirik. D\u00fc\u015f\u00fcnc\u0259l\u0259rimiz b\u00fct\u00fcn \u00f6l\u0259nl\u0259rin v\u0259 yaralananlar\u0131n, Ukrayna xalq\u0131n\u0131n yan\u0131ndad\u0131r. Biz Belarusu da bu h\u00fccuma icaz\u0259 verdiyin\u0259 g\u00f6r\u0259 q\u0131nay\u0131r\u0131q\u201d. Bu bar\u0259d\u0259 NATO-nun Rusiyan\u0131n Ukraynaya h\u00fccumuna dair b\u0259yanat\u0131nda qeyd olunub. Daha sonra deyilir: \u201cBu, yeni h\u00fccum beyn\u0259lxalq h\u00fcququn, o c\u00fcml\u0259d\u0259n BMT Nizamnam\u0259sinin kobud \u015f\u0259kild\u0259 pozulmas\u0131d\u0131r v\u0259 Rusiyan\u0131n Helsinki Yekun Akt\u0131, Paris Xartiyas\u0131, Budape\u015ft Memorandumu v\u0259 Rusiya-NATO-nun t\u0259sis akt\u0131ndan ir\u0259li g\u0259l\u0259n \u00f6hd\u0259likl\u0259rin\u0259 tamamil\u0259 ziddir. Bu, m\u00fcst\u0259qil dinc \u00f6lk\u0259y\u0259 qar\u015f\u0131 t\u0259cav\u00fcz akt\u0131d\u0131r. Biz Ukrayna xalq\u0131n\u0131 v\u0259 onun qanuni, demokratik yolla se\u00e7ilmi\u015f Prezidentini, parlamentini v\u0259 h\u00f6kum\u0259tini d\u0259st\u0259kl\u0259yirik. Biz h\u0259mi\u015f\u0259 Ukraynan\u0131n beyn\u0259lxalq s\u0259viyy\u0259d\u0259 tan\u0131nm\u0131\u015f s\u0259rh\u0259dl\u0259ri, o c\u00fcml\u0259d\u0259n akvatoriyas\u0131 daxilind\u0259 \u0259razi b\u00fct\u00f6vl\u00fcy\u00fcn\u00fc v\u0259 suverenliyini tam d\u0259st\u0259kl\u0259y\u0259c\u0259yik. Biz Rusiyan\u0131 h\u0259rbi \u0259m\u0259liyyatlar\u0131 d\u0259rhal dayand\u0131rma\u011fa v\u0259 b\u00fct\u00fcn q\u00fcvv\u0259l\u0259rini Ukrayna v\u0259 onun \u0259traf\u0131ndan \u00e7\u0131xarma\u011fa, beyn\u0259lxalq humanitar h\u00fcquqa tam \u0259m\u0259l etm\u0259y\u0259, ehtiyac\u0131 olanlar\u0131n ham\u0131s\u0131na t\u0259hl\u00fck\u0259siz v\u0259 mane\u0259siz humanitar \u00e7\u0131x\u0131\u015f v\u0259 yard\u0131m g\u00f6st\u0259rm\u0259y\u0259 \u00e7a\u011f\u0131r\u0131r\u0131q\u201d.<\/p>\n<p><img src=\"https:\/\/ichef.bbci.co.uk\/news\/640\/cpsprodpb\/D853\/production\/_123397355_3c39a902-16a2-4285-8e41-e1240652f116.jpg\" alt=\"Rusiyan\u0131n Ukraynaya h\u00fccumundan sonra Kiyevd\u0259 h\u0259yat-fotolar - BBC News  Az\u0259rbaycanca\" \/><\/p>\n<p><strong>Ukraynan\u0131n prezidenti Volodimir Zelenski v\u0259 Avropa \u0130ttifaq\u0131 \u015euras\u0131n\u0131n prezidenti \u015earl Mi\u015fel aras\u0131nda telefon dan\u0131\u015f\u0131\u011f\u0131 olub. Bu bar\u0259d\u0259 A\u0130 \u015euras\u0131n\u0131n ba\u015f\u00e7\u0131s\u0131 Twitterd\u0259 m\u0259lumat verib.<\/strong><\/p>\n<p>\u201cPrezident Zelenski il\u0259 Rusiyan\u0131n Ukraynaya qar\u015f\u0131 \u0259sass\u0131z irimiqyasl\u0131 h\u0259rbi t\u0259cav\u00fcz\u00fcn\u00fc \u0259n k\u0259skin \u015f\u0259kild\u0259 pisl\u0259m\u0259k v\u0259 Ukrayna il\u0259 g\u00fccl\u00fc h\u0259mr\u0259yliyimizi ifad\u0259 etm\u0259k \u00fc\u00e7\u00fcn dan\u0131\u015fd\u0131m\u201d, &#8211; siyas\u0259t\u00e7i qeyd edib.<\/p>\n<p>Ukrayna T\u00fcrkiy\u0259d\u0259n yard\u0131m ist\u0259yib. Bunu Ukraynan\u0131n Ankaradak\u0131 s\u0259firi Vasil Bodnar Twitter s\u0259hif\u0259sind\u0259 yaz\u0131b. \u201cRusiya Federasiyas\u0131 Ukraynaya qar\u015f\u0131 m\u00fcharib\u0259y\u0259 ba\u015flay\u0131b. Ukraynan\u0131n dinc \u015f\u0259h\u0259rl\u0259rini bombalay\u0131rlar. Biz strateji m\u00fctt\u0259fiqimiz T\u00fcrkiy\u0259ni v\u0259 dost T\u00fcrkiy\u0259 xalq\u0131n\u0131 bu \u00e7\u0259tin zamanda biz\u0259 yard\u0131m etm\u0259y\u0259 \u00e7a\u011f\u0131r\u0131r\u0131q\u201d, &#8211; diplomat bildirib.<\/p>\n<p>Az\u0259rbaycan\u0131n Xarici \u0130\u015fl\u0259r Nazirliyi Ukraynadak\u0131 v\u0259ziyy\u0259tl\u0259 \u0259laq\u0259dar, bu \u00f6lk\u0259d\u0259 daimi v\u0259 m\u00fcv\u0259qq\u0259ti ya\u015fayan Az\u0259rbaycan v\u0259t\u0259nda\u015flar\u0131na m\u00fcraci\u0259t ed\u0259r\u0259k onlardan h\u0259rbi q\u00fcvv\u0259l\u0259rin c\u0259ml\u0259\u015fdiyi \u0259razil\u0259r\u0259 (Ukraynan\u0131n \u015f\u0259rq b\u00f6lg\u0259sind\u0259 yerl\u0259\u015f\u0259n s\u0259rh\u0259d vilay\u0259tl\u0259rin\u0259) s\u0259yah\u0259t etm\u0259m\u0259yi, habel\u0259 \u00f6lk\u0259 \u0259razisind\u0259ki h\u0259rbi obyektl\u0259rd\u0259n uzaq olmalar\u0131n\u0131 t\u00f6vsiy\u0259 edir. Bu bar\u0259d\u0259 Az\u0259rbaycan Xarici \u0130\u015fl\u0259r Nazirliyind\u0259n m\u0259lumat verilib.<\/p>\n<p>V\u0259t\u0259nda\u015flar\u0131m\u0131za ehtiyac olmad\u0131\u011f\u0131 t\u0259qdird\u0259 evl\u0259rind\u0259 v\u0259 ya g\u00fcv\u0259nli yerl\u0259rd\u0259 qalmalar\u0131 v\u0259 s\u0259yah\u0259tl\u0259rd\u0259n \u00e7\u0259kinm\u0259l\u0259ri m\u0259sl\u0259h\u0259t g\u00f6r\u00fcl\u00fcr. Eyni zamanda v\u0259t\u0259nda\u015flar\u0131m\u0131za Ukrayna d\u00f6vl\u0259t orqanlar\u0131n\u0131n r\u0259smi m\u0259lumatlar\u0131n\u0131 izl\u0259m\u0259l\u0259ri t\u00f6vsiy\u0259 edilir.<\/p>\n<p><strong>T\u00fcrkiy\u0259nin m\u00f6vqeyi<\/strong><\/p>\n<p>Rusiyan\u0131n Ukraynaya m\u00fcdaxil\u0259sind\u0259n sonra T\u00fcrkiy\u0259 prezidenti R\u0259c\u0259b Tayyib \u018frdo\u011fan\u0131n s\u0259drliyi il\u0259 Ankarada t\u0259hl\u00fck\u0259sizlik zirv\u0259si ke\u00e7irilib v\u0259 Rusiya-Ukrayna m\u0259s\u0259l\u0259si m\u00fczakir\u0259 olunub.<\/p>\n<p><strong>\u201cT\u00fcrkiy\u0259nin Ukraynan\u0131n \u0259razi b\u00fct\u00f6vl\u00fcy\u00fcn\u00fc d\u0259st\u0259kl\u0259diyini telefon dan\u0131\u015f\u0131\u011f\u0131m\u0131z zaman\u0131 ukraynal\u0131 h\u0259mkar\u0131m Volodimir Zelenskiy\u0259 d\u0259 dedim\u201d.<\/strong><\/p>\n<p>&nbsp;<\/p>\n<p><strong><img src=\"https:\/\/ww2.ona.az\/upload\/news\/2020\/february\/25\/big\/805e552c9b27de3.jpg\" alt=\"R\u0259c\u0259b Tayyib \u018frdo\u011fan: &amp;quot;Xocal\u0131 q\u0259tliam\u0131n\u0131 bir daha l\u0259n\u0259tl\u0259yirik\u201d\" \/><\/strong><\/p>\n<p>Bunu T\u00fcrkiy\u0259 prezidenti R\u0259c\u0259b Tayyib \u018frdo\u011fan deyib. \u201cG\u0259rginliyin Minsk raz\u0131la\u015fmalar\u0131 \u00e7\u0259r\u00e7iv\u0259sind\u0259 t\u0259nziml\u0259nm\u0259si arzumuzu bir daha t\u0259krarlay\u0131r\u0131q. Bunu d\u00fcn\u0259n telefon dan\u0131\u015f\u0131\u011f\u0131 zaman\u0131 Rusiya prezidenti Vladimir Putin\u0259 d\u0259 dedim. H\u0259rbi m\u00fcdaxil\u0259nin q\u0259buledilm\u0259z oldu\u011funu v\u0259 r\u0259dd etdiyimizi bir daha xat\u0131rlatmaq ist\u0259yir\u0259m. Beyn\u0259lxalq h\u00fcquqa zidd kimi qiym\u0259tl\u0259ndirdiyimiz bu add\u0131m regionun sabitliyin\u0259 vurulmu\u015f bir z\u0259rb\u0259dir\u201d, &#8211; d\u00f6vl\u0259t ba\u015f\u00e7\u0131s\u0131 s\u00f6yl\u0259yib.<\/p>\n<p>Bu arada T\u00fcrkiy\u0259 X\u0130N Ukraynadak\u0131 v\u0259t\u0259nda\u015flar\u0131na m\u00fcraci\u0259t edib. \u201cUkraynan\u0131n hava m\u0259kan\u0131 h\u0259l\u0259 ki qapal\u0131d\u0131r. M\u00f6vcud v\u0259ziyy\u0259td\u0259 evl\u0259rinizd\u0259 v\u0259 ya t\u0259hl\u00fck\u0259siz bir yerd\u0259 qalman\u0131z\u0131, s\u0259yah\u0259td\u0259n qa\u00e7\u0131nman\u0131z\u0131 xahi\u015f edirik\u201d, bildirilir. \u201c\u00d6lk\u0259ni t\u0259rk etm\u0259k ist\u0259y\u0259nl\u0259r \u00fc\u00e7\u00fcn laz\u0131mi d\u0259st\u0259k v\u0259 koordinasiya t\u0259min edil\u0259c\u0259k\u201d, &#8211; \u00e7a\u011f\u0131r\u0131\u015fda vur\u011fulan\u0131r.<\/p>\n<p><strong>\u018fn m\u00fcxt\u0259lif iddialar&#8230;<\/strong><\/p>\n<p>Sosial \u015f\u0259b\u0259k\u0259 istifad\u0259\u00e7il\u0259ri Rusiyan\u0131n Ukraynan\u0131n Xarkov \u015f\u0259h\u0259rin\u0259 havadan desant atd\u0131\u011f\u0131na dair g\u00f6r\u00fcnt\u00fcl\u0259ri yay\u0131blar. Xarkov s\u0259mas\u0131nda \u00e7oxsayl\u0131 desant para\u015f\u00fctl\u0259rinin u\u00e7du\u011fu g\u00f6r\u00fcnt\u00fcl\u0259rd\u0259 \u0259ks olunub. Bundan \u0259vv\u0259l Rusiya h\u0259rbi d\u0259niz q\u00fcvv\u0259l\u0259rinin Azov d\u0259nizi v\u0259 Qara d\u0259nizind\u0259n d\u0259 h\u00fccuma ke\u00e7diyi, Odessaya d\u0259niz desant\u0131n\u0131n \u00e7\u0131xar\u0131ld\u0131\u011f\u0131 x\u0259b\u0259r verilib.<\/p>\n<p>Ukrayna hakimiyy\u0259ti \u00f6lk\u0259nin \u015f\u0259rqind\u0259n \u0259halinin total t\u0259xliy\u0259sini elan edib. Sakinl\u0259rd\u0259n Dnepr \u015f\u0259h\u0259ri istiqam\u0259tind\u0259 h\u0259r\u0259k\u0259t etm\u0259k xahi\u015f olunur. O c\u00fcml\u0259d\u0259n Luqansk vilay\u0259tinin b\u00fct\u00fcn sakinl\u0259rin\u0259 d\u0259rhal evl\u0259rini t\u0259rk etm\u0259k t\u00f6vsiy\u0259 edilib. \u015e\u0259h\u0259r administrasiyas\u0131 sakinl\u0259r\u0259 \u00f6z avtomobill\u0259ri v\u0259 dig\u0259r m\u00fcmk\u00fcn n\u0259qliyyat vasit\u0259l\u0259ri il\u0259 Dnepr \u015f\u0259h\u0259ri istiqam\u0259tind\u0259 h\u0259r\u0259k\u0259t etm\u0259yi g\u00f6st\u0259ri\u015f verib.<\/p>\n<p><strong>Litva prezidenti Qitanas Naused Ukraynadak\u0131 \u015f\u0259raitl\u0259 \u0259laq\u0259dar \u00f6lk\u0259sind\u0259 f\u00f6vq\u0259lad\u0259 v\u0259ziyy\u0259tin t\u0259tbiqin\u0259 dair s\u0259r\u0259ncam imzalayaraq parlamentd\u0259n s\u0259n\u0259din t\u0259sdiql\u0259nm\u0259sini ist\u0259yib. Bu bar\u0259d\u0259 m\u0259lumat\u0131 \u201cR\u0130A Novosti\u201d yay\u0131b.<\/strong><\/p>\n<p>C\u0259nubi Koreya prezidenti Mun Ce-\u0130n bildirib ki, Seul Rusiyaya qar\u015f\u0131 Ukraynaya h\u00fccumu il\u0259 \u0259laq\u0259dar iqtisadi sanksiyalar t\u0259tbiq etm\u0259kd\u0259 dig\u0259r \u00f6lk\u0259l\u0259r\u0259 qo\u015fulacaq. Bu bar\u0259d\u0259 d\u00f6vl\u0259t ba\u015f\u00e7\u0131s\u0131n\u0131n m\u0259tbuat katibi bildirib.<\/p>\n<p>Milli T\u0259hl\u00fck\u0259sizlik \u015euras\u0131n\u0131n Seulda ke\u00e7iril\u0259n iclas\u0131nda Mun Ukraynan\u0131n suverenliyin\u0259, \u0259razi b\u00fct\u00f6vl\u00fcy\u00fcn\u0259 v\u0259 m\u00fcst\u0259qilliyin\u0259 h\u00f6rm\u0259t edilm\u0259li oldu\u011funu bildirib. \u201cG\u00fcnahs\u0131z h\u0259yatlara z\u0259r\u0259r ver\u0259n h\u0259rbi g\u00fccd\u0259n istifad\u0259 he\u00e7 bir \u015f\u0259kild\u0259 \u0259sasland\u0131r\u0131la bilm\u0259z\u201d, &#8211; Mun bildirib.<\/p>\n<p>O qeyd edib ki, C\u0259nubi Koreya iqtisadi sanksiyalara qo\u015fulmaqla beyn\u0259lxalq ictimaiyy\u0259tin silahl\u0131 t\u0259cav\u00fcz\u00fcn qar\u015f\u0131s\u0131n\u0131 almaq v\u0259 s\u00fclh \u00fcsullar\u0131 il\u0259 h\u0259ll yolu tapmaq, s\u0259yl\u0259rini d\u0259st\u0259kl\u0259y\u0259c\u0259k.<\/p>\n<p>Pak sanksiyalar\u0131n n\u0259d\u0259n ibar\u0259t oldu\u011funu a\u00e7\u0131qlamay\u0131b.<\/p>\n<p><strong>Luka\u015fenkodan Minskd\u0259 dan\u0131\u015f\u0131qlar t\u0259klifi<\/strong><\/p>\n<p>Belarus prezidenti Aleksandr Luka\u015fenko h\u0259rb\u00e7il\u0259rl\u0259 operativ iclas ke\u00e7irib. O, Ukraynada h\u0259rbi \u0259m\u0259liyyatlar\u0131n dayand\u0131r\u0131lmas\u0131 \u00fc\u00e7\u00fcn \u00fcmid yeri oldu\u011funu deyib. \u201cDan\u0131\u015f\u0131qlar \u00fc\u00e7\u00fcn Ukraynan\u0131n demilitirizasiyas\u0131, NATO-ya \u00fczvl\u00fckd\u0259n imtina etm\u0259si v\u0259 Donbasda d\u00f6y\u00fc\u015fl\u0259ri dayand\u0131rmas\u0131 laz\u0131md\u0131r\u201d. Luka\u015fenko Kiyevin c\u0259bh\u0259d\u0259 m\u0259\u011flubiyy\u0259t\u0259 u\u011frad\u0131\u011f\u0131n\u0131, Moskva il\u0259 dan\u0131\u015f\u0131qlara ehtiyac oldu\u011funu s\u00f6yl\u0259yib. Belarus lideri Moskva il\u0259 Kiyev aras\u0131nda dan\u0131\u015f\u0131qlar \u00fc\u00e7\u00fcn Minskd\u0259 g\u00f6r\u00fc\u015f ke\u00e7irilm\u0259sini t\u0259klif edib.<\/p>\n<p><img src=\"https:\/\/i4.hurimg.com\/i\/hurriyet\/75\/750x422\/5f42cbb02269a22bf0374db1.jpg\" alt=\"Aleksandr Luka\u015fenko kimdir? \u0130\u015fte Luka\u015fenko&amp;#39;nun biyografisi - En Son Haberler\" \/><\/p>\n<p>Rusiya qo\u015funlar\u0131 b\u0259zi istiqam\u0259tl\u0259rd\u0259n Ukrayna \u0259razil\u0259rinin i\u00e7\u0259ril\u0259rin\u0259 do\u011fru t\u0259xmin\u0259n 5 kilometr ir\u0259lil\u0259yib, lakin Putinin birinci z\u0259rb\u0259si u\u011fursuz olub. Bu haqda Ukrayna prezidentinin Ofisinin m\u00fc\u015faviri Aleksey Arestovi\u00e7 ke\u00e7irdiyi brifinqd\u0259 bildirib. \u201c\u018fsas z\u0259rb\u0259l\u0259r saat 05:00 rad\u0259l\u0259rind\u0259 bizim h\u0259rbi infrastruktura, aerodromlara, sursat anbarlar\u0131na v\u0259 h\u0259rbi komanda m\u0259rk\u0259zl\u0259rin\u0259 endirilib. \u0130lkin d\u0259y\u0259rl\u0259ndirm\u0259l\u0259rimiz\u0259 g\u00f6r\u0259 bu z\u0259rb\u0259l\u0259r u\u011fursuz olub, itkil\u0259r var, amma onlar \u0259h\u0259miyy\u0259tli deyil v\u0259 Ukrayna ordusunun d\u00f6y\u00fc\u015f qabiliyy\u0259tin\u0259 ciddi t\u0259sir g\u00f6st\u0259rm\u0259yib\u201d, &#8211; Arestovi\u00e7 deyib. Onun s\u00f6zl\u0259rin\u0259 g\u00f6r\u0259, Xarkov v\u0259 \u00c7erniqov vilay\u0259tl\u0259rind\u0259, Suma yax\u0131nl\u0131\u011f\u0131nda, Vol\u0131nsk istiqam\u0259tind\u0259 Rusiya qo\u015funlar\u0131 5 kilometr ir\u0259lil\u0259yib. Amma d\u00fc\u015fm\u0259n\u0259 m\u00fcqavim\u0259t g\u00f6st\u0259rilir v\u0259 onlar\u0131n ir\u0259lil\u0259m\u0259si dayan\u0131b. Ukrayna ordusunun 40-dan art\u0131q h\u0259rb\u00e7isinin, bir ne\u00e7\u0259 m\u00fclki sakininin h\u0259lak oldu\u011fu deyilir. Rusiyan\u0131n 7 t\u0259yyar\u0259sinin, h\u0259m\u00e7inin tanklar\u0131n\u0131n vuruldu\u011fu, 50 canl\u0131 q\u00fcvv\u0259 itirdiyi, 2 h\u0259rb\u00e7isinin \u0259sir g\u00f6t\u00fcr\u00fcld\u00fcy\u00fc haqda m\u0259lumat var.<\/p>\n<p><strong>\u015eahidl\u0259r n\u0259 deyir?<\/strong><\/p>\n<p>\u201cYeni M\u00fcsavat\u201d olaraq g\u00fcn \u0259rzind\u0259 bir ne\u00e7\u0259 d\u0259f\u0259 Ukraynada ya\u015fayan soyda\u015flar\u0131m\u0131zla \u0259laq\u0259 saxlay\u0131b, son durumla ba\u011fl\u0131 m\u0259lumatlar ald\u0131q, onlar\u0131n durumu il\u0259 maraqland\u0131q. Bildirildi ki, g\u0259rginlik olsa da, panika yoxdur, \u0259hali sonad\u0259k d\u00f6y\u00fc\u015f\u0259 haz\u0131rd\u0131r. Sad\u0259c\u0259, aptekl\u0259rd\u0259, ma\u011fazalarda, valyutad\u0259yi\u015fm\u0259 m\u0259nt\u0259q\u0259l\u0259rind\u0259 uzun n\u00f6vb\u0259l\u0259r var, sakinl\u0259r daha t\u0259hl\u00fck\u0259siz \u0259razil\u0259r\u0259 k\u00f6\u00e7 edir, hakimiyy\u0259tin \u00e7a\u011f\u0131r\u0131\u015f\u0131na \u0259sas\u0259n, s\u0131\u011f\u0131nacaqlarda daldalan\u0131r, yaxud evl\u0259rd\u0259 qalma\u011fa \u00fcst\u00fcnl\u00fck verirl\u0259r. Metro v\u0259 avtobuslar is\u0259 pulsuzdur.<\/p>\n<p>G\u00fcn \u0259rzind\u0259 Ukrayna ordusu Luqansk vilay\u0259tinin ya\u015fay\u0131\u015f m\u0259nt\u0259q\u0259sini ruslardan geri ald\u0131\u011f\u0131 bar\u0259d\u0259 d\u0259 x\u0259b\u0259r verilib. Ukrayna Silahl\u0131 Q\u00fcvv\u0259l\u0259ri Luqansk vilay\u0259tinin \u015e\u00e7astye b\u00f6lg\u0259sind\u0259 rus ordusunun h\u00fccumunu d\u0259f edib. Bu bar\u0259d\u0259 Strateji Kommunikasiya v\u0259 Strateji T\u0259hl\u00fck\u0259sizlik M\u0259rk\u0259zi Facebook-da m\u0259lumat yay\u0131b. Q\u0259rargah\u0131n m\u0259lumat\u0131na g\u00f6r\u0259, Ukrayna ordusu qar\u015f\u0131 t\u0259r\u0259fin texnikas\u0131n\u0131 m\u0259hv edib, 50-y\u0259 yax\u0131n r\u0259qibini m\u0259hv edib.<\/p>\n<p><img loading=\"lazy\" src=\"https:\/\/i.dailymail.co.uk\/1s\/2022\/02\/24\/17\/54612707-0-image-a-23_1645725540479.jpg\" alt=\"Putin will &amp;#39;decapitate&amp;#39; the Ukrainian government in Kyiv and install his  own, Pentagon warns | Daily Mail Online\" width=\"742\" height=\"446\" \/><\/p>\n<p><strong>Kiyev h\u0259d\u0259fd\u0259\u00a0<\/strong><\/p>\n<p>Rusiya h\u0259rbi texnikas\u0131 Kiyev istiqam\u0259tind\u0259 h\u00fccuma ke\u00e7ib. Bunu Ukrayna S\u0259rh\u0259d Xidm\u0259tinin m\u0259tbuat katibi Andrey Dem\u00e7enko deyib. \u201cKiyev vilay\u0259tind\u0259 rus qo\u015funlar\u0131 d\u00f6vl\u0259t s\u0259rh\u0259dini pozaraq h\u00fccuma ke\u00e7dil\u0259r\u201d, &#8211; Dem\u00e7enko bildirib. Onun s\u00f6zl\u0259rin\u0259 g\u00f6r\u0259, rus h\u0259rbi texnika karvan\u0131 \u201cVil\u00e7a\u201d burax\u0131l\u0131\u015f m\u0259nt\u0259q\u0259sind\u0259n ke\u00e7ib.<\/p>\n<p>\u018fn son m\u0259lumata g\u00f6r\u0259, Rusiya silahl\u0131 q\u00fcvv\u0259l\u0259rinin h\u0259rbi birl\u0259\u015fm\u0259l\u0259ri Kiyev\u0259 daxil olub. Bu iddia il\u0259 \u201cFrans Press\u201d agentliyi \u00e7\u0131x\u0131\u015f edib.<\/p>\n<p><strong>M\u00fcharib\u0259 ne\u00e7\u0259 g\u00fcn davam ed\u0259c\u0259k?<\/strong><\/p>\n<p>H\u0259l\u0259lik g\u00f6r\u00fcn\u0259n budur ki, beyn\u0259lxalq birlik b\u0259yanatlarla v\u0259 sanksiya q\u0259rarlar\u0131 il\u0259 kifay\u0259tl\u0259nir, dost Ukrayna xalq\u0131 v\u0259 d\u00f6vl\u0259ti is\u0259 itkil\u0259r verm\u0259kd\u0259dir&#8230; Bir s\u0131ra ekspertl\u0259r deyir ki, m\u00fcharib\u0259 Q\u0259rb d\u00fcnyas\u0131n\u0131n i\u015f\u011fal plan\u0131na qar\u015f\u0131 haz\u0131r \u201cresepti\u201d olmad\u0131\u011f\u0131n \u00fcz\u0259 \u00e7\u0131xard\u0131. O s\u0259b\u0259bd\u0259n m\u00fcharib\u0259nin ne\u00e7\u0259 g\u00fcn v\u0259 hans\u0131 n\u0259tic\u0259 il\u0259 bit\u0259c\u0259yi haqda dan\u0131\u015fan yoxdur&#8230;<\/p>\n","protected":false},"excerpt":{"rendered":"<p>Rusiya Ukraynan\u0131n strateji obyektl\u0259rini h\u0259d\u0259f almaqda davam edir, i\u015f\u011fal plan\u0131na qar\u015f\u0131 d\u00fcnyan\u0131n haz\u0131r \u201cresepti\u201d olmad\u0131\u011f\u0131 \u00fcz\u0259 \u00e7\u0131xd\u0131; h\u0259r t\u0259r\u0259fd\u0259n Rusiyaya q\u0131naq v\u0259 sanksiyalar ya\u011f\u0131r; m\u00fcharib\u0259 ne\u00e7\u0259 g\u00fcn davam ed\u0259c\u0259k? Fevral\u0131n 24-\u00fc gec\u0259yar\u0131s\u0131 Rusiya prezidenti Vladimir Putin Ukraynan\u0131n Donbas b\u00f6lg\u0259sind\u0259 geni\u015fmiqyasl\u0131 h\u0259rbi \u0259m\u0259liyyatlara ba\u015flad\u0131\u011f\u0131n\u0131 elan edib. Putin Ukraynan\u0131n \u015f\u0259rqind\u0259ki ukraynal\u0131 \u0259sg\u0259rl\u0259ri silahlar\u0131 yer\u0259 qoyma\u011fa v\u0259 evl\u0259rin\u0259 qay\u0131tma\u011fa \u00e7a\u011f\u0131r\u0131b. Onun h\u00fccum \u0259mrind\u0259n d\u0259rhal sonra s\u0259rh\u0259dd\u0259 toplanm\u0131\u015f h\u0259rbi q\u00fcvv\u0259l\u0259r qanadl\u0131 v\u0259 ballistik raketl\u0259rl\u0259 Ukraynaya n\u00f6qt\u0259li z\u0259rb\u0259l\u0259r endirm\u0259y\u0259 ba\u015flay\u0131blar. H\u00fccumun ilk saatlar\u0131, Zelenskinin m\u00fcraci\u0259tl\u0259ri&#8230; H\u00fccumun ilk saatlar\u0131nda planla\u015fd\u0131r\u0131ld\u0131\u011f\u0131 kimi, Ukraynan\u0131n \u0259sas h\u0259rbi infrastrukturuna, aerodromlara,&hellip;<\/p>\n","protected":false},"author":2,"featured_media":443868,"comment_status":"closed","ping_status":"closed","sticky":false,"template":"","format":"standard","meta":{"om_disable_all_campaigns":false,"_monsterinsights_skip_tracking":false,"_monsterinsights_sitenote_active":false,"_monsterinsights_sitenote_note":"","_monsterinsights_sitenote_category":0},"categories":[19],"tags":[],"aioseo_notices":[],"gutentor_comment":0,"rttpg_featured_image_url":{"full":["https:\/\/arantv.az\/wp-content\/uploads\/2022\/02\/fdf80d9a4ffbbe82865e31025e83acea.jpg",450,300,false],"landscape":["https:\/\/arantv.az\/wp-content\/uploads\/2022\/02\/fdf80d9a4ffbbe82865e31025e83acea.jpg",450,300,false],"portraits":["https:\/\/arantv.az\/wp-content\/uploads\/2022\/02\/fdf80d9a4ffbbe82865e31025e83acea.jpg",450,300,false],"thumbnail":["https:\/\/arantv.az\/wp-content\/uploads\/2022\/02\/fdf80d9a4ffbbe82865e31025e83acea-450x280.jpg",450,280,true],"medium":["https:\/\/arantv.az\/wp-content\/uploads\/2022\/02\/fdf80d9a4ffbbe82865e31025e83acea.jpg",450,300,false],"large":["https:\/\/arantv.az\/wp-content\/uploads\/2022\/02\/fdf80d9a4ffbbe82865e31025e83acea.jpg",450,300,false],"1536x1536":["https:\/\/arantv.az\/wp-content\/uploads\/2022\/02\/fdf80d9a4ffbbe82865e31025e83acea.jpg",450,300,false],"2048x2048":["https:\/\/arantv.az\/wp-content\/uploads\/2022\/02\/fdf80d9a4ffbbe82865e31025e83acea.jpg",450,300,false],"post-thumbnail":["https:\/\/arantv.az\/wp-content\/uploads\/2022\/02\/fdf80d9a4ffbbe82865e31025e83acea-240x172.jpg",240,172,true],"advps-thumb-one":["https:\/\/arantv.az\/wp-content\/uploads\/2022\/02\/fdf80d9a4ffbbe82865e31025e83acea.jpg",450,300,false]},"rttpg_author":{"display_name":"V\u00fcsal Rafiqo\u011flu","author_link":"https:\/\/arantv.az\/?author=2"},"rttpg_comment":0,"rttpg_category":"<a href=\"https:\/\/arantv.az\/?cat=19\" rel=\"category\">G\u00fcnd\u0259m<\/a>","rttpg_excerpt":"Rusiya Ukraynan\u0131n strateji obyektl\u0259rini h\u0259d\u0259f almaqda davam edir, i\u015f\u011fal plan\u0131na qar\u015f\u0131 d\u00fcnyan\u0131n haz\u0131r \u201cresepti\u201d olmad\u0131\u011f\u0131 \u00fcz\u0259 \u00e7\u0131xd\u0131; h\u0259r t\u0259r\u0259fd\u0259n Rusiyaya q\u0131naq v\u0259 sanksiyalar ya\u011f\u0131r; m\u00fcharib\u0259 ne\u00e7\u0259 g\u00fcn davam ed\u0259c\u0259k? Fevral\u0131n 24-\u00fc gec\u0259yar\u0131s\u0131 Rusiya prezidenti Vladimir Putin Ukraynan\u0131n Donbas b\u00f6lg\u0259sind\u0259 geni\u015fmiqyasl\u0131 h\u0259rbi \u0259m\u0259liyyatlara ba\u015flad\u0131\u011f\u0131n\u0131 elan edib. Putin Ukraynan\u0131n \u015f\u0259rqind\u0259ki ukraynal\u0131 \u0259sg\u0259rl\u0259ri silahlar\u0131 yer\u0259 qoyma\u011fa v\u0259 evl\u0259rin\u0259&hellip;","_links":{"self":[{"href":"https:\/\/arantv.az\/index.php?rest_route=\/wp\/v2\/posts\/443867"}],"collection":[{"href":"https:\/\/arantv.az\/index.php?rest_route=\/wp\/v2\/posts"}],"about":[{"href":"https:\/\/arantv.az\/index.php?rest_route=\/wp\/v2\/types\/post"}],"author":[{"embeddable":true,"href":"https:\/\/arantv.az\/index.php?rest_route=\/wp\/v2\/users\/2"}],"replies":[{"embeddable":true,"href":"https:\/\/arantv.az\/index.php?rest_route=%2Fwp%2Fv2%2Fcomments&post=443867"}],"version-history":[{"count":0,"href":"https:\/\/arantv.az\/index.php?rest_route=\/wp\/v2\/posts\/443867\/revisions"}],"wp:featuredmedia":[{"embeddable":true,"href":"https:\/\/arantv.az\/index.php?rest_route=\/wp\/v2\/media\/443868"}],"wp:attachment":[{"href":"https:\/\/arantv.az\/index.php?rest_route=%2Fwp%2Fv2%2Fmedia&parent=443867"}],"wp:term":[{"taxonomy":"category","embeddable":true,"href":"https:\/\/arantv.az\/index.php?rest_route=%2Fwp%2Fv2%2Fcategories&post=443867"},{"taxonomy":"post_tag","embeddable":true,"href":"https:\/\/arantv.az\/index.php?rest_route=%2Fwp%2Fv2%2Ftags&post=443867"}],"curies":[{"name":"wp","href":"https:\/\/api.w.org\/{rel}","templated":true}]}}