{"id":443870,"date":"2022-02-25T08:08:44","date_gmt":"2022-02-25T05:08:44","guid":{"rendered":"http:\/\/arantv.az\/?p=443870"},"modified":"2022-02-25T08:08:44","modified_gmt":"2022-02-25T05:08:44","slug":"rusiyanin-sulhm%c9%99ramlilari-cixarmaq-ucun-s%c9%99rti-var","status":"publish","type":"post","link":"https:\/\/arantv.az\/?p=443870","title":{"rendered":"Rusiyan\u0131n s\u00fclhm\u0259raml\u0131lar\u0131 \u00e7\u0131xarmaq \u00fc\u00e7\u00fcn \u015f\u0259rti var"},"content":{"rendered":"<h3><strong>Politoloq: \u201cRusiya dem\u0259k ist\u0259yir ki,\u00a0 Qaraba\u011fda yerl\u0259\u015fmi\u015f s\u00fclhm\u0259raml\u0131 q\u00fcvv\u0259l\u0259r o zaman missiyas\u0131n\u0131 sona \u00e7atd\u0131ra bil\u0259r&#8230;\u201d<\/strong><\/h3>\n<p><em>Fevral\u0131n 22-d\u0259 Moskvada Vladimir Putin v\u0259 \u0130lham \u018fliyev aras\u0131nda imzalanm\u0131\u015f s\u0259n\u0259d \u201cAz\u0259rbaycan Respublikas\u0131 il\u0259 Rusiya Federasiyas\u0131 aras\u0131nda m\u00fctt\u0259fiqlik qar\u015f\u0131l\u0131ql\u0131 f\u0259aliyy\u0259ti haqq\u0131nda\u201d B\u0259yannam\u0259\u00a0 40-dan art\u0131q sah\u0259 v\u0259 istiqam\u0259t \u00fczr\u0259 iki \u00f6lk\u0259 aras\u0131nda \u0259laq\u0259l\u0259rin inki\u015faf etdirilm\u0259sini v\u0259 koordinasiyal\u0131 f\u0259aliyy\u0259ti n\u0259z\u0259rd\u0259 tutur. Ekspertl\u0259rin iddias\u0131na g\u00f6r\u0259,\u00a0 Rusiya prezidenti Putin\u00a0 g\u00f6r\u00fc\u015fd\u0259 Az\u0259rbaycan \u00fc\u00e7\u00fcn \u0259n h\u0259ssas m\u0259s\u0259l\u0259 &#8211; s\u00fclhm\u0259raml\u0131lar\u0131n hans\u0131 \u015f\u0259kild\u0259 Qaraba\u011fdan \u00e7\u0131xar\u0131laca\u011f\u0131na i\u015far\u0259l\u0259r edib. Bu zaman Qazax\u0131stan n\u00fcmun\u0259sini misal g\u0259tirib: \u201c\u0130ndic\u0259, Sizinl\u0259 g\u00f6r\u00fc\u015fd\u0259n \u0259vv\u0259l Qazax\u0131stan Prezidenti il\u0259 s\u00f6hb\u0259t edirdim.<\/em><\/p>\n<p>Fikrimc\u0259, bu, Rusiyan\u0131n qon\u015fular\u0131m\u0131z\u0131n suverenliyini yaln\u0131z d\u0259st\u0259kl\u0259diyini, onu h\u0259r vasit\u0259 il\u0259 m\u00f6hk\u0259ml\u0259ndirdiyini g\u00f6st\u0259r\u0259n ikinci \u00e7ox yax\u015f\u0131 n\u00fcmun\u0259dir. Qazax\u0131stan n\u00fcmun\u0259si d\u0259 bizim m\u0259hz bu c\u00fcr siyas\u0259timiz\u0259 d\u0259lal\u0259t edir, onu t\u0259sdiq edir. Qazax\u0131standa problem aradan qalxan kimi Qazax\u0131stan r\u0259hb\u0259rliyinin xahi\u015fi il\u0259 biz Kollektiv T\u0259hl\u00fck\u0259sizlik M\u00fcqavil\u0259si T\u0259\u015fkilat\u0131n\u0131n kontingenti \u00e7\u0259r\u00e7iv\u0259sind\u0259 \u00f6z\u00fcm\u00fcz\u00fcn b\u00fct\u00fcn silahl\u0131 q\u00fcvv\u0259l\u0259rimizi oradan \u00e7\u0131xartd\u0131q v\u0259 b\u00fct\u00fcn istiqam\u0259tl\u0259r \u00fczr\u0259 Qazax\u0131stanla \u0259m\u0259kda\u015fl\u0131\u011f\u0131 davam etdiririk. \u015e\u00fcbh\u0259siz, bu i\u015f h\u0259m Rusiyan\u0131n, h\u0259m d\u0259 Qazax\u0131stan\u0131n xeyrin\u0259dir v\u0259 Qazax\u0131stan\u0131n suverenliyini m\u00f6hk\u0259ml\u0259dir. Biz bundan sonra da b\u00fct\u00fcn qon\u015fular\u0131m\u0131zla m\u00fcnasib\u0259td\u0259 bu c\u00fcr h\u0259r\u0259k\u0259t etm\u0259k niyy\u0259tind\u0259yik\u201d.<\/p>\n<p>Ekspertl\u0259rin \u015f\u0259rhin\u0259 g\u00f6r\u0259,\u00a0 Kreml sahibi dem\u0259k ist\u0259yir ki, Az\u0259rbaycan da \u00f6z\u00fcn\u00fc Qazax\u0131stan kimi aparmal\u0131d\u0131r, Rusiyan\u0131n orbitind\u0259 olan KTMT, Avrasiya \u0130ttifaq\u0131na \u00fczv olsa, s\u00fclhm\u0259raml\u0131lar\u0131 q\u0131sa m\u00fcdd\u0259td\u0259 Qaraba\u011fdan \u00e7\u0131xara bil\u0259r.<\/p>\n<p><img src=\"https:\/\/modern.az\/file\/articles\/2019\/08\/16\/344786.jpg\" alt=\"63 ya\u015fl\u0131 Qafar \u00c7axmaql\u0131: \u201cH\u0259mi\u015f\u0259 h\u0259r \u015feyi s\u0131f\u0131rdan ba\u015flam\u0131\u015fam\u201d - M\u00dcSAH\u0130B\u018f\" \/><\/p>\n<p><strong>Qafar \u00c7axmaql\u0131\u00a0<\/strong><\/p>\n<p><strong>Politoloq Qafar \u00c7axmaql\u0131 \u201cYeni M\u00fcsavat\u201da bildirdi ki, Az\u0259rbaycanla m\u00fctt\u0259fiqlik m\u00fcqavil\u0259sinin imzalanmas\u0131 Rusiyan\u0131n\u00a0 guya dig\u0259r qon\u015fu \u00f6lk\u0259l\u0259rl\u0259 \u0259m\u0259kda\u015fl\u0131q etdiyi g\u00f6r\u00fcnt\u00fcs\u00fc verm\u0259kdir:<\/strong>\u00a0\u201cPutinin Qazax\u0131stan \u00f6rn\u0259yini dil\u0259 g\u0259tirm\u0259si d\u0259 dig\u0259r qon\u015fu ke\u00e7mi\u015f SSR\u0130-y\u0259 daxil olan \u00f6lk\u0259l\u0259r\u0259 x\u0259b\u0259rdarl\u0131qd\u0131r, o dem\u0259kdir ki, Rusiya bu \u00f6lk\u0259l\u0259rl\u0259 ba\u011fl\u0131 ist\u0259diyini ed\u0259 bil\u0259r.\u00a0 \u018flb\u0259tt\u0259, Rusiya dem\u0259k ist\u0259yir ki, Qaraba\u011fda yerl\u0259\u015fmi\u015f s\u00fclhm\u0259raml\u0131 q\u00fcvv\u0259l\u0259r o zaman missiyas\u0131n\u0131 sona \u00e7atd\u0131ra bil\u0259r ki, burada m\u00fcnaqi\u015f\u0259 olmas\u0131n. Amma eyni zamanda hesab edir ki, Qaraba\u011fda h\u0259l\u0259 ruslara ehtiyac var v\u0259 Rusiya b\u00f6lg\u0259d\u0259n \u00e7\u0131xmamaq \u00fc\u00e7\u00fcn bu durumun davam etm\u0259sin\u0259 maraql\u0131d\u0131r\u201d. Q.\u00c7axmaql\u0131 qeyd etdi ki, ruslar\u0131n Qaraba\u011fdan \u00e7\u0131xar\u0131lmas\u0131n\u0131n Az\u0259rbaycan\u0131n irad\u0259sind\u0259n as\u0131l\u0131 olmad\u0131\u011f\u0131 i\u015far\u0259si Moskva b\u0259yannam\u0259sind\u0259 d\u0259 dolay\u0131s\u0131 il\u0259 \u00f6z \u0259ksini tap\u0131b: \u201cBu fikir d\u0259 daha \u00f6nc\u0259l\u0259rd\u0259 d\u0259 bilinirdi ki, Rusiya Az\u0259rbaycan\u0131 \u00f6z\u00fcn\u00fcn r\u0259hb\u0259rlik etdiyi ittifaqlara c\u0259lb etm\u0259k ist\u0259yir. KTMT v\u0259 Avrasiya \u0130ttifaq\u0131na Az\u0259rbaycan\u0131 \u00e7\u0259k\u0259 bils\u0259 o zaman hans\u0131sa \u015f\u0259rtl\u0259r daxilind\u0259 Rusiya s\u00fclhm\u0259raml\u0131lar\u0131 \u00e7\u0131xar\u0131la bil\u0259r. Bu is\u0259 5 ilin tamam olmas\u0131ndan sonra g\u00fcnd\u0259m\u0259 g\u0259l\u0259 bil\u0259r. H\u0259min ittifaqlara \u00fczvl\u00fck is\u0259 Az\u0259rbaycan\u0131n siyasi m\u00fcst\u0259qilliyini m\u0259hdudla\u015fd\u0131ra v\u0259 T\u00fcrkiy\u0259nin b\u00f6lg\u0259d\u0259 roluna z\u0259rb\u0259 vura bil\u0259r. S\u00fclhm\u0259raml\u0131lar\u0131n \u00e7\u0131xar\u0131lmas\u0131 \u00f6z\u00fc Az\u0259rbaycan\u0131n geni\u015f m\u0259nada z\u0259r\u0259rin\u0259 i\u015fl\u0259m\u0259sin dey\u0259 erm\u0259ni i\u015f\u011fal\u0131ndan azad edilm\u0259mi\u015f Qaraba\u011f\u0131n \u0259razil\u0259rind\u0259 suveren d\u00f6vl\u0259t h\u00fcquqlar\u0131 b\u0259rpa edilm\u0259lidir. Rusiya buna imkan ver\u0259c\u0259kmi?\u00a0 Hesab edir\u0259m ki, ruslar buradan \u00e7\u0131xmaq deyil, qalmaq siyas\u0259tini t\u0259tbiq etm\u0259kd\u0259dirl\u0259r. Onun bu siyas\u0259tini d\u0259yi\u015fdirm\u0259k \u00fc\u00e7\u00fcn Moskva b\u0259yannam\u0259sini 1-ci madd\u0259si do\u011frultusunda manevrl\u0259r etm\u0259k olar v\u0259 imkanlardan yararlanmaq diplomatiyas\u0131 i\u015f\u0259 d\u00fc\u015fm\u0259lidir\u201d.<\/p>\n","protected":false},"excerpt":{"rendered":"<p>Politoloq: \u201cRusiya dem\u0259k ist\u0259yir ki,\u00a0 Qaraba\u011fda yerl\u0259\u015fmi\u015f s\u00fclhm\u0259raml\u0131 q\u00fcvv\u0259l\u0259r o zaman missiyas\u0131n\u0131 sona \u00e7atd\u0131ra bil\u0259r&#8230;\u201d Fevral\u0131n 22-d\u0259 Moskvada Vladimir Putin v\u0259 \u0130lham \u018fliyev aras\u0131nda imzalanm\u0131\u015f s\u0259n\u0259d \u201cAz\u0259rbaycan Respublikas\u0131 il\u0259 Rusiya Federasiyas\u0131 aras\u0131nda m\u00fctt\u0259fiqlik qar\u015f\u0131l\u0131ql\u0131 f\u0259aliyy\u0259ti haqq\u0131nda\u201d B\u0259yannam\u0259\u00a0 40-dan art\u0131q sah\u0259 v\u0259 istiqam\u0259t \u00fczr\u0259 iki \u00f6lk\u0259 aras\u0131nda \u0259laq\u0259l\u0259rin inki\u015faf etdirilm\u0259sini v\u0259 koordinasiyal\u0131 f\u0259aliyy\u0259ti n\u0259z\u0259rd\u0259 tutur. Ekspertl\u0259rin iddias\u0131na g\u00f6r\u0259,\u00a0 Rusiya prezidenti Putin\u00a0 g\u00f6r\u00fc\u015fd\u0259 Az\u0259rbaycan \u00fc\u00e7\u00fcn \u0259n h\u0259ssas m\u0259s\u0259l\u0259 &#8211; s\u00fclhm\u0259raml\u0131lar\u0131n hans\u0131 \u015f\u0259kild\u0259 Qaraba\u011fdan \u00e7\u0131xar\u0131laca\u011f\u0131na i\u015far\u0259l\u0259r edib. Bu zaman Qazax\u0131stan n\u00fcmun\u0259sini misal g\u0259tirib: \u201c\u0130ndic\u0259, Sizinl\u0259 g\u00f6r\u00fc\u015fd\u0259n \u0259vv\u0259l Qazax\u0131stan Prezidenti il\u0259 s\u00f6hb\u0259t edirdim. Fikrimc\u0259,&hellip;<\/p>\n","protected":false},"author":2,"featured_media":443871,"comment_status":"closed","ping_status":"closed","sticky":false,"template":"","format":"standard","meta":{"om_disable_all_campaigns":false,"_monsterinsights_skip_tracking":false,"_monsterinsights_sitenote_active":false,"_monsterinsights_sitenote_note":"","_monsterinsights_sitenote_category":0},"categories":[4],"tags":[],"aioseo_notices":[],"gutentor_comment":0,"rttpg_featured_image_url":{"full":["https:\/\/arantv.az\/wp-content\/uploads\/2022\/02\/6d4c3b568f6d6b62c1ea4d11586d92d5.jpg",450,300,false],"landscape":["https:\/\/arantv.az\/wp-content\/uploads\/2022\/02\/6d4c3b568f6d6b62c1ea4d11586d92d5.jpg",450,300,false],"portraits":["https:\/\/arantv.az\/wp-content\/uploads\/2022\/02\/6d4c3b568f6d6b62c1ea4d11586d92d5.jpg",450,300,false],"thumbnail":["https:\/\/arantv.az\/wp-content\/uploads\/2022\/02\/6d4c3b568f6d6b62c1ea4d11586d92d5-450x280.jpg",450,280,true],"medium":["https:\/\/arantv.az\/wp-content\/uploads\/2022\/02\/6d4c3b568f6d6b62c1ea4d11586d92d5.jpg",450,300,false],"large":["https:\/\/arantv.az\/wp-content\/uploads\/2022\/02\/6d4c3b568f6d6b62c1ea4d11586d92d5.jpg",450,300,false],"1536x1536":["https:\/\/arantv.az\/wp-content\/uploads\/2022\/02\/6d4c3b568f6d6b62c1ea4d11586d92d5.jpg",450,300,false],"2048x2048":["https:\/\/arantv.az\/wp-content\/uploads\/2022\/02\/6d4c3b568f6d6b62c1ea4d11586d92d5.jpg",450,300,false],"post-thumbnail":["https:\/\/arantv.az\/wp-content\/uploads\/2022\/02\/6d4c3b568f6d6b62c1ea4d11586d92d5-240x172.jpg",240,172,true],"advps-thumb-one":["https:\/\/arantv.az\/wp-content\/uploads\/2022\/02\/6d4c3b568f6d6b62c1ea4d11586d92d5.jpg",450,300,false]},"rttpg_author":{"display_name":"V\u00fcsal Rafiqo\u011flu","author_link":"https:\/\/arantv.az\/?author=2"},"rttpg_comment":0,"rttpg_category":"<a href=\"https:\/\/arantv.az\/?cat=4\" rel=\"category\">Siyas\u0259t<\/a>","rttpg_excerpt":"Politoloq: \u201cRusiya dem\u0259k ist\u0259yir ki,\u00a0 Qaraba\u011fda yerl\u0259\u015fmi\u015f s\u00fclhm\u0259raml\u0131 q\u00fcvv\u0259l\u0259r o zaman missiyas\u0131n\u0131 sona \u00e7atd\u0131ra bil\u0259r&#8230;\u201d Fevral\u0131n 22-d\u0259 Moskvada Vladimir Putin v\u0259 \u0130lham \u018fliyev aras\u0131nda imzalanm\u0131\u015f s\u0259n\u0259d \u201cAz\u0259rbaycan Respublikas\u0131 il\u0259 Rusiya Federasiyas\u0131 aras\u0131nda m\u00fctt\u0259fiqlik qar\u015f\u0131l\u0131ql\u0131 f\u0259aliyy\u0259ti haqq\u0131nda\u201d B\u0259yannam\u0259\u00a0 40-dan art\u0131q sah\u0259 v\u0259 istiqam\u0259t \u00fczr\u0259 iki \u00f6lk\u0259 aras\u0131nda \u0259laq\u0259l\u0259rin inki\u015faf etdirilm\u0259sini v\u0259 koordinasiyal\u0131 f\u0259aliyy\u0259ti n\u0259z\u0259rd\u0259 tutur. Ekspertl\u0259rin&hellip;","_links":{"self":[{"href":"https:\/\/arantv.az\/index.php?rest_route=\/wp\/v2\/posts\/443870"}],"collection":[{"href":"https:\/\/arantv.az\/index.php?rest_route=\/wp\/v2\/posts"}],"about":[{"href":"https:\/\/arantv.az\/index.php?rest_route=\/wp\/v2\/types\/post"}],"author":[{"embeddable":true,"href":"https:\/\/arantv.az\/index.php?rest_route=\/wp\/v2\/users\/2"}],"replies":[{"embeddable":true,"href":"https:\/\/arantv.az\/index.php?rest_route=%2Fwp%2Fv2%2Fcomments&post=443870"}],"version-history":[{"count":0,"href":"https:\/\/arantv.az\/index.php?rest_route=\/wp\/v2\/posts\/443870\/revisions"}],"wp:featuredmedia":[{"embeddable":true,"href":"https:\/\/arantv.az\/index.php?rest_route=\/wp\/v2\/media\/443871"}],"wp:attachment":[{"href":"https:\/\/arantv.az\/index.php?rest_route=%2Fwp%2Fv2%2Fmedia&parent=443870"}],"wp:term":[{"taxonomy":"category","embeddable":true,"href":"https:\/\/arantv.az\/index.php?rest_route=%2Fwp%2Fv2%2Fcategories&post=443870"},{"taxonomy":"post_tag","embeddable":true,"href":"https:\/\/arantv.az\/index.php?rest_route=%2Fwp%2Fv2%2Ftags&post=443870"}],"curies":[{"name":"wp","href":"https:\/\/api.w.org\/{rel}","templated":true}]}}