{"id":444022,"date":"2022-02-25T10:13:23","date_gmt":"2022-02-25T07:13:23","guid":{"rendered":"http:\/\/arantv.az\/?p=444022"},"modified":"2022-02-25T10:13:23","modified_gmt":"2022-02-25T07:13:23","slug":"kamal%c9%99ddin-qafarov-xocali-soyqirimi-xx-%c9%99srin-d%c9%99hs%c9%99tli-faci%c9%99sidir","status":"publish","type":"post","link":"https:\/\/arantv.az\/?p=444022","title":{"rendered":"Kamal\u0259ddin Qafarov: &#8220;Xocal\u0131 soyq\u0131r\u0131m\u0131 XX \u0259srin d\u0259h\u015f\u0259tli faci\u0259sidir&#8221;"},"content":{"rendered":"<p>&#8220;Xocal\u0131 faci\u0259si b\u0259\u015f\u0259r tarixind\u0259\u00a0 insanl\u0131q \u0259leyhin\u0259 t\u00f6r\u0259dil\u0259n \u0259n amans\u0131z soyq\u0131r\u0131mlar\u0131ndan biridir. \u00d6t\u0259n iki \u0259sr \u0259rzind\u0259 erm\u0259nil\u0259r Az\u0259rbaycana qar\u015f\u0131 ir\u0259li s\u00fcrd\u00fckl\u0259ri \u0259sass\u0131z \u0259razi iddialar\u0131 z\u0259minind\u0259 davaml\u0131 olaraq xalq\u0131m\u0131za qar\u015f\u0131 a\u011f\u0131r v\u0259 k\u00fctl\u0259vi cinay\u0259t \u0259m\u0259ll\u0259ri t\u00f6r\u0259dibl\u0259r.\u00a0 XX \u0259srin sonunda t\u00f6r\u0259dilmi\u015f Xocal\u0131 q\u0259tliam\u0131 sad\u0259c\u0259 Az\u0259rbaycan xalq\u0131na deyil, b\u00fct\u00fcn T\u00fcrk d\u00fcnyas\u0131na, b\u00fct\u00fcn b\u0259\u015f\u0259riyy\u0259t\u0259 qar\u015f\u0131 y\u00f6n\u0259lmi\u015f \u0259n a\u011f\u0131r cinay\u0259tl\u0259rd\u0259n biridir. \u00d6z amans\u0131zl\u0131\u011f\u0131na, v\u0259h\u015filiyin\u0259 g\u00f6r\u0259 Xocal\u0131 soyq\u0131r\u0131m\u0131 \u00f6t\u0259n \u0259srin Xat\u0131n, Xirosima, Naqasaki v\u0259 Sonqmi kimi d\u0259h\u015f\u0259tli faci\u0259l\u0259ri il\u0259 bir s\u0131rada durur&#8221;.<\/p>\n<p>Bu s\u00f6zl\u0259ri m\u0259tbuata a\u00e7\u0131qlamas\u0131nda Az\u0259rbaycan Respublikas\u0131 Milli M\u0259clisinin deputat\u0131\u00a0<strong>Kamal\u0259ddin Qafarov<\/strong>\u00a0deyib. Mill\u0259t v\u0259kili bildirib ki, \u00dcmummilli Liderimizin t\u0259\u015f\u0259bb\u00fcs\u00fc il\u0259 1994-c\u00fc il fevral\u0131n 24-d\u0259 Milli M\u0259clis &#8220;Xocal\u0131 Soyq\u0131r\u0131m\u0131 G\u00fcn\u00fc haqq\u0131nda&#8221; q\u0259rar q\u0259bul etdi. BMT-d\u0259n, d\u00fcnya d\u00f6vl\u0259tl\u0259rind\u0259n bu q\u0259tliam\u0131n ger\u00e7\u0259k mahiyy\u0259tinin a\u00e7\u0131qlanmas\u0131, beyn\u0259lxalq ictimaiyy\u0259td\u0259n erm\u0259ni terrorizmin\u0259 qar\u015f\u0131 t\u0259sirli t\u0259dbirl\u0259rin g\u00f6r\u00fclm\u0259si t\u0259l\u0259b olundu. Q\u0259bul edilmi\u015f q\u0259rara \u0259sas\u0259n,\u00a0 erm\u0259ni t\u0259cav\u00fczkarlar\u0131 t\u0259r\u0259find\u0259n t\u00f6r\u0259dilmi\u015f qanl\u0131 Xocal\u0131 hadis\u0259l\u0259ri h\u0259r il fevral\u0131n 26-da Xocal\u0131 Soyq\u0131r\u0131m\u0131 G\u00fcn\u00fc kimi qeyd olunur.<\/p>\n<p>\u00dcmummilli Liderimizin &#8220;Xocal\u0131 soyq\u0131r\u0131m\u0131 qurbanlar\u0131n\u0131n xatir\u0259sin\u0259 s\u00fckut d\u0259qiq\u0259si elan edilm\u0259si haqq\u0131nda&#8221; 1997-ci il fevral\u0131n 25-d\u0259 imzalad\u0131\u011f\u0131 s\u0259r\u0259ncama \u0259sas\u0259n, h\u0259r il fevral ay\u0131n\u0131n 26-s\u0131 saat 17.00-da \u00f6lk\u0259mizd\u0259 Xocal\u0131 soyq\u0131r\u0131m\u0131 qurbanlar\u0131n\u0131n xatir\u0259si bir d\u0259qiq\u0259lik s\u00fckutla yad olunur. 1992-ci il fevral\u0131n 26-da Xocal\u0131da qalan 3 min\u0259 yax\u0131n insandan 613 n\u0259f\u0259ri, o c\u00fcml\u0259d\u0259n 106 n\u0259f\u0259r qad\u0131n, 63 azya\u015fl\u0131 u\u015faq, 70 qoca v\u0259h\u015fic\u0259sin\u0259 \u00f6d\u00fcr\u00fcld\u00fc, 1000 n\u0259f\u0259r insan ald\u0131\u011f\u0131 g\u00fcll\u0259 yaras\u0131ndan \u0259lil oldu. 8 ail\u0259 tamamil\u0259 m\u0259hv edildi, 25 u\u015faq h\u0259r iki valideynini, 130 u\u015faq valideyinl\u0259rind\u0259n birini itirdi. Faci\u0259 ba\u015f ver\u0259n gec\u0259 1275 n\u0259f\u0259r dinc sakin girov g\u00f6t\u00fcr\u00fcld\u00fc, onlar\u0131n 150-sinin taleyi indi d\u0259 m\u0259lum deyil.<\/p>\n<p>2020-ci ilin sentyabr ay\u0131n\u0131n 27-d\u0259 Az\u0259rbaycan bu t\u0259xribat v\u0259 v\u0259h\u015filikl\u0259r\u0259\u00a0 bird\u0259f\u0259lik son qoymaq v\u0259 \u00f6z torpaqlar\u0131n\u0131 i\u015f\u011faldan azad etm\u0259k m\u0259qs\u0259dil\u0259 h\u0259rbi \u0259m\u0259liyyatlara ba\u015flad\u0131. Ali Ba\u015f Komandan c\u0259nab \u0130lham \u018fliyevin r\u0259hb\u0259rliyi il\u0259 r\u0259\u015fad\u0259tli Az\u0259rbaycan Ordusu b\u00f6y\u00fck \u015f\u00fcca\u0259t v\u0259 y\u00fcks\u0259k d\u00f6y\u00fc\u015f haz\u0131rl\u0131\u011f\u0131 g\u00f6st\u0259r\u0259r\u0259k c\u0259mi 44 g\u00fcn davam ed\u0259n d\u00f6y\u00fc\u015fl\u0259rd\u0259 d\u00fc\u015fm\u0259nin 5 il\u0259 i\u015f\u011fal etdiyi v\u0259 30 il\u0259 yax\u0131n m\u00fcdd\u0259t \u0259rzind\u0259 m\u00f6hk\u0259ml\u0259ndiyi torpaqlar\u0131m\u0131z\u0131 geri qaytard\u0131. \u0130kinci Qaraba\u011f m\u00fcharib\u0259si Az\u0259rbaycan\u0131n tarixi Q\u0259l\u0259b\u0259si il\u0259 ba\u015fa \u00e7atd\u0131. Bu q\u0259l\u0259b\u0259 il\u0259 \u015fanl\u0131 ordumuz h\u0259m d\u0259 Xocal\u0131 q\u0259tliam\u0131n\u0131n g\u00fcnahs\u0131z qurbanlar\u0131n\u0131n qisas\u0131n\u0131 ald\u0131. Xocal\u0131da, el\u0259c\u0259 d\u0259 Qaraba\u011f u\u011frunda h\u0259lak olan b\u00fct\u00fcn \u015f\u0259hidl\u0259rimizin ruhu \u0259b\u0259di rahatl\u0131\u011fa qovu\u015fdu. Bu Q\u0259l\u0259b\u0259 il\u0259 Az\u0259rbaycan h\u0259m d\u0259 b\u00fct\u00fcn C\u0259nubi Qafqaz regionu \u00f6lk\u0259l\u0259rini v\u0259 xalqlar\u0131n\u0131 erm\u0259ni fa\u015fizmi kimi b\u00f6y\u00fck bir b\u0259ladan qurtard\u0131. Art\u0131q erm\u0259ni q\u0259sbkarlar\u0131 bu m\u00fcharib\u0259nin n\u0259tic\u0259l\u0259rind\u0259n ibr\u0259t g\u00f6t\u00fcrm\u0259li v\u0259 bundan sonra n\u0259 \u0259ll\u0259rini, n\u0259 d\u0259 g\u00f6zl\u0259rini \u00f6zg\u0259sinin torpaqlar\u0131na t\u0259r\u0259f y\u00f6n\u0259ltm\u0259m\u0259li v\u0259 \u00f6z terror\u00e7u \u0259m\u0259ll\u0259rind\u0259n bird\u0259f\u0259lik \u0259l \u00e7\u0259km\u0259lidirl\u0259r.<\/p>\n<p>Bu g\u00fcn Xocal\u0131 q\u0259tliam\u0131n\u0131n d\u00fcnyan\u0131n bir \u00e7ox \u00f6lk\u0259l\u0259rind\u0259 tan\u0131nmas\u0131 Az\u0259rbaycan diplomatiyas\u0131n\u0131n, \u015f\u0259xs\u0259n\u00a0 \u00d6lk\u0259 Prezidenti c\u0259nab \u0130lham \u018fliyevin m\u00fcst\u0259sna xidm\u0259tl\u0259ri n\u0259tic\u0259sind\u0259 m\u00fcmk\u00fcn olmu\u015fdur.<\/p>\n<p>Mill\u0259t v\u0259kili demi\u015fdir:&#8221;Xocal\u0131 q\u0259tliam\u0131 il\u0259 ba\u011fl\u0131 h\u0259qiq\u0259tl\u0259rin b\u00fct\u00fcn d\u00fcnyaya \u00e7atd\u0131r\u0131lmas\u0131 v\u0259 g\u00fcnahkarlar\u0131n layiqli c\u0259zaland\u0131r\u0131lmas\u0131 istiqam\u0259tind\u0259 Prezident \u0130lham \u018fliyevin r\u0259hb\u0259rliyi il\u0259 u\u011furla h\u0259yata ke\u00e7iril\u0259n h\u00fccum diplomatiyas\u0131 v\u0259 tarixi siyas\u0259t \u00f6z n\u0259tic\u0259l\u0259rini verir. M\u0259hz bu siyas\u0259tin n\u0259tic\u0259sidir ki, haz\u0131rda \u0130slam \u018fm\u0259kda\u015fl\u0131q T\u0259\u015fkilat\u0131 Parlament \u0130ttifaq\u0131n\u0131n, Meksika, Pakistan, \u00c7exiya, Peru, Kolumbiya, Panama, Honduras, Sudan, Qvatemala v\u0259 Cibuti parlamentl\u0259rinin m\u00fcvafiq s\u0259n\u0259dl\u0259rind\u0259 Xocal\u0131da t\u00f6r\u0259dilmi\u015f k\u00fctl\u0259vi q\u0259tll\u0259rin soyq\u0131r\u0131m\u0131 akt\u0131 olmas\u0131 \u00f6z t\u0259sdiqini tap\u0131b. H\u0259m\u00e7inin Rum\u0131niya, Bosniya v\u0259 Herseqovina, Serbiya, \u0130ordaniya, Sloveniya, \u015eotlandiya parlamentl\u0259ri, AB\u015e-\u0131n 22 \u015ftat\u0131n\u0131n icra v\u0259 qanunvericilik orqanlar\u0131 Xocal\u0131 soyq\u0131r\u0131m\u0131n\u0131 q\u0259tliam kimi qiym\u0259tl\u0259ndir\u0259r\u0259k q\u0259tiyy\u0259tl\u0259 pisl\u0259yibl\u0259r. H\u0259r il d\u00fcnyada Xocal\u0131 faci\u0259sinin ild\u00f6n\u00fcm\u00fcnd\u0259 bu q\u0259tliam\u0131n qurbanlar\u0131n\u0131n xatir\u0259si an\u0131lan \u00f6lk\u0259l\u0259rin say\u0131 art\u0131r. Lakin bu g\u00fcn bizim b\u00fct\u00fcn b\u0259\u015f\u0259riyy\u0259t qar\u015f\u0131s\u0131nda borcumuz ondan ibar\u0259tdir ki, erm\u0259nil\u0259rin Xocal\u0131da v\u0259 \u00fcmumilikd\u0259 30 il\u0259 yax\u0131n m\u00fcdd\u0259t \u0259rzind\u0259 i\u015f\u011fal alt\u0131nda saxlad\u0131qlar\u0131 b\u00fct\u00fcn \u0259razil\u0259rimizd\u0259 t\u00f6r\u0259tdikl\u0259ri v\u0259h\u015filikl\u0259r haqq\u0131nda h\u0259qiq\u0259tl\u0259ri oldu\u011fu kimi d\u00fcnya ictimaiyy\u0259tin\u0259 \u00e7atd\u0131rmaqda davam ed\u0259k. Biz bundan sonra da bu istiqam\u0259td\u0259 s\u0259yl\u0259rimizi daha da g\u00fccl\u0259ndirm\u0259liyik&#8221;.<\/p>\n","protected":false},"excerpt":{"rendered":"<p>&#8220;Xocal\u0131 faci\u0259si b\u0259\u015f\u0259r tarixind\u0259\u00a0 insanl\u0131q \u0259leyhin\u0259 t\u00f6r\u0259dil\u0259n \u0259n amans\u0131z soyq\u0131r\u0131mlar\u0131ndan biridir. \u00d6t\u0259n iki \u0259sr \u0259rzind\u0259 erm\u0259nil\u0259r Az\u0259rbaycana qar\u015f\u0131 ir\u0259li s\u00fcrd\u00fckl\u0259ri \u0259sass\u0131z \u0259razi iddialar\u0131 z\u0259minind\u0259 davaml\u0131 olaraq xalq\u0131m\u0131za qar\u015f\u0131 a\u011f\u0131r v\u0259 k\u00fctl\u0259vi cinay\u0259t \u0259m\u0259ll\u0259ri t\u00f6r\u0259dibl\u0259r.\u00a0 XX \u0259srin sonunda t\u00f6r\u0259dilmi\u015f Xocal\u0131 q\u0259tliam\u0131 sad\u0259c\u0259 Az\u0259rbaycan xalq\u0131na deyil, b\u00fct\u00fcn T\u00fcrk d\u00fcnyas\u0131na, b\u00fct\u00fcn b\u0259\u015f\u0259riyy\u0259t\u0259 qar\u015f\u0131 y\u00f6n\u0259lmi\u015f \u0259n a\u011f\u0131r cinay\u0259tl\u0259rd\u0259n biridir. \u00d6z amans\u0131zl\u0131\u011f\u0131na, v\u0259h\u015filiyin\u0259 g\u00f6r\u0259 Xocal\u0131 soyq\u0131r\u0131m\u0131 \u00f6t\u0259n \u0259srin Xat\u0131n, Xirosima, Naqasaki v\u0259 Sonqmi kimi d\u0259h\u015f\u0259tli faci\u0259l\u0259ri il\u0259 bir s\u0131rada durur&#8221;. Bu s\u00f6zl\u0259ri m\u0259tbuata a\u00e7\u0131qlamas\u0131nda Az\u0259rbaycan Respublikas\u0131 Milli M\u0259clisinin deputat\u0131\u00a0Kamal\u0259ddin Qafarov\u00a0deyib. Mill\u0259t v\u0259kili bildirib ki, \u00dcmummilli&hellip;<\/p>\n","protected":false},"author":2,"featured_media":444023,"comment_status":"closed","ping_status":"closed","sticky":false,"template":"","format":"standard","meta":{"om_disable_all_campaigns":false,"_monsterinsights_skip_tracking":false,"_monsterinsights_sitenote_active":false,"_monsterinsights_sitenote_note":"","_monsterinsights_sitenote_category":0},"categories":[4],"tags":[],"aioseo_notices":[],"gutentor_comment":0,"rttpg_featured_image_url":{"full":["https:\/\/arantv.az\/wp-content\/uploads\/2022\/02\/1002355-4.jpg",800,600,false],"landscape":["https:\/\/arantv.az\/wp-content\/uploads\/2022\/02\/1002355-4.jpg",800,600,false],"portraits":["https:\/\/arantv.az\/wp-content\/uploads\/2022\/02\/1002355-4.jpg",800,600,false],"thumbnail":["https:\/\/arantv.az\/wp-content\/uploads\/2022\/02\/1002355-4-500x280.jpg",500,280,true],"medium":["https:\/\/arantv.az\/wp-content\/uploads\/2022\/02\/1002355-4-487x365.jpg",487,365,true],"large":["https:\/\/arantv.az\/wp-content\/uploads\/2022\/02\/1002355-4.jpg",640,480,false],"1536x1536":["https:\/\/arantv.az\/wp-content\/uploads\/2022\/02\/1002355-4.jpg",800,600,false],"2048x2048":["https:\/\/arantv.az\/wp-content\/uploads\/2022\/02\/1002355-4.jpg",800,600,false],"post-thumbnail":["https:\/\/arantv.az\/wp-content\/uploads\/2022\/02\/1002355-4-240x172.jpg",240,172,true],"advps-thumb-one":["https:\/\/arantv.az\/wp-content\/uploads\/2022\/02\/1002355-4.jpg",800,600,false]},"rttpg_author":{"display_name":"V\u00fcsal Rafiqo\u011flu","author_link":"https:\/\/arantv.az\/?author=2"},"rttpg_comment":0,"rttpg_category":"<a href=\"https:\/\/arantv.az\/?cat=4\" rel=\"category\">Siyas\u0259t<\/a>","rttpg_excerpt":"&#8220;Xocal\u0131 faci\u0259si b\u0259\u015f\u0259r tarixind\u0259\u00a0 insanl\u0131q \u0259leyhin\u0259 t\u00f6r\u0259dil\u0259n \u0259n amans\u0131z soyq\u0131r\u0131mlar\u0131ndan biridir. \u00d6t\u0259n iki \u0259sr \u0259rzind\u0259 erm\u0259nil\u0259r Az\u0259rbaycana qar\u015f\u0131 ir\u0259li s\u00fcrd\u00fckl\u0259ri \u0259sass\u0131z \u0259razi iddialar\u0131 z\u0259minind\u0259 davaml\u0131 olaraq xalq\u0131m\u0131za qar\u015f\u0131 a\u011f\u0131r v\u0259 k\u00fctl\u0259vi cinay\u0259t \u0259m\u0259ll\u0259ri t\u00f6r\u0259dibl\u0259r.\u00a0 XX \u0259srin sonunda t\u00f6r\u0259dilmi\u015f Xocal\u0131 q\u0259tliam\u0131 sad\u0259c\u0259 Az\u0259rbaycan xalq\u0131na deyil, b\u00fct\u00fcn T\u00fcrk d\u00fcnyas\u0131na, b\u00fct\u00fcn b\u0259\u015f\u0259riyy\u0259t\u0259 qar\u015f\u0131 y\u00f6n\u0259lmi\u015f \u0259n a\u011f\u0131r cinay\u0259tl\u0259rd\u0259n biridir.&hellip;","_links":{"self":[{"href":"https:\/\/arantv.az\/index.php?rest_route=\/wp\/v2\/posts\/444022"}],"collection":[{"href":"https:\/\/arantv.az\/index.php?rest_route=\/wp\/v2\/posts"}],"about":[{"href":"https:\/\/arantv.az\/index.php?rest_route=\/wp\/v2\/types\/post"}],"author":[{"embeddable":true,"href":"https:\/\/arantv.az\/index.php?rest_route=\/wp\/v2\/users\/2"}],"replies":[{"embeddable":true,"href":"https:\/\/arantv.az\/index.php?rest_route=%2Fwp%2Fv2%2Fcomments&post=444022"}],"version-history":[{"count":0,"href":"https:\/\/arantv.az\/index.php?rest_route=\/wp\/v2\/posts\/444022\/revisions"}],"wp:featuredmedia":[{"embeddable":true,"href":"https:\/\/arantv.az\/index.php?rest_route=\/wp\/v2\/media\/444023"}],"wp:attachment":[{"href":"https:\/\/arantv.az\/index.php?rest_route=%2Fwp%2Fv2%2Fmedia&parent=444022"}],"wp:term":[{"taxonomy":"category","embeddable":true,"href":"https:\/\/arantv.az\/index.php?rest_route=%2Fwp%2Fv2%2Fcategories&post=444022"},{"taxonomy":"post_tag","embeddable":true,"href":"https:\/\/arantv.az\/index.php?rest_route=%2Fwp%2Fv2%2Ftags&post=444022"}],"curies":[{"name":"wp","href":"https:\/\/api.w.org\/{rel}","templated":true}]}}