{"id":444053,"date":"2022-02-25T10:47:11","date_gmt":"2022-02-25T07:47:11","guid":{"rendered":"http:\/\/arantv.az\/?p=444053"},"modified":"2022-02-25T10:47:11","modified_gmt":"2022-02-25T07:47:11","slug":"az%c9%99rbaycana-qarsi-informasiya-terroru-erm%c9%99nil%c9%99rin-beyn%c9%99lxalq-arasdirmaci-jurnalistika-konsorsiumunun-icij-r%c9%99hb%c9%99rliyind%c9%99-t%c9%99msilciliyi","status":"publish","type":"post","link":"https:\/\/arantv.az\/?p=444053","title":{"rendered":"Az\u0259rbaycana qar\u015f\u0131 informasiya terroru: erm\u0259nil\u0259rin Beyn\u0259lxalq Ara\u015fd\u0131rma\u00e7\u0131 Jurnalistika Konsorsiumunun (\u0130C\u0130J) r\u0259hb\u0259rliyind\u0259 t\u0259msil\u00e7iliyi"},"content":{"rendered":"<p><strong>Az\u0259rbaycan d\u00f6vl\u0259tinin qlobal \u201cara\u015fd\u0131rma\u201d \u015f\u0259b\u0259k\u0259sinin ard\u0131c\u0131l v\u0259 \u0259sas h\u0259d\u0259fin\u0259 \u00e7evrilm\u0259sind\u0259 erm\u0259ni faktorunun yeri v\u0259 rolu d\u0259f\u0259l\u0259rl\u0259 qeyd edilib.<\/strong><\/p>\n<p>Pandora s\u0259n\u0259dl\u0259rind\u0259 \u0259n ciddi \u015f\u0259kild\u0259 maskalansa da, \u015f\u0259b\u0259k\u0259nin arxas\u0131nda erm\u0259ni lobbisinin durmas\u0131n\u0131 a\u015fkarlamaq m\u00fcmk\u00fcnd\u00fcr.<\/p>\n<p>Bu d\u0259f\u0259 diqq\u0259ti c\u0259lb ed\u0259n, Pandora s\u0259n\u0259dl\u0259rinin haz\u0131rlanmas\u0131nda\u00a0<strong>erm\u0259nil\u0259rin sad\u0259c\u0259 i\u015ftirak\u0131 deyil<\/strong>,\u00a0<strong>m\u0259hz proses\u0259 r\u0259hb\u0259rlik etm\u0259si<\/strong>,\u00a0<strong>44 g\u00fcnl\u00fck m\u00fcharib\u0259 meydan\u0131nda m\u0259\u011flubiyy\u0259t\u0259 r\u0259\u011fm\u0259n -informasiya m\u00fcharib\u0259sind\u0259 total h\u00fccuma v\u0259 revan\u015fa, \u201cs\u0259lib\u00e7i jurnalist<\/strong>\u201d(Anna \u015eifrin), v\u0259\u00a0<strong>haker y\u00fcr\u00fc\u015f\u00fcn\u0259<\/strong>\u00a0<strong>\u0259n ciddi \u015f\u0259kild\u0259 start verilm\u0259sinin<\/strong>\u00a0siqnal\u0131\/s\u00fcbutudur.<\/p>\n<p><strong>Erm\u0259nil\u0259r \u201cPandora qalmaqal\u0131n\u0131\u201d a\u00e7\u0131qlayan qlobal jurnalist konsorsiumunun -\u0130C\u0130J- r\u0259hb\u0259rliyin\u0259 q\u0259d\u0259r g\u0259l\u0259 bilib<\/strong><\/p>\n<p>Az\u0259rbaycana qar\u015f\u0131 t\u0259\u015fkilatlanan qlobal OCCRP\u00a0 \u015f\u0259b\u0259k\u0259sinin 8 direktorundan biri\u00a0\u00a0<strong>X. \u0130smay\u0131l<\/strong>\u00a0A\u015e PA-n\u0131n of\u015forlar m\u00f6vzusunda n\u00f6vb\u0259ti q\u0259tnam\u0259si il\u0259 ba\u011fl\u0131 qeyd etmi\u015fdi ki,\u00a0<em>\u201c<strong>Az\u0259rbaycan h\u00f6kum\u0259ti erm\u0259nil\u0259ri \u00e7ox sevir<\/strong>.\u00a0<strong>\u00c7\u00fcnki erm\u0259nil\u0259rin i\u015f\u011fal siyas\u0259ti ham\u0131dan \u00e7ox bizim h\u00f6kum\u0259t\u0259 s\u0259rf edir. Erm\u0259nil\u0259r olmasayd\u0131, onlar bizim torpaqlar\u0131m\u0131z\u0131 i\u015f\u011fal etm\u0259s\u0259ydi, Az\u0259rbaycan h\u00f6kum\u0259ti t\u0259nqidl\u0259ri kimin boynuna qoyard\u0131?\u00a0<\/strong>Bel\u0259 ba\u015fa d\u00fc\u015f\u00fcr\u0259m ki, bu onlara s\u0259rf edir, b\u0259han\u0259 verir. Ona g\u00f6r\u0259 d\u0259 bu i\u015f\u011fala son qoymurlar.\u201d<\/em><\/p>\n<p>Z\u0259f\u0259r tarixinin yaz\u0131ld\u0131\u011f\u0131 haz\u0131rk\u0131 d\u00f6vrd\u0259 bu s\u00f6zl\u0259r \u00f6z\u00fcn\u00fcif\u015fa ittiham\u0131 kimi s\u0259sl\u0259nir. Bununla yana\u015f\u0131,\u00a0<strong>erm\u0259ni faktorunun s\u00fcbut olunmas\u0131 arqument v\u0259 faktlar t\u0259l\u0259b edir.<\/strong><\/p>\n<p><strong>Erm\u0259nil\u0259rin of\u015for qalmaqallar\u0131n\u0131 haz\u0131rlayan qlobal ara\u015fd\u0131rma\u00e7\u0131 (\u0130C\u0130J) \u015f\u0259b\u0259k\u0259 r\u0259hb\u0259rliyin\u0259 g\u0259lib \u00e7\u0131xmas\u0131<\/strong><\/p>\n<p>Of\u015for qalmaqallar\u0131n\u0131n \u00e7oxunun\u00a0<strong>\u201cP\u201d h\u0259rfi<\/strong>\u00a0il\u0259 ba\u015flamas\u0131n\u0131n s\u0259b\u0259bl\u0259rind\u0259n biri, ara\u015fd\u0131rma\u00e7\u0131l\u0131\u011f\u0131n ilk d\u00f6vrd\u0259 AB\u015e daxili probleml\u0259ri h\u0259d\u0259f\u0259 alan, obyektiv v\u0259 q\u0259r\u0259zsiz jurnalistika kimi b\u00f6y\u00fck n\u00fcfuz qazanan ilk\u00a0<strong>\u201cPentagon s\u0259n\u0259dl\u0259ri\u201dnd\u0259n ba\u015flayan<\/strong>\u00a0\u0259n\u0259n\u0259nin varisi olmaq\u0131 g\u00f6r\u00fcnt\u00fcs\u00fcn\u00fc yaratmaqd\u0131r.<\/p>\n<p>M\u0259lum oldu\u011fu kimi ara\u015fd\u0131rma\u00e7\u0131 jurnalistika bir janr kimi AB\u015e-da \u00f6lk\u0259daxili probleml\u0259rin h\u0259d\u0259f\u0259 al\u0131nmas\u0131 v\u0259 ictimai r\u0259yi c\u0259lb etm\u0259k m\u0259qs\u0259di il\u0259 yarad\u0131lm\u0131\u015fd\u0131. Bu silsil\u0259d\u0259n olan ilk \u00a0ara\u015fd\u0131rma \u201c<strong>Pentagon s\u0259n\u0259dl\u0259ri<\/strong>\u201d(\u00a0<strong>Pentagon \u00a0papaers<\/strong>)olub. \u018fsas m\u00fc\u0259llifl\u0259rd\u0259n biri- Daniel Elsberq ara\u015fd\u0131rma \u00fc\u00e7\u00fcn m\u00f6t\u0259b\u0259r m\u0259nb\u0259l\u0259ri \u0259ld\u0259 etm\u0259k \u00fc\u00e7\u00fcn bir ne\u00e7\u0259 g\u00fcn yuxusuz qalmaqla m\u0259xfi Pentaqon s\u0259n\u0259dl\u0259rinin \u015f\u0259klini \u00e7\u0259kmi\u015fdir. Ara\u015fd\u0131rma h\u0259rbi-s\u0259naye kompleksinin v\u0259 \u00a0\u201cm\u00fcharib\u0259 biznesinin\u201d if\u015fas\u0131na h\u0259sr edilmi\u015fdi.(qeyd etm\u0259k yerin\u0259 d\u00fc\u015f\u0259r ki,D.Elsberq Julian Assanj\u0131n azad edilm\u0259si il\u0259 ba\u011fl\u0131 m\u00fcdafi\u0259 kampaniyas\u0131n\u0131n d\u0259st\u0259k\u00e7isidir.)\u00a0<strong>Pentagon s\u0259n\u0259dl\u0259ri AB\u015e daxili probleml\u0259rini a\u015fkarlayan ilk v\u0259 son dosye oldu<\/strong>. Sovetl\u0259rin \u00e7\u00f6km\u0259sind\u0259n sonra, qlobal g\u00fccl\u0259r, Q\u0259rb siyasi istebli\u015fmenti, \u00a0b\u00fct\u00f6vl\u00fckd\u0259 \u00a0demokratiya \u201cixrac\u0131\u201d missiyas\u0131na xidm\u0259t ed\u0259n (USA\u0130D,NED,ND\u0130 v\u0259 s.) institutlar\u0131n q\u0259rar\u0131na \u0259sas\u0259n\u00a0<strong>ara\u015fd\u0131rma h\u0259d\u0259fi kimi AB\u015e deyil, ancaq xarici \u00f6lk\u0259l\u0259rin se\u00e7ilm\u0259sin\u0259 q\u0259rar verildi.<\/strong><\/p>\n<p>Xat\u0131rladaq ki, h\u0259l\u0259 AB\u015e h\u0259rbi s\u0259naye kompleksinin g\u0259lirl\u0259ri v\u0259 h\u0259rbi cinay\u0259tl\u0259r\u0259 h\u0259sr edil\u0259n ilk v\u0259 son ara\u015fd\u0131rmada da(\u201c<strong>Pentagon Paper\u201d) erm\u0259ni jurnalist olub. Va\u015finqton Post q\u0259zetinin redaktoru\u00a0<a href=\"https:\/\/www.washingtonpost.com\/local\/obituaries\/ben-h-bagdikian-media-critic-and-journalist-with-key-role-in-pentagon-papers-case-dies-at-96\/2016\/03\/11\/9515bb8c-e7bb-11e5-bc08-3e03a5b41910_story.html\" target=\"_blank\" rel=\"noopener\">Ben Ba\u011fdikyan<\/a>\u00a0burada apar\u0131c\u0131 rol oynay\u0131b<\/strong>.<\/p>\n<p>Xarici \u00f6lk\u0259l\u0259ri h\u0259d\u0259f\u0259 alan qlobal anti-Az\u0259rbaycan\u00e7\u0131 \u015f\u0259b\u0259k\u0259 m\u0259hz ilk yarand\u0131\u011f\u0131 vaxtdan b\u0259ri erm\u0259nil\u0259r \u00a0\u00fc\u00e7\u00fcn b\u00f6y\u00fck f\u00fcrs\u0259t hesab edilib. H\u0259l\u0259 Panama s\u0259n\u0259dl\u0259rind\u0259n sonra \u00f6lk\u0259mizd\u0259 ba\u015fqa regionlardak\u0131 kimi sabitliyin pozulaca\u011f\u0131na \u00fcmidl\u0259r b\u00f6y\u00fck idi.<\/p>\n<p>Yegan\u0259 m\u0259qs\u0259d is\u0259-Amerikada ya\u015fayan erm\u0259ni t\u0259dqiqat\u00e7\u0131 \u00a0<u>Artyom Tonoyan<\/u>\u0131n bu s\u00f6zl\u0259ri il\u0259 ifad\u0259 edil\u0259 bil\u0259r.\u00a0<strong><em>\u201cQoy \u018fliyev getsin.Sonra biz h\u0259r \u015feyi s\u0131f\u0131rdan ba\u015flayaca\u011f\u0131q!\u201d<\/em><\/strong><\/p>\n<p><strong><em><img loading=\"lazy\" src=\"https:\/\/imgyukle.com\/f\/2022\/02\/25\/ExwXpH.jpg\" alt=\"\" width=\"600\" height=\"190\" \/><\/em><\/strong><\/p>\n<p>2020-ci ild\u0259n ba\u015flayaraq,V\u0259t\u0259n m\u00fcharib\u0259sind\u0259 d\u00f6y\u00fc\u015f c\u0259bh\u0259sind\u0259\u00a0<strong>m\u0259\u011flub olan d\u00fcnya erm\u0259niliyi, var q\u00fcvv\u0259sini informasiya m\u00fcharib\u0259si c\u0259bh\u0259sind\u0259<\/strong>\u00a0<strong>s\u0259f\u0259rb\u0259r edib. Ara\u015fd\u0131rma\u00e7\u0131 \u015f\u0259b\u0259k\u0259d\u0259:<\/strong>\u00a0<strong>erm\u0259nil\u0259r, xarici \u00f6lk\u0259l\u0259rd\u0259ki 2-3-c\u00fc n\u0259sil kriptoerm\u0259nil\u0259r,erm\u0259nip\u0259r\u0259stl\u0259r v\u0259 diasporan\u0131n muzdlular\u0131n\u0131n say\u0131\u00a0<\/strong>heyr\u0259tamizdir.<\/p>\n<p>\u015e\u0259b\u0259k\u0259nin r\u0259smi t\u0259r\u0259fda\u015f\u0131 olan Erm\u0259nistan\u0131n\u00a0<strong>Hetq Ara\u015fd\u0131rma\u00e7\u0131 jurnalist<\/strong>\u00a0(<strong>Hetq (erm\u0259nic\u0259-\u201c\u0130z\u201d) t\u0259\u015fkilat\u0131n\u0131n OCCRP, \u0130C\u0130J v\u0259 G\u0130JN \u00fczv\u00fc olmas\u0131<\/strong>\u00a0m\u0259lumdur. Bu d\u0259f\u0259ki Pandora dosyesin\u0259 Erm\u0259nistandan bu t\u0259\u015fkilatdan \u0259lav\u0259 jurnalistl\u0259r-<u>Vahe Sarukhanyan v\u0259 s. d\u0259<\/u>\u00a0qat\u0131l\u0131b. Bunlar\u00a0<strong>g\u00f6r\u00fcn\u0259n \u00fczvl\u0259r-erm\u0259nil\u0259rdir<\/strong>. Halbuki qlobal \u015f\u0259b\u0259k\u0259nin haker\/jurnalist hey\u0259tind\u0259 a\u015fkar\u00a0<strong>g\u00f6r\u00fcnm\u0259y\u0259n erm\u0259nil\u0259r<\/strong>\u00a0bu d\u0259f\u0259 daha \u00e7oxdur. Onlar\u00a0<strong>AB\u015e, Fransa, Hindistan, \u0130ran, Q\u0131r\u011f\u0131z\u0131stan v\u0259 Livan<\/strong>\u00a0<strong>erm\u0259nil\u0259ridir.<\/strong><\/p>\n<p><strong><em>\u0130C\u0130J r\u0259hb\u0259rliyind\u0259, \u0130dar\u0259 hey\u0259tind\u0259, 2 erm\u0259ninin yer almas\u0131 ilk d\u0259f\u0259dir.<\/em><\/strong><\/p>\n<p><strong><em><img loading=\"lazy\" src=\"https:\/\/imgyukle.com\/f\/2022\/02\/25\/ExwcMA.jpg\" alt=\"\" width=\"600\" height=\"184\" \/><\/em><\/strong><\/p>\n<p><strong>\u015e\u0259b\u0259k\u0259nin 3 r\u0259hb\u0259r \u015f\u0259xsind\u0259n \u00a0\u00a0birinin &#8211;\u00a0<\/strong>\u0130S\u0130J idar\u0259 hey\u0259ti (direktorlar \u015f\u00fcras\u0131) \u00fczv\u00fc\u00a0<strong><u>Alexander Papachristounun<\/u>\u00a0yunan soyad\u0131na baxmayaraq,<\/strong>\u00a0diqq\u0259t etdikd\u0259 m\u0259lum olur ki, qlobal ara\u015fd\u0131rma\u00e7\u0131 \u015f\u0259b\u0259k\u0259d\u0259 h erm\u0259nil\u0259r bu d\u0259f\u0259 daha ir\u0259li gedib, r\u0259hb\u0259rliy\u0259 g\u0259lib \u00e7\u0131x\u0131b.H\u0259m\u00e7inin,<strong>\u015f\u0259b\u0259k\u0259ni d\u00fcnya erm\u0259nil\u0259rinin maliyy\u0259l\u0259\u015fdirm\u0259si<\/strong>n\u0259 d\u0259 \u015f\u00fcbh\u0259 yeri qalm\u0131r.<\/p>\n<p><img loading=\"lazy\" src=\"https:\/\/imgyukle.com\/f\/2022\/02\/25\/ExwhJ1.jpg\" alt=\"\" width=\"600\" height=\"172\" \/><\/p>\n<p>X\u00fcsusil\u0259 vur\u011fulayaq ki,<strong>\u00a0Alexander Papachristou\u00a0<\/strong><strong>bundan \u0259vv\u0259l\u00a0<\/strong>&#8211;\u00a0<strong>D\u00fcnya erm\u0259niliyinin \u201c\u00dcmumerm\u0259ni fondu Hayastan, \u201cAvrora\u201d, Ararat, AB\u015e Erm\u0259ni fondu, AB\u015e Assosiasiyas\u0131,saxta \u201cSoyq\u0131r\u0131m\u201d muzeyi, Memoriallar, T\u00fcfenkyan v\u0259 Rokfeller Arxiv Fondu\u00a0<\/strong>v\u0259 s.v\u0259 i.a. daha ne\u00e7\u0259 qlobal\u00a0<strong>xeyriyy\u0259 fondlar\u0131<\/strong>\u00a0il\u0259 m\u00fcqayis\u0259d\u0259 \u0259n\u00a0<strong>n\u0259h\u0259ng, maliyy\u0259 bax\u0131mdan \u0259n z\u0259ngin v\u0259 n\u00fcfuzlu t\u0259\u015fkilat\u0131<\/strong>\u00a0<strong>\u201cYeni \u015e\u0259rq Fondu\u201dnun-<\/strong>\u00a0<strong>Near East Foundation(NEF)<\/strong>\u00a0<strong>prezidenti olub<\/strong><strong>!!<\/strong><\/p>\n<p><strong>\u201cYeni \u015e\u0259rq Fondu\u201d-<\/strong>NEF-1915-ci ild\u0259 qondarma soyq\u0131r\u0131m ilind\u0259, ilk prezidenti saxta soyq\u0131r\u0131m siyas\u0259tinin banisi AB\u015e s\u0259firi H.Morgentaunun oldu\u011fu, Osmanl\u0131ya qar\u015f\u0131 yarad\u0131lan, T\u00fcrkiy\u0259, Livan v\u0259 Suriya erm\u0259nil\u0259ri ad\u0131 il\u0259 b\u00fct\u00fcn d\u00fcnyada erm\u0259niy\u0259 yard\u0131m ed\u0259n\u00a0<strong>milyardlarla maliyy\u0259si olan,\u00a0<a href=\"https:\/\/www.neareast.org\/\" target=\"_blank\" rel=\"noopener\">\u00e7oxfunksiyal\u0131 fonddur<\/a><\/strong>.\u00a0<strong>D\u00fcnyan\u0131n 40 \u00f6lk\u0259sind\u0259 v\u0259 Erm\u0259nistanda r\u0259smi filiallar\u0131\u00a0<\/strong><strong>m\u00f6vcuddur.<\/strong><\/p>\n<p><strong><img loading=\"lazy\" src=\"https:\/\/imgyukle.com\/f\/2022\/02\/25\/ExwicI.jpg\" alt=\"\" width=\"600\" height=\"172\" \/><\/strong><\/p>\n<p><strong>A.Papaxristounun qlobal erm\u0259niliyin<\/strong>\u00a0d\u00fcnya siyas\u0259tin\u0259 t\u0259sirini art\u0131q 106 ildir ki, y\u00f6n\u0259ld\u0259n h\u0259min\u00a0<strong>bu fondun\u00a0<\/strong><strong>prezidenti olmas\u0131<\/strong>\u00a0b\u00fct\u00fcn niyy\u0259tl\u0259ri-onun yunan soyadl\u0131 erm\u0259ni olmas\u0131n\u0131 a\u015fkara \u00e7\u0131xar\u0131r.<\/p>\n<p><img loading=\"lazy\" src=\"https:\/\/imgyukle.com\/f\/2022\/02\/25\/Exwsef.jpg\" alt=\"\" width=\"600\" height=\"195\" \/><\/p>\n<p><strong>Fond haz\u0131rda\u00a0<\/strong><strong>Az\u0259rbaycanla s\u0259rh\u0259dd\u0259ki b\u00f6lg\u0259d\u0259 xeyriyy\u0259\u00e7ilikl\u0259\u00a0<\/strong><strong>m\u0259\u015f\u011fuldur.<\/strong><\/p>\n<p><strong><img loading=\"lazy\" src=\"https:\/\/imgyukle.com\/f\/2022\/02\/25\/ExwpkG.jpg\" alt=\"\" width=\"600\" height=\"464\" \/><\/strong><\/p>\n<p>A.Papaxristou ger\u00e7\u0259kd\u0259n\u00a0<strong>f\u00f6vq\u0259lad\u0259 bacar\u0131ql\u0131 \u015f\u0259xs<\/strong>\u00a0kimi eyni vaxtda m\u00fcxt\u0259lif postlarda \u00e7al\u0131\u015f\u0131r. Linked\u0130n s\u0259hif\u0259sin\u0259 baxsaq, o,<\/p>\n<p><strong>Nyu-York \u015e\u0259h\u0259ri V\u0259kill\u0259r Assosiasiyas\u0131n\u0131n Sayrus Vens ad\u0131na Beyn\u0259lxalq \u018fdal\u0259t M\u0259rk\u0259zinin<\/strong>\u00a0(Cyrus R. Vance Center for International Justice)\u00a0<strong>icra\u00e7\u0131 direktorudur<\/strong>.(!?)<\/p>\n<p><strong>18 il McKenzy formatl\u0131 qlobal h\u00fcquq \u015firk\u0259tl\u0259rinin<\/strong>\u00a0(Clifford &amp; Warnke,NHC Capital)\u00a0<strong>r\u0259hb\u0259rliyind\u0259 olub.<\/strong><\/p>\n<p>6 il Moskvada White &amp; Case-in filial\u0131n\u0131 yarad\u0131b v\u0259 i\u015fl\u0259dib.\u00a0<strong>New York meri Mario C.Cuomonun siyasi (!?) m\u00fc\u015faviri<\/strong><\/p>\n<p><strong>Qlobal Median\u0131n \u0130nki\u015faf\u0131n\u0131n\u00a0<\/strong><strong>Maliyy\u0259l\u0259\u015fdirilm\u0259si\u00a0<\/strong><strong>Fondunun<\/strong>\u00a0(Media Development Investment Fund) \u0130dar\u0259 hey\u0259tinin \u00fczv\u00fcd\u00fcr.<\/p>\n<p>Prinston Universitetinin Yax\u0131n \u015e\u0259rq Ara\u015fd\u0131rmalar\u0131 Proqram\u0131n\u0131n v\u0259 Berlind\u0259ki (!?) Bard V\u0259t\u0259nda\u015f F\u0259all\u0131\u011f\u0131 M\u0259rk\u0259zinin (Princeton University&#8217;s Near East Studies Program; Bard College&#8217;s Center for Civic Engagement) m\u0259sl\u0259h\u0259t\u00e7il\u0259r \u015furas\u0131n\u0131n \u00fczv\u00fcd\u00fcr.<\/p>\n<p>Bu h\u0259l\u0259 son deyil. A.Papaxristou\u00a0<strong>2016-c\u0131 ild\u0259<\/strong>\u00a0Az\u0259rbaycan\u0131 fasil\u0259siz t\u0259nqid h\u0259d\u0259fi ed\u0259n\u00a0<strong>qlobal indeksl\u0259rd\u0259 q\u0259r\u0259zli g\u00f6st\u0259ricil\u0259rl\u0259 n\u00fcfuzuna ziyan vuran Transparency International<\/strong>\u00a0t\u0259\u015fkilat\u0131 Katibliyin\u0259\u00a0<strong>X\u00fcsusi H\u00fcquq M\u00fc\u015faviri<\/strong>\u00a0olaraq (<strong>Special Legal Counsel<\/strong>\u00a0of Secretariat) g\u0259lib \u00e7\u0131x\u0131b.<\/p>\n<p>TI-Katibliyinin strategiyas\u0131, idar\u0259 edilm\u0259si v\u0259 \u0259sas t\u0259\u015f\u0259bb\u00fcsl\u0259ri il\u0259 ba\u011fl\u0131 h\u00fcquqi v\u0259 siyasi m\u0259s\u0259l\u0259l\u0259r\u0259\u00a0<a href=\"http:\/\/www.transparency.org%20\/en\/press\/alexander-papachristou-appointed-special-legal-counsel\" target=\"_blank\" rel=\"noopener\">n\u0259zar\u0259t edib.<\/a><\/p>\n<p>Qlobal erm\u0259niliyin d\u00fcnya geosiyas\u0259tin\u0259 t\u0259siri strategiyas\u0131na uy\u011fun olaraq, A.P.-<strong>erm\u0259nil\u0259rin \u201cgizli silah\u0131\u201d-maliyy\u0259l\u0259\u015fdirm\u0259 f\u0259aliyy\u0259tin<\/strong>i daha da s\u0259m\u0259r\u0259li etm\u0259k \u00fc\u00e7\u00fcn b\u00fct\u00fcn d\u00fcnya erm\u0259ni t\u0259\u015fkilatlar\u0131n\u0131 s\u0259f\u0259rb\u0259r edib.<\/p>\n<p><img loading=\"lazy\" src=\"https:\/\/imgyukle.com\/f\/2022\/02\/25\/ExwDHS.jpg\" alt=\"\" width=\"600\" height=\"159\" \/><\/p>\n<p>Sadalamaqla bitm\u0259y\u0259n v\u0259zif\u0259l\u0259r s\u0131ras\u0131nda \u201c<strong>Avropa Komissiyas\u0131n\u0131n SLAPP (Strateji M\u0259hk\u0259m\u0259 \u0130\u015fl\u0259ri)<\/strong>\u00a0(Expert Group of the European Commission against SLAPP) ekspert qrupunun \u00fczv\u00fcl\u00fcy\u00fcnd\u0259 d\u0259 yer alan A.P. n\u0259hay\u0259t\u00a0<strong>qlobal erm\u0259ni b\u00f6y\u00fckl\u0259rinin siyas\u0259ti il\u0259 Ara\u015fd\u0131rma\u00e7\u0131 Jurnalistl\u0259rin Beyn\u0259lxalq Konsorsiumunun\u00a0<\/strong>(\u0130C\u0130J-International Consortium of Investigative Journalists)\u00a0<strong>r\u0259hb\u0259rliyin\u0259 g\u0259lib<\/strong>\u00a0\u00e7\u0131x\u0131b.<\/p>\n<p><strong>Papaxristou \u201c\u018fr\u0259b Jurnalist Ara\u015fdrma\u00e7\u0131lar \u015e\u0259b\u0259k\u0259sinin\u201d d\u0259 r\u0259hb\u0259rliyind\u0259dir.<\/strong><\/p>\n<p><strong><img loading=\"lazy\" src=\"https:\/\/imgyukle.com\/f\/2022\/02\/25\/ExwG1b.jpg\" alt=\"\" width=\"600\" height=\"174\" \/><\/strong><\/p>\n<p>Qlobal \u015f\u0259b\u0259k\u0259nin ba\u015f\u0131na g\u0259tiril\u0259n A.Papaxristou,t\u0259bii olaraq,\u00a0<strong>tan\u0131d\u0131\u011f\u0131 ad-soyad\u0131 d\u0259yi\u015fmi\u015f (kripto)erm\u0259ni, yaxud da erm\u0259nip\u0259r\u0259st komandas\u0131n\u0131<\/strong>\u00a0<strong>da \u00f6z\u00fc il\u0259 \u0130C\u0130J r\u0259hb\u0259rliyin\u0259 g\u0259tirib<\/strong>. \u0130dar\u0259 hey\u0259tind\u0259ki\u00a0<strong>daha 2 n\u0259f\u0259r-<\/strong>\u00a0<strong>Tony Norman, Birgit Rieck<\/strong>\u00a0xaricd\u0259 do\u011fulan 3-4-c\u00fc n\u0259sil erm\u0259ni, yaxud diasporan\u0131n muzdlu yazarlar\u0131d\u0131r. Bununla ba\u011fl\u0131 faktlar\u0131 qlobal \u015f\u0259b\u0259k\u0259 sils\u0259 d\u0259,\u00a0<strong>Web arxiv<\/strong>\u00a0saxlay\u0131b.M\u0259lum olur ki,\u00a0<strong>Tony Norman v\u0259 Birgit Rieck Hrant Dinkin \u00f6l\u00fcm\u00fc il\u0259 ba\u011fl\u0131 T\u00fcrkiy\u0259d\u0259\u00a0<\/strong>x\u00fcsusi ezamiyy\u0259td\u0259 olublar. H.Dinkin \u00f6l\u00fcm\u00fcn\u00fc islam dini terror\u00e7ulu\u011funa ba\u011flayan Tony Norman\u0131n olduqca islamofob, nifr\u0259t m\u0259zmunlu yaz\u0131lar\u0131na g\u00f6r\u0259 Tvitter onun akkauntunu bloklay\u0131b, o is\u0259 t\u0259z\u0259sini yarad\u0131b.<\/p>\n<p><img loading=\"lazy\" src=\"https:\/\/imgyukle.com\/f\/2022\/02\/25\/Exw1pt.jpg\" alt=\"\" width=\"600\" height=\"157\" \/><\/p>\n<p>T.Norman H.Dinkin sad\u0259c\u0259\u00a0<strong>erm\u0259ni olmas\u0131na g\u00f6r\u0259 dini s\u0259b\u0259bd\u0259n<\/strong>\u00a0\u00f6ld\u00fcr\u00fcld\u00fcy\u00fc fikrini ir\u0259li s\u00fcr\u00fcr v\u0259\u00a0<strong>Birgit d\u0259 onu t\u0259sdiql\u0259yir<\/strong>.<\/p>\n<p><strong>Jurnalistika ad\u0131 alt\u0131nda transmilli kiber-ordunun, informasiya terrorunun yeni formas\u0131n\u0131 t\u0259\u015fkilatland\u0131ran fransal\u0131 erm\u0259ni<\/strong><\/p>\n<p><strong><img loading=\"lazy\" src=\"https:\/\/imgyukle.com\/f\/2022\/02\/25\/ExwKZc.jpg\" alt=\"\" width=\"600\" height=\"230\" \/><\/strong><\/p>\n<p>Qlobal \u015f\u0259b\u0259k\u0259y\u0259 s\u0131zan, Pandora \u00fcz\u0259rind\u0259 \u201c\u00e7al\u0131\u015fan\u201derm\u0259nil\u0259rin ham\u0131s\u0131 haqda \u0259trafl\u0131 yazma\u011fa aray\u0131\u015f h\u0259cmi imkan vermir. Buna g\u00f6r\u0259 d\u0259 \u0259sas\u0259n\u00a0<strong>\u0130C\u0130J<\/strong>\u00a0<strong>r\u0259hb\u0259rliyind\u0259 olanlarla ba\u011fl\u0131<\/strong>\u00a0m\u0259lumat ver\u0259k.<\/p>\n<p>Papaxristoudan sonra deyil, r\u0259hb\u0259rlikd\u0259 statusu bax\u0131m\u0131ndan b\u0259lk\u0259 d\u0259 \u0259vv\u0259ld\u0259 g\u0259l\u0259n dig\u0259r maskalanm\u0131\u015f erm\u0259ni &#8211;\u00a0<strong>\u0130C\u0130J ba\u015f texnoloji direktoru, fransal\u0131\u00a0<\/strong><strong><u>Pyer Romerad\u0131r\u00a0<\/u><\/strong>(<a href=\"https:\/\/www.icij.org\/journalists\/pierre-romera\">Pierre Romera<\/a>\u00a0-Chief technology director).\u00a0<strong>Romera d\u00fcnyada r\u0259q\u0259msal jurnalistikan\u0131n,<\/strong>\u00a0<strong>Fransada data jurnalizmin banisi, Fransa X\u0130N-nin elektron diplomatiya Hub-n\u0131n<\/strong>&#8211;<a href=\"http:\/\/www.ediplomacy.afp.com\/\">&#8220;The E-Diplomacy Hub&#8221;<\/a><u>&#8211;<\/u>\u00a0yarad\u0131c\u0131s\u0131d\u0131r!<\/p>\n<p>D\u00fcnya \u00fczr\u0259 \u015f\u0259b\u0259k\u0259d\u0259 data jurnalizmi, \u201chakerliyi\u201d &#8211; m\u0259xfi m\u0259lumatlar\u0131n s\u0131nd\u0131r\u0131lmas\u0131n\u0131 \u00f6yr\u0259d\u0259n, \u00f6z\u00fc d\u0259 of\u015forlar\u0131 \u201cs\u0131nd\u0131rmaqda\u201d \u00f6nd\u0259 ged\u0259n bu \u015f\u0259xs 2005-ci il d\u0259\u00a0<strong>Erm\u0259nistanda t\u0259liml\u0259r ke\u00e7ib\u00a0<\/strong>(<strong>Kristine Aghalaryan 9:04 PM, 14 Apr 2015A Story with Numbers: Data Journalism Enters the Newsroom.Pierre Romera, from France, is a web developer and journalist.<\/strong><\/p>\n<p><strong>\u201c<\/strong>In Armenia I didn\u2019t see many works except at your outlet. But I was surprised to see that there is a lot of data online for Armenia. Just by Googling a few things I found many data sets\u201d\u00a0<a href=\"https:\/\/hetq.am\/en\/article\/59639\"><strong>https:\/\/hetq.am\/en\/article\/59639<\/strong><\/a>).<\/p>\n<p><img loading=\"lazy\" src=\"https:\/\/imgyukle.com\/f\/2022\/02\/25\/Exw2QR.jpg\" alt=\"\" width=\"600\" height=\"321\" \/><\/p>\n<p><strong>P.Romera Tbilisid\u0259 d\u0259, Az\u0259rbaycanl\u0131 ara\u015fd\u0131rma\u00e7\u0131lara da d\u0259rs ke\u00e7ib<\/strong>. Feminist v\u0259 cinsi azl\u0131q-LGBT f\u0259rdi olmaqla yana\u015f\u0131, \u00e7oxsayl\u0131 tech-start-uplar\u0131n t\u0259sis\u00e7isi, proqram t\u0259minatlar\u0131n m\u00fc\u0259llifi-coderdir.<\/p>\n<p>Bundan \u0259lav\u0259, \u00f6lk\u0259mizi h\u0259d\u0259f\u0259 alan Pandoran\u0131n tirajlamas\u0131 il\u0259 ba\u011fl\u0131 da dig\u0259r erm\u0259ni\u00a0<strong><u>Alexis Ohanian\u0131n<\/u><\/strong>\u00a0yaratd\u0131\u011f\u0131\u00a0<a href=\"https:\/\/www.reddit.com\/r\/I%20AmA\/comments\/q6rdvz\/we_are_t%20he_journalists_%20behind_%20the_biggest\/\" target=\"_blank\" rel=\"noopener\">\u201c<strong>Reddit\u201d- qlobal kommunikasiya platformas\u0131nda<\/strong><\/a>\u00a0olduqca f\u0259all\u0131q edir.<\/p>\n<p><strong>Qlobal ara\u015fd\u0131rma\u00e7\u0131 \u015f\u0259b\u0259k\u0259 eyni m\u0259qs\u0259dli 3 (OCCRP, \u0130C\u0130J, G\u0130JN), ger\u00e7\u0259kd\u0259 bir t\u0259\u015fkilatdan-OCCRP-d\u0259n ibar\u0259tdir. Burada da erm\u0259nil\u0259r \u00e7oxsayl\u0131d\u0131r<\/strong><\/p>\n<p>Of\u015for s\u0259n\u0259dl\u0259rind\u0259 \u00f6lk\u0259miz haqda\u00a0 \u201cinformasiya bombas\u0131n\u0131\u201d partladan,saxta r\u0259q\u0259ml\u0259ri tirajlayan\u00a0 \u0259sas \u201cara\u015fd\u0131rma\u00e7l\u201d fiqurlardan biri OCCRP Q\u0131r\u011f\u0131s\u0131ztan \u015f\u0259b\u0259k\u0259sinin (Kloop Q\u0131rq\u0131z) \u00fczv\u00fc\u00a0<strong>Aykanu\u015f Aydarbekova\u00a0<a href=\"https:\/\/mirrorspectator.com\/2021\/10\/04\/azerbaijans-ruling-aliyev-family-and-their-associates-acquired-dozens-of-prime-london-properties-worth-nearly-700-million\/\" target=\"_blank\" rel=\"noopener\">\u201cThe Armenian Mirror-Spectator\u201d sayt\u0131nda \u00e7ox f\u0259all\u0131q edir.<\/a><\/strong><\/p>\n<p><strong><img loading=\"lazy\" src=\"https:\/\/imgyukle.com\/f\/2022\/02\/25\/ExwW3N.jpg\" alt=\"\" width=\"600\" height=\"244\" \/><\/strong><\/p>\n<p>Aykanu\u015f yaz\u0131n\u0131 t\u0259k yazmay\u0131b. Ona dig\u0259r OCCRP \u00fczv\u00fc\u00a0<strong>Metyu Kupfer<\/strong>\u00a0k\u00f6m\u0259k edib. B\u0259s o kimdir? Metyu OCCRP Orta Asiya filial\u0131n\u0131n r\u0259hb\u0259ridir. \u018fcn\u0259bi adl\u0131 3-c\u00fc n\u0259sil\u00a0<strong>erm\u0259nidir.O, 2010-cu ild\u0259n OCCRP Q\u0131r\u011f\u0131z \u015f\u0259b\u0259k\u0259sind\u0259 r\u0259hb\u0259rdir (36 milyonluq vardenis-martakert yolu haqda m\u0259qal\u0259si\u00a0<em>Armenia: The Highway Leads to Karabakh, But the Money Comes from California Matthew Kupfer Sep 6, 2017)<\/em><\/strong><\/p>\n<p><strong><em><img loading=\"lazy\" src=\"https:\/\/imgyukle.com\/f\/2022\/02\/25\/Exw8Hq.jpg\" alt=\"\" width=\"600\" height=\"268\" \/><\/em><\/strong><\/p>\n<p>M\u0259lum olur ki,\u00a0<strong>Metyu Carnegie Corporation of New York m\u0259nzil q\u0259rargah\u0131n\u0131n prezidenti Vartan Gregorian\u0131n yetirm\u0259si<\/strong>\u00a0kimi\u00a0<strong>Moskva filial\u0131nda \u00e7al\u0131\u015f\u0131r.<\/strong>\u00a0Eurasianet sayt\u0131nda m\u00fcxbirdir. Qaraba\u011f, Saxta soyq\u0131r\u0131m v\u0259 T\u00fcrkiy\u0259 m\u00f6vzusunu ara\u015fd\u0131r\u0131r.\u00a0<strong>Tomas de Valla birg\u0259 yaz\u0131lar yaz\u0131r<\/strong>.<\/p>\n<p><img loading=\"lazy\" src=\"https:\/\/imgyukle.com\/f\/2022\/02\/25\/ExwlKY.jpg\" alt=\"\" width=\"600\" height=\"186\" \/><\/p>\n<p>Dig\u0259r \u0130C\u0130J \u00fczv\u00fc,<strong>\u018fr\u0259b regionu Ara\u015fd\u0131rma\u00e7\u0131 jurnalist<\/strong>\u00a0\u015f\u0259b\u0259k\u0259sini r\u0259hb\u0259ri D\u0259niz-\u00a0<a href=\"https:\/\/www.icij.org\/journalists\/\"><strong>Denise Hassanzade Ajiri<\/strong><\/a>\u00a0\u00f6z\u00fcn\u0259\u00a0<strong>etnik assuriyal\u0131<\/strong>\u00a0des\u0259 d\u0259,\u00a0<strong>\u0130ran \u0259silli erm\u0259nidir<\/strong>. (<a href=\"http:\/\/www.aina.org\/news\/%2020191204094015.htm\">http:\/\/www.aina.org\/news\/ 20191204094015.htm<\/a>\u00a0(my mother&#8217;s maternal aunt, Nora and her Armenian husband Jean lived with their two daughters..)<\/p>\n<p><img loading=\"lazy\" src=\"https:\/\/imgyukle.com\/f\/2022\/02\/25\/Exwtw0.jpg\" alt=\"\" width=\"600\" height=\"114\" \/><\/p>\n<p>Daha d\u0259rin getdikc\u0259, Erm\u0259nistana dost \u00f6lk\u0259l\u0259r-\u00a0<strong>Fransal\u0131, Hindistanl\u0131, \u0130ran<\/strong>\u00a0v\u0259 s.\u00a0<strong>\u0259silli erm\u0259ni jurnalistl\u0259r ortaya \u00e7\u0131x\u0131r<\/strong>. M\u0259s.,\u00a0<strong>hindistanl\u0131<\/strong>\u00a0islamofob v\u0259 erm\u0259nip\u0259r\u0259st\u00a0<strong>Rakesh Kalshian bu s\u0131radand\u0131r.<\/strong><\/p>\n<p><strong>Hibrid m\u00fcharib\u0259nin yeni n\u00f6v\u00fc- \u201cLeqal\/ m\u00fcharib\u0259l\u0259ri\u201d (Legal warfare)<\/strong><\/p>\n<p><strong>\u201c\u0130blisin v\u0259kill\u0259ri\u201d-erm\u0259nil\u0259rin \u201cinsan h\u00fcquqlar\u0131\u201d ad\u0131 alt\u0131nda \u00a0\u201cm\u0259hk\u0259m\u0259 m\u00fcharib\u0259l\u0259rinin\u201d ba\u015f\u0131nda duran t\u0259\u015fkilatlar\u0131<\/strong><\/p>\n<p>M\u0259lumdur ki, hibrid m\u00fcharib\u0259 d\u00fc\u015fm\u0259nin b\u00fct\u00fcn m\u00fcmk\u00fcn b\u00fct\u00fcn (siyasi, iqtisadi, h\u00fcquqi, informasiya, m\u0259d\u0259ni-m\u0259n\u0259vi v\u0259 s.) \u00fcsullarla \u00e7\u00f6kd\u00fcr\u00fclm\u0259si metodlar\u0131n\u0131n c\u0259midir. Ara\u015fd\u0131rma\u00e7\u0131l\u0131q alt\u0131nda t\u0259qdim edil\u0259n qalmaqallar\u0131n XXI \u0259srin ger\u00e7\u0259k v\u0259 yeni informasiya m\u00fcharib\u0259sinin apar\u0131lma metodu oldu\u011fu m\u0259lumdur.<\/p>\n<p>Bununla yana\u015f\u0131\u00a0 bu sah\u0259d\u0259 yeni metodlar\u0131n da ixtiras\u0131 v\u0259 t\u0259tbiqi davam edir.<\/p>\n<p>\u018fn sonunculara misal kimi m\u0259hz: \u201cleqal\/m\u0259hk\u0259m\u0259 m\u00fcharib\u0259l\u0259rin\u201d hibrid m\u00fcharib\u0259nin yeni formas\u0131 oldu\u011fu\u00a0<a href=\"https:\/\/securityanddefence.pl\/Lawfare-as-part-of-hybrid-wars-The-experience-of-Ukraine-in-conflict-with-Russian,132025,0,2.html\" target=\"_blank\" rel=\"noopener\">\u0259n yeni t\u0259hlill\u0259rd\u0259<\/a>\u00a0geni\u015f \u0259sasland\u0131r\u0131l\u0131b.<\/p>\n<p>Son ill\u0259rd\u0259 d\u00f6vl\u0259t\u00e7iliy\u0259 x\u0259yan\u0259t yolunu tutanlar\u0131n Avropa m\u0259hk\u0259m\u0259l\u0259rind\u0259 d\u0259st\u0259kl\u0259nm\u0259si, ara\u015fd\u0131rma\u00e7\u0131l\u0131q, siyasi m\u0259hbuslar, insan haqlar\u0131, b\u00f6htan v\u0259 diffamasiya il\u0259 ba\u011fl\u0131\u00a0<strong>m\u0259hk\u0259m\u0259 i\u015fl\u0259rimizin uduzmalar\u0131n ba\u015f\u0131nda hans\u0131 qlobal v\u0259killik-h\u00fcquq mafiyas\u0131n\u0131n durmas\u0131 il\u0259 ba\u011fl\u0131 c\u0259miyy\u0259timizd\u0259 \u00a0m\u0259lumat dem\u0259k olar yoxdur<\/strong>.<\/p>\n<p>\u018fn sonuncu &#8211; 2019-cu ild\u0259 laundramat i\u015find\u0259 b\u00f6htanla ba\u011fl\u0131\u00a0<a href=\"https:\/\/www.doughtystreet.co.uk\/news\/azerbaijan-mp-discontinues-defamation-case-against-investigative-journalist-paul-radu\" target=\"_blank\" rel=\"noopener\"><strong>Cavan\u015fir Feyziyevin OCCRP-y\u0259 qar\u015f\u0131 m\u0259hk\u0259m\u0259ni uduzmas\u0131n\u0131n s\u0259b\u0259bi d\u0259 budur<\/strong>.<\/a><\/p>\n<p>Az\u0259rbaycana\u00a0<strong>qar\u015f\u0131 hibrid \u201cm\u0259hk\u0259m\u0259 m\u00fcharib\u0259l\u0259rinin\u201d t\u0259\u015fkilat\u00e7\u0131s\u0131, Livan erm\u0259nisi Amal Kluninin \u201cDoughty Street Chambers\u201d qlobal v\u0259kil kontorlar\u0131\/mafiyas\u0131d\u0131r<\/strong>. Onu tan\u0131tma\u011fa, beyn\u0259lxalq m\u0259hk\u0259m\u0259-h\u00fcquq sistemind\u0259n tutmu\u015f, BMT-y\u0259 q\u0259d\u0259r tutdu\u011fu v\u0259zif\u0259l\u0259ri sadalamaq \u00e7ox vaxt aparar.<\/p>\n<p><strong>Avropada \u00f6lk\u0259miz\u0259 qar\u015f\u0131 a\u00e7\u0131lan, in\u015fan haqlar il\u0259 ba\u011fl\u0131 dem\u0259k olar ki, b\u00fct\u00fcn m\u0259hk\u0259m\u0259 prosedurlar\u0131n\u0131n uduzulmas\u0131nda<\/strong>\u00a0<strong>A.Kluninin\u00a0<\/strong>(\u0259ri-Hollivud ulduzu Corc Kluninin) \u015f\u0259xsi n\u00fcfuzundan (Klinton,Bayden,Obama v\u0259 s. \u015f\u0259xsi dostlu\u011fu) ba\u015fqa, r\u0259hb\u0259rlik etdiyi\u00a0<strong>\u201cDoughty Street Chambers\u201d<\/strong>\u00a0qlobal v\u0259killik t\u0259\u015fkilat\u0131 m\u00fcst\u0259sna statusa malikdir.<\/p>\n<p><strong>Beyn\u0259lxalq Cinay\u0259t M\u0259hk\u0259m\u0259si prokurorunun x\u00fcsusi m\u00fc\u015faviri<\/strong>\u00a0olan xan\u0131m\u0131n f\u0259aliyy\u0259t dair\u0259si sonsuz, d\u00fcnyan\u0131n b\u00fct\u00fcn m\u0259hk\u0259m\u0259 h\u00fcquq sistemidir (Related practice areas Business and Human Rights and Modern Slavery International Criminal Law Public International Law International Human Rights Law International Media Defence International Arbitration).<\/p>\n<p>Bu xan\u0131m\u0131n\u00a0<strong>qondarma erm\u0259ni soyq\u0131r\u0131m\u0131 il\u0259 ba\u011fl\u0131 \u201cPerincek i\u015fi\u201d<\/strong>\u00a0m\u0259hk\u0259m\u0259sind\u0259 erm\u0259nil\u0259r\u0259 v\u0259killiyi d\u0259 yadda\u015flardad\u0131r.<\/p>\n<p><img loading=\"lazy\" src=\"https:\/\/imgyukle.com\/f\/2022\/02\/25\/ExwMxv.jpg\" alt=\"\" width=\"600\" height=\"301\" \/><\/p>\n<p><strong>2021-ci ilin Nobel s\u00fclh m\u00fckafat\u0131 veril\u0259n Mariya Ressan\u0131n da v\u0259kili erm\u0259ni Amal Klunidir<\/strong><\/p>\n<p><img loading=\"lazy\" src=\"https:\/\/imgyukle.com\/f\/2022\/02\/25\/Exw9gy.jpg\" alt=\"\" width=\"600\" height=\"223\" \/><\/p>\n<p>Haz\u0131rda daxild\u0259 v\u0259<strong>\u00a0xaricd\u0259ki 5-ci kalonu himay\u0259y\u0259 g\u00f6t\u00fcr\u0259n Amal\u00a0<\/strong>Kluninin r\u0259hb\u0259ri oldu\u011fu\u00a0<strong>beyn\u0259lxalq v\u0259kil \u015f\u0259b\u0259k\u0259sinin Az\u0259rbaycana qar\u015f\u0131 uddu\u011fu i\u015fl\u0259r:<\/strong><\/p>\n<p><img loading=\"lazy\" src=\"https:\/\/imgyukle.com\/f\/2022\/02\/25\/Exw0oh.jpg\" alt=\"\" width=\"600\" height=\"264\" \/><\/p>\n<p>Bir m\u0259qam da qeyd edilm\u0259lidir. 2018-ci ild\u0259n \u0130C\u0130J Va\u015finqton m\u0259rk\u0259zi yeni ofis\u0259 k\u00f6\u00e7\u00fcb v\u0259 ofis Hollivud t\u0259r\u0259find\u0259n ba\u011f\u0131\u015flan\u0131l\u0131b. \u015e\u00fcbh\u0259siz ki, burada s\u00f6z\u00fc ged\u0259n Hollivud ulduzlar\u0131n\u0131n m\u00fcst\u0259sna rolu var.<\/p>\n<p>A.Kluninin t\u0259\u015fkilat\u0131\u00a0<strong>18 ya\u015f\u0131na \u00e7atm\u0131\u015f ist\u0259nil\u0259n \u015f\u0259xsi \u201c5 d\u0259qiq\u0259y\u0259\u201d h\u00fcquq m\u00fcdafi\u0259\u00e7isi<\/strong>\u00a0ed\u0259 bilir.Sad\u0259c\u0259 CV- g\u00f6nd\u0259rm\u0259k kifay\u0259tdir.<\/p>\n<p><img loading=\"lazy\" src=\"https:\/\/imgyukle.com\/f\/2022\/02\/25\/Exw7Ln.jpg\" alt=\"\" width=\"600\" height=\"320\" \/><\/p>\n<p><strong>Amal Kluninin Az\u0259rbaycanda 5-ci kalona himay\u0259dal\u0131\u011f\u0131<\/strong><\/p>\n<p>Amal Kluninin v\u0259kil mafiyas\u0131 leqal hibrid m\u00fcharib\u0259 taktika v\u0259 strategiyas\u0131 \u00e7\u0259r\u00e7iv\u0259sind\u0259 qlobal layih\u0259 kimi h\u0259r g\u00fcn geni\u015fl\u0259nm\u0259kd\u0259dir. Amal v\u0259 \u0259ri, Hollivud ulduzu Corc Kluni t\u0259r\u0259find\u0259n t\u0259sis edilmi\u015f insan haqlar\u0131 sah\u0259sind\u0259\u00a0<strong>\u201cKluni \u018fdal\u0259t Fondu\u201d (Clooney Foundation for Justice (CFJ)\u00a0<\/strong><strong>&#8211;\u00a0<\/strong>ayr\u0131ca t\u0259hlill\u0259rin m\u00f6vzusudur.\u00a0<strong>Fond daxilind\u0259 10-larla \u201cinsan haqlar\u0131 t\u0259\u015fkilat\u0131\u201d<\/strong>\u00a0bu sah\u0259ni geosiyasi t\u0259zyiq vasit\u0259sin\u0259 \u00e7evirm\u0259kl\u0259, d\u00f6vl\u0259t\u0259 qar\u015f\u0131 \u00e7\u0131xan 5-ci kalonun x\u00fcsusi qlobal himay\u0259sini yaratma\u011fa nail olub. \u018fsas m\u0259qs\u0259dl\u0259rd\u0259n biri \u2013 \u201cm\u00fcxalif\u0259t\u201d\u00e7il\u0259ri sosial etiraz aksiyalar\u0131na t\u0259hrik etm\u0259, qanun pozuntusunanail olmaq, tutulacaqlar\u0131 t\u0259qdird\u0259 A\u0130HM-\u0259 n\u00f6vb\u0259ti m\u0259hk\u0259m\u0259 i\u015fini t\u0259rtib etm\u0259k, sonrak\u0131 m\u0259\u0259rh\u0259l\u0259l\u0259rd\u0259 azad olunmalar\u0131na qarantiya verm\u0259kdir.<\/p>\n<p>2021-ci il dekabr\u0131n 1-d\u0259 \u201cSaleh R\u00fcst\u0259mliy\u0259 azadl\u0131q!\u201c \u015f\u00fcar\u0131 il\u0259 ke\u00e7iril\u0259n etiraz aksiyas\u0131 zaman\u0131 v\u0259 ya sonra \u201cah\u0131l m\u00fcxalif\u0259t\u00e7inin \u201dn\u0259yin bahas\u0131na olursa i\u015ftirak \u201ch\u0259v\u0259si\u201dnin ara\u015fd\u0131r\u0131lmas\u0131 maraql\u0131 faktlar ortaya qoyur. M\u0259lum olur ki, T<strong>.Yaqublunun aksiya h\u0259v\u0259si &#8211; onu erm\u0259ni leqal hibrid m\u00fcharib\u0259 mafiyas\u0131n\u0131n s\u0131\u011fortalamas\u0131, A\u0130HM-\u0259 n\u00f6vb\u0259ti i\u015f haz\u0131rlanmas\u0131,sonda b\u0259ra\u0259tin\u0259<\/strong>\u00a0qarantiya almas\u0131 il\u0259 ba\u011fl\u0131d\u0131r. Yaqublunun son ill\u0259rd\u0259ki\u00a0 f\u0259all\u0131\u011f\u0131 v\u0259 n\u0259tic\u0259l\u0259ri onun Amal Kluni v\u0259 komandas\u0131n\u0131n birba\u015fa himay\u0259si alt\u0131nda olmas\u0131na d\u0259lal\u0259t edir.\u00a0<strong>\u00d6z\u00fcn\u00fc Qaraba\u011f qaz\u0131s\u0131 adland\u0131ran \u015f\u0259xsin erm\u0259ni himay\u0259sin\u0259 s\u0131\u011f\u0131nmas\u0131 ac\u0131nacaql\u0131 oldu\u011fu q\u0259d\u0259r if\u015fa t\u0259l\u0259b ed\u0259n m\u0259s\u0259l\u0259dir.<\/strong><\/p>\n<p><strong>Kluni Fondu n\u0259zdind\u0259 olan \u201cM\u0259hk\u0259m\u0259y\u0259 n\u0259zar\u0259t\u201d- \u201cTrialWatch<\/strong><strong>\u201d<\/strong>\u00a0t\u0259\u015fkilat\u0131,\u00a0<strong>sitat<\/strong>: \u201cAz\u0259rbaycanda xuliqanl\u0131qda t\u0259qsirli bilin\u0259r\u0259k 4 ild\u0259n art\u0131q m\u00fcdd\u0259t\u0259 azadl\u0131qdan m\u0259hrum edil\u0259n\u00a0<strong>m\u00fcxalif\u0259t lideri, ke\u00e7mi\u015f jurnalist Tofiq Yaqublunun m\u0259hk\u0259m\u0259si monitorinqd\u0259 olan \u0259sas i\u015fl\u0259rimizd\u0259n olub \u201d.<\/strong><\/p>\n<p><img loading=\"lazy\" src=\"https:\/\/imgyukle.com\/f\/2022\/02\/25\/ExwAK8.jpg\" alt=\"\" width=\"600\" height=\"299\" \/><\/p>\n<p><strong>Kluni v\u0259 d\u0259st\u0259si,<\/strong>\u00a0<strong>AB\u015e-\u0131n x\u00fcsusi orqanlar\u0131n\u0131n qlobal layih\u0259si \u00e7\u0259r\u00e7iv\u0259sind\u0259 Misird\u0259 Mursini m\u0259hk\u0259m\u0259y\u0259 \u00e7\u0259kib, Livanda Rafiq H\u0259ririni, Ukraynada Timo\u015fenkonun m\u00fcdafi\u0259sini<\/strong>\u00a0t\u0259\u015fkil edib.<\/p>\n<p><strong>\u00c7oxlar\u0131n\u0131n bilm\u0259diyi bir ger\u00e7\u0259yi bizim ara\u015fd\u0131rmam\u0131z ortaya \u00e7\u0131xar\u0131b: Amal Kluni d\u00fcnyan\u0131n \u0259n m\u0259\u015fhur siyasi m\u0259hbusu Julian Assanj\u0131 m\u00fcdafi\u0259 i\u015fin\u0259 k\u00f6n\u00fcll\u00fc \u201cgiri\u015fib.\u201d O,J.Assanja Ekvador s\u0259firliyin\u0259 qa\u00e7ma\u011f\u0131,s\u0131\u011f\u0131nma\u011f\u0131 \u00a0t\u0259\u015fkil ed\u0259r\u0259k onu aldad\u0131b. \u00a0\u00a0Assanj\u0131n \u201cy\u00fcks\u0259k texniki bilikl\u0259rin\u0259 g\u00f6r\u0259 Ekvadorda h\u0259r hans\u0131 v\u0259zif\u0259y\u0259 t\u0259yin edil\u0259 bil\u0259c\u0259yin\u0259\u201d inand\u0131r\u0131b. Sonda&#8230;.ara\u015fd\u0131rma\u00e7\u0131 jurnalist,mega-leaks epoxas\u0131n\u0131 ba\u015flayan Julian Assanj\u0131n m\u00fcdafi\u0259sind\u0259n 7 il sonra \u00a0\u201cboss\u201dlar\u0131n\u0131n dikt\u0259si il\u0259 xainc\u0259sin\u0259 \u00fcz \u00e7evirib.<\/strong><\/p>\n<p><img loading=\"lazy\" src=\"https:\/\/imgyukle.com\/f\/2022\/02\/25\/Ex0k5o.jpg\" alt=\"\" width=\"600\" height=\"379\" \/><\/p>\n<p><strong>H\u0259bsxanada sa\u00e7-saqqal\u0131 a\u011farm\u0131\u015f ara\u015fd\u0131rma\u00e7\u0131 jurnalist\u00a0 Assanj\u0131n Ekvador s\u0259firliyind\u0259n s\u00fcr\u00fcy\u00fcb at\u0131lan\u00a0 zaman\u0131nda<\/strong>\u00a0<strong>onu buraya s\u0131\u011f\u0131nma\u011f\u0131 t\u0259klif ed\u0259n v\u0259kili A.Kluuni art\u0131q yoxa \u00e7\u0131\u015fm\u0131\u015fd\u0131.\u00a0<\/strong><strong>Art\u0131q Az\u0259rbaycandak\u0131 5-ci kalonun m\u00fcdafi\u0259sin\u0259 v\u0259 leqal hibrid m\u00fcharib\u0259 apar\u0131lmas\u0131na ba\u015f\u0131 qar\u0131\u015f\u0131b.Bu erm\u0259ni(p\u0259r\u0259st)\u00a0 Amal\u0131n Q\u0259rb d\u00f6vl\u0259tl\u0259rinin hibrid leqal m\u00fcharib\u0259 siyas\u0259tind\u0259 olduqca b\u00f6y\u00fck layih\u0259si-\u201cfiquru\u201d olmas\u0131na d\u0259lal\u0259t etm\u0259kl\u0259 yana\u015f\u0131,<\/strong><strong>\u00a0\u00a0m\u00fcst\u0259qil t\u0259dqiqat\u00e7\u0131lar\u0131n diqq\u0259tini c\u0259lb edib.<\/strong><\/p>\n<p><img loading=\"lazy\" src=\"https:\/\/imgyukle.com\/f\/2022\/02\/25\/Ex0oDU.jpg\" alt=\"\" width=\"600\" height=\"245\" \/><\/p>\n<p><strong>\u018flav\u0259:\u00a0<\/strong>Pentagon S\u0259n\u0259dl\u0259ri ara\u015fd\u0131rmas\u0131n\u0131n m\u00fc\u0259llifi D.Elsberq: J.Assanj m\u0259nim dostumdur v\u0259 azad edilm\u0259lidir&#8230;<\/p>\n<p><img loading=\"lazy\" src=\"https:\/\/imgyukle.com\/f\/2022\/02\/25\/Ex0ng1.jpg\" alt=\"\" width=\"600\" height=\"321\" \/><\/p>\n<p><strong>Erm\u0259nistanda T\u0259hsil Proqram\u0131 layih\u0259sinin t\u0259qdimat\u0131nda Amal Kluni v\u0259 Ruben Vardanyan<\/strong><\/p>\n<p><img loading=\"lazy\" src=\"https:\/\/imgyukle.com\/f\/2022\/02\/25\/Ex0J8I.jpg\" alt=\"\" width=\"600\" height=\"977\" \/><\/p>\n<p><strong>Corc Kluni erm\u0259nil\u0259rin\u00a0 The Aurora Prize for Awakening Humanity Xeyriyy\u0259 fondunun h\u0259ms\u0259dridir<\/strong><\/p>\n<p><img loading=\"lazy\" src=\"https:\/\/imgyukle.com\/f\/2022\/02\/25\/Ex0php.jpg\" alt=\"\" width=\"600\" height=\"317\" \/><\/p>\n<p><strong>Sosial T\u0259dqiqatlar M\u0259rk\u0259zi Daxili siyas\u0259t Departamenti<\/strong><\/p>\n","protected":false},"excerpt":{"rendered":"<p>Az\u0259rbaycan d\u00f6vl\u0259tinin qlobal \u201cara\u015fd\u0131rma\u201d \u015f\u0259b\u0259k\u0259sinin ard\u0131c\u0131l v\u0259 \u0259sas h\u0259d\u0259fin\u0259 \u00e7evrilm\u0259sind\u0259 erm\u0259ni faktorunun yeri v\u0259 rolu d\u0259f\u0259l\u0259rl\u0259 qeyd edilib. Pandora s\u0259n\u0259dl\u0259rind\u0259 \u0259n ciddi \u015f\u0259kild\u0259 maskalansa da, \u015f\u0259b\u0259k\u0259nin arxas\u0131nda erm\u0259ni lobbisinin durmas\u0131n\u0131 a\u015fkarlamaq m\u00fcmk\u00fcnd\u00fcr. Bu d\u0259f\u0259 diqq\u0259ti c\u0259lb ed\u0259n, Pandora s\u0259n\u0259dl\u0259rinin haz\u0131rlanmas\u0131nda\u00a0erm\u0259nil\u0259rin sad\u0259c\u0259 i\u015ftirak\u0131 deyil,\u00a0m\u0259hz proses\u0259 r\u0259hb\u0259rlik etm\u0259si,\u00a044 g\u00fcnl\u00fck m\u00fcharib\u0259 meydan\u0131nda m\u0259\u011flubiyy\u0259t\u0259 r\u0259\u011fm\u0259n -informasiya m\u00fcharib\u0259sind\u0259 total h\u00fccuma v\u0259 revan\u015fa, \u201cs\u0259lib\u00e7i jurnalist\u201d(Anna \u015eifrin), v\u0259\u00a0haker y\u00fcr\u00fc\u015f\u00fcn\u0259\u00a0\u0259n ciddi \u015f\u0259kild\u0259 start verilm\u0259sinin\u00a0siqnal\u0131\/s\u00fcbutudur. Erm\u0259nil\u0259r \u201cPandora qalmaqal\u0131n\u0131\u201d a\u00e7\u0131qlayan qlobal jurnalist konsorsiumunun -\u0130C\u0130J- r\u0259hb\u0259rliyin\u0259 q\u0259d\u0259r g\u0259l\u0259 bilib Az\u0259rbaycana qar\u015f\u0131 t\u0259\u015fkilatlanan qlobal OCCRP\u00a0 \u015f\u0259b\u0259k\u0259sinin 8 direktorundan biri\u00a0\u00a0X. \u0130smay\u0131l\u00a0A\u015e PA-n\u0131n of\u015forlar&hellip;<\/p>\n","protected":false},"author":2,"featured_media":444054,"comment_status":"closed","ping_status":"closed","sticky":false,"template":"","format":"standard","meta":{"om_disable_all_campaigns":false,"_monsterinsights_skip_tracking":false,"_monsterinsights_sitenote_active":false,"_monsterinsights_sitenote_note":"","_monsterinsights_sitenote_category":0},"categories":[4],"tags":[],"aioseo_notices":[],"gutentor_comment":0,"rttpg_featured_image_url":{"full":["https:\/\/arantv.az\/wp-content\/uploads\/2022\/02\/fb91573812c556db56b54707e2e8d296.jpg",450,300,false],"landscape":["https:\/\/arantv.az\/wp-content\/uploads\/2022\/02\/fb91573812c556db56b54707e2e8d296.jpg",450,300,false],"portraits":["https:\/\/arantv.az\/wp-content\/uploads\/2022\/02\/fb91573812c556db56b54707e2e8d296.jpg",450,300,false],"thumbnail":["https:\/\/arantv.az\/wp-content\/uploads\/2022\/02\/fb91573812c556db56b54707e2e8d296-450x280.jpg",450,280,true],"medium":["https:\/\/arantv.az\/wp-content\/uploads\/2022\/02\/fb91573812c556db56b54707e2e8d296.jpg",450,300,false],"large":["https:\/\/arantv.az\/wp-content\/uploads\/2022\/02\/fb91573812c556db56b54707e2e8d296.jpg",450,300,false],"1536x1536":["https:\/\/arantv.az\/wp-content\/uploads\/2022\/02\/fb91573812c556db56b54707e2e8d296.jpg",450,300,false],"2048x2048":["https:\/\/arantv.az\/wp-content\/uploads\/2022\/02\/fb91573812c556db56b54707e2e8d296.jpg",450,300,false],"post-thumbnail":["https:\/\/arantv.az\/wp-content\/uploads\/2022\/02\/fb91573812c556db56b54707e2e8d296-240x172.jpg",240,172,true],"advps-thumb-one":["https:\/\/arantv.az\/wp-content\/uploads\/2022\/02\/fb91573812c556db56b54707e2e8d296.jpg",450,300,false]},"rttpg_author":{"display_name":"V\u00fcsal Rafiqo\u011flu","author_link":"https:\/\/arantv.az\/?author=2"},"rttpg_comment":0,"rttpg_category":"<a href=\"https:\/\/arantv.az\/?cat=4\" rel=\"category\">Siyas\u0259t<\/a>","rttpg_excerpt":"Az\u0259rbaycan d\u00f6vl\u0259tinin qlobal \u201cara\u015fd\u0131rma\u201d \u015f\u0259b\u0259k\u0259sinin ard\u0131c\u0131l v\u0259 \u0259sas h\u0259d\u0259fin\u0259 \u00e7evrilm\u0259sind\u0259 erm\u0259ni faktorunun yeri v\u0259 rolu d\u0259f\u0259l\u0259rl\u0259 qeyd edilib. Pandora s\u0259n\u0259dl\u0259rind\u0259 \u0259n ciddi \u015f\u0259kild\u0259 maskalansa da, \u015f\u0259b\u0259k\u0259nin arxas\u0131nda erm\u0259ni lobbisinin durmas\u0131n\u0131 a\u015fkarlamaq m\u00fcmk\u00fcnd\u00fcr. Bu d\u0259f\u0259 diqq\u0259ti c\u0259lb ed\u0259n, Pandora s\u0259n\u0259dl\u0259rinin haz\u0131rlanmas\u0131nda\u00a0erm\u0259nil\u0259rin sad\u0259c\u0259 i\u015ftirak\u0131 deyil,\u00a0m\u0259hz proses\u0259 r\u0259hb\u0259rlik etm\u0259si,\u00a044 g\u00fcnl\u00fck m\u00fcharib\u0259 meydan\u0131nda m\u0259\u011flubiyy\u0259t\u0259 r\u0259\u011fm\u0259n -informasiya m\u00fcharib\u0259sind\u0259 total h\u00fccuma&hellip;","_links":{"self":[{"href":"https:\/\/arantv.az\/index.php?rest_route=\/wp\/v2\/posts\/444053"}],"collection":[{"href":"https:\/\/arantv.az\/index.php?rest_route=\/wp\/v2\/posts"}],"about":[{"href":"https:\/\/arantv.az\/index.php?rest_route=\/wp\/v2\/types\/post"}],"author":[{"embeddable":true,"href":"https:\/\/arantv.az\/index.php?rest_route=\/wp\/v2\/users\/2"}],"replies":[{"embeddable":true,"href":"https:\/\/arantv.az\/index.php?rest_route=%2Fwp%2Fv2%2Fcomments&post=444053"}],"version-history":[{"count":0,"href":"https:\/\/arantv.az\/index.php?rest_route=\/wp\/v2\/posts\/444053\/revisions"}],"wp:featuredmedia":[{"embeddable":true,"href":"https:\/\/arantv.az\/index.php?rest_route=\/wp\/v2\/media\/444054"}],"wp:attachment":[{"href":"https:\/\/arantv.az\/index.php?rest_route=%2Fwp%2Fv2%2Fmedia&parent=444053"}],"wp:term":[{"taxonomy":"category","embeddable":true,"href":"https:\/\/arantv.az\/index.php?rest_route=%2Fwp%2Fv2%2Fcategories&post=444053"},{"taxonomy":"post_tag","embeddable":true,"href":"https:\/\/arantv.az\/index.php?rest_route=%2Fwp%2Fv2%2Ftags&post=444053"}],"curies":[{"name":"wp","href":"https:\/\/api.w.org\/{rel}","templated":true}]}}