{"id":444068,"date":"2022-02-25T11:04:32","date_gmt":"2022-02-25T08:04:32","guid":{"rendered":"http:\/\/arantv.az\/?p=444068"},"modified":"2022-02-25T11:04:32","modified_gmt":"2022-02-25T08:04:32","slug":"hikm%c9%99t-haciyev-xocali-soyqirimi-erm%c9%99nistanin-m%c9%99glubiyy%c9%99ti-idi","status":"publish","type":"post","link":"https:\/\/arantv.az\/?p=444068","title":{"rendered":"Hikm\u0259t Hac\u0131yev: \u201cXocal\u0131 soyq\u0131r\u0131m\u0131 Erm\u0259nistan\u0131n m\u0259\u011flubiyy\u0259ti idi\u201d"},"content":{"rendered":"<p>\u201cXocal\u0131 soyq\u0131r\u0131m\u0131ndan 30 il ke\u00e7ir. Bu q\u0259tliam t\u0259kc\u0259 Az\u0259rbaycan\u0131n deyil, b\u0259\u015f\u0259riyy\u0259tin faci\u0259sidir\u201d.<\/p>\n<p><strong>ARANTV.AZ<\/strong>-\u0131n m\u0259lumat\u0131na g\u00f6r\u0259, bunu Prezidentin k\u00f6m\u0259k\u00e7isi &#8211; Prezidentinin Administrasiyas\u0131n\u0131n Xarici siyas\u0259t m\u0259s\u0259l\u0259l\u0259ri \u015f\u00f6b\u0259sinin m\u00fcdiri Hikm\u0259t Hac\u0131yev Xocal\u0131 soyq\u0131r\u0131m\u0131n\u0131n 30 illiyin\u0259 h\u0259sr olunmu\u015f konfransda bildirib.<\/p>\n<div class=\"AdviadNativeVideo\"><\/div>\n<p>Onun s\u00f6zl\u0259rin\u0259 g\u00f6r\u0259, t\u0259\u0259ss\u00fcfl\u0259r olsun ki, Xocal\u0131 soyq\u0131r\u0131m\u0131 il\u0259 ba\u011fl\u0131 Erm\u0259nistana he\u00e7 bir c\u0259za verilm\u0259yib:<\/p>\n<p>\u201cBurada beyn\u0259lxalq ictimaiyy\u0259t bu m\u0259s\u0259l\u0259y\u0259 bigan\u0259 yana\u015f\u0131b\u201d.<\/p>\n<p>H.Hac\u0131yev \u0259lav\u0259 edib ki, Xocal\u0131 soyq\u0131r\u0131m\u0131 Erm\u0259nistan d\u00f6vl\u0259tinin m\u0259\u011flubiyy\u0259ti idi:<\/p>\n<p>\u201c\u00c7\u00fcnki h\u0259min g\u00fcn bir d\u00f6vl\u0259t kimi m\u0259n\u0259vi \u0259saslar\u0131n\u0131 itirmi\u015f oldu. Erm\u0259ni xalq\u0131 m\u00fctl\u0259q Xocal\u0131 faci\u0259sin\u0259 g\u00f6r\u0259 \u00fczr ist\u0259m\u0259lidir ki, bu qara s\u0259hif\u0259ni tarixl\u0259rind\u0259n \u00e7\u0131xara bilsinl\u0259r\u201d.<\/p>\n","protected":false},"excerpt":{"rendered":"<p>\u201cXocal\u0131 soyq\u0131r\u0131m\u0131ndan 30 il ke\u00e7ir. Bu q\u0259tliam t\u0259kc\u0259 Az\u0259rbaycan\u0131n deyil, b\u0259\u015f\u0259riyy\u0259tin faci\u0259sidir\u201d. ARANTV.AZ-\u0131n m\u0259lumat\u0131na g\u00f6r\u0259, bunu Prezidentin k\u00f6m\u0259k\u00e7isi &#8211; Prezidentinin Administrasiyas\u0131n\u0131n Xarici siyas\u0259t m\u0259s\u0259l\u0259l\u0259ri \u015f\u00f6b\u0259sinin m\u00fcdiri Hikm\u0259t Hac\u0131yev Xocal\u0131 soyq\u0131r\u0131m\u0131n\u0131n 30 illiyin\u0259 h\u0259sr olunmu\u015f konfransda bildirib. Onun s\u00f6zl\u0259rin\u0259 g\u00f6r\u0259, t\u0259\u0259ss\u00fcfl\u0259r olsun ki, Xocal\u0131 soyq\u0131r\u0131m\u0131 il\u0259 ba\u011fl\u0131 Erm\u0259nistana he\u00e7 bir c\u0259za verilm\u0259yib: \u201cBurada beyn\u0259lxalq ictimaiyy\u0259t bu m\u0259s\u0259l\u0259y\u0259 bigan\u0259 yana\u015f\u0131b\u201d. H.Hac\u0131yev \u0259lav\u0259 edib ki, Xocal\u0131 soyq\u0131r\u0131m\u0131 Erm\u0259nistan d\u00f6vl\u0259tinin m\u0259\u011flubiyy\u0259ti idi: \u201c\u00c7\u00fcnki h\u0259min g\u00fcn bir d\u00f6vl\u0259t kimi m\u0259n\u0259vi \u0259saslar\u0131n\u0131 itirmi\u015f oldu. Erm\u0259ni xalq\u0131 m\u00fctl\u0259q Xocal\u0131 faci\u0259sin\u0259 g\u00f6r\u0259 \u00fczr ist\u0259m\u0259lidir ki, bu qara s\u0259hif\u0259ni&hellip;<\/p>\n","protected":false},"author":2,"featured_media":229814,"comment_status":"closed","ping_status":"closed","sticky":false,"template":"","format":"standard","meta":{"om_disable_all_campaigns":false,"_monsterinsights_skip_tracking":false,"_monsterinsights_sitenote_active":false,"_monsterinsights_sitenote_note":"","_monsterinsights_sitenote_category":0},"categories":[4],"tags":[],"aioseo_notices":[],"gutentor_comment":0,"rttpg_featured_image_url":{"full":["https:\/\/arantv.az\/wp-content\/uploads\/2020\/10\/hikmet_2837856.jpg",800,600,false],"landscape":["https:\/\/arantv.az\/wp-content\/uploads\/2020\/10\/hikmet_2837856.jpg",800,600,false],"portraits":["https:\/\/arantv.az\/wp-content\/uploads\/2020\/10\/hikmet_2837856.jpg",800,600,false],"thumbnail":["https:\/\/arantv.az\/wp-content\/uploads\/2020\/10\/hikmet_2837856-150x150.jpg",150,150,true],"medium":["https:\/\/arantv.az\/wp-content\/uploads\/2020\/10\/hikmet_2837856-300x225.jpg",300,225,true],"large":["https:\/\/arantv.az\/wp-content\/uploads\/2020\/10\/hikmet_2837856.jpg",640,480,false],"1536x1536":["https:\/\/arantv.az\/wp-content\/uploads\/2020\/10\/hikmet_2837856.jpg",800,600,false],"2048x2048":["https:\/\/arantv.az\/wp-content\/uploads\/2020\/10\/hikmet_2837856.jpg",800,600,false],"post-thumbnail":["https:\/\/arantv.az\/wp-content\/uploads\/2020\/10\/hikmet_2837856-240x172.jpg",240,172,true],"advps-thumb-one":["https:\/\/arantv.az\/wp-content\/uploads\/2020\/10\/hikmet_2837856.jpg",800,600,false]},"rttpg_author":{"display_name":"V\u00fcsal Rafiqo\u011flu","author_link":"https:\/\/arantv.az\/?author=2"},"rttpg_comment":0,"rttpg_category":"<a href=\"https:\/\/arantv.az\/?cat=4\" rel=\"category\">Siyas\u0259t<\/a>","rttpg_excerpt":"\u201cXocal\u0131 soyq\u0131r\u0131m\u0131ndan 30 il ke\u00e7ir. Bu q\u0259tliam t\u0259kc\u0259 Az\u0259rbaycan\u0131n deyil, b\u0259\u015f\u0259riyy\u0259tin faci\u0259sidir\u201d. ARANTV.AZ-\u0131n m\u0259lumat\u0131na g\u00f6r\u0259, bunu Prezidentin k\u00f6m\u0259k\u00e7isi &#8211; Prezidentinin Administrasiyas\u0131n\u0131n Xarici siyas\u0259t m\u0259s\u0259l\u0259l\u0259ri \u015f\u00f6b\u0259sinin m\u00fcdiri Hikm\u0259t Hac\u0131yev Xocal\u0131 soyq\u0131r\u0131m\u0131n\u0131n 30 illiyin\u0259 h\u0259sr olunmu\u015f konfransda bildirib. Onun s\u00f6zl\u0259rin\u0259 g\u00f6r\u0259, t\u0259\u0259ss\u00fcfl\u0259r olsun ki, Xocal\u0131 soyq\u0131r\u0131m\u0131 il\u0259 ba\u011fl\u0131 Erm\u0259nistana he\u00e7 bir c\u0259za verilm\u0259yib: \u201cBurada beyn\u0259lxalq ictimaiyy\u0259t bu&hellip;","_links":{"self":[{"href":"https:\/\/arantv.az\/index.php?rest_route=\/wp\/v2\/posts\/444068"}],"collection":[{"href":"https:\/\/arantv.az\/index.php?rest_route=\/wp\/v2\/posts"}],"about":[{"href":"https:\/\/arantv.az\/index.php?rest_route=\/wp\/v2\/types\/post"}],"author":[{"embeddable":true,"href":"https:\/\/arantv.az\/index.php?rest_route=\/wp\/v2\/users\/2"}],"replies":[{"embeddable":true,"href":"https:\/\/arantv.az\/index.php?rest_route=%2Fwp%2Fv2%2Fcomments&post=444068"}],"version-history":[{"count":0,"href":"https:\/\/arantv.az\/index.php?rest_route=\/wp\/v2\/posts\/444068\/revisions"}],"wp:featuredmedia":[{"embeddable":true,"href":"https:\/\/arantv.az\/index.php?rest_route=\/wp\/v2\/media\/229814"}],"wp:attachment":[{"href":"https:\/\/arantv.az\/index.php?rest_route=%2Fwp%2Fv2%2Fmedia&parent=444068"}],"wp:term":[{"taxonomy":"category","embeddable":true,"href":"https:\/\/arantv.az\/index.php?rest_route=%2Fwp%2Fv2%2Fcategories&post=444068"},{"taxonomy":"post_tag","embeddable":true,"href":"https:\/\/arantv.az\/index.php?rest_route=%2Fwp%2Fv2%2Ftags&post=444068"}],"curies":[{"name":"wp","href":"https:\/\/api.w.org\/{rel}","templated":true}]}}