{"id":444073,"date":"2022-02-25T11:08:02","date_gmt":"2022-02-25T08:08:02","guid":{"rendered":"http:\/\/arantv.az\/?p=444073"},"modified":"2022-02-25T11:08:02","modified_gmt":"2022-02-25T08:08:02","slug":"v%c9%99t%c9%99n-muharib%c9%99sind%c9%99-istirak-ed%c9%99n-2708-n%c9%99f%c9%99r%c9%99-%c9%99lillik-t%c9%99yin-edilib","status":"publish","type":"post","link":"https:\/\/arantv.az\/?p=444073","title":{"rendered":"V\u0259t\u0259n M\u00fcharib\u0259sind\u0259 i\u015ftirak ed\u0259n 2708 n\u0259f\u0259r\u0259 \u0259lillik t\u0259yin edilib"},"content":{"rendered":"<p>&#8220;44 g\u00fcnl\u00fck V\u0259t\u0259n M\u00fcharib\u0259sind\u0259 i\u015ftirak ed\u0259nl\u0259r 2708 n\u0259f\u0259r\u0259 \u0259lillik d\u0259r\u0259c\u0259si t\u0259yin edilib&#8221;.<\/p>\n<p><strong>ARANTV.AZ\u00a0 x\u0259b\u0259r verir ki,<\/strong>\u00a0\u00a0bunu D\u00f6vl\u0259t Tibbi-Sosial Ekspertiza v\u0259 Reabilitasiya Agentliyinin Tibbi-Sosial Ekspertiza xidm\u0259tinin t\u0259\u015fkili departamentinin m\u00fcdir m\u00fcavini \u0130lkin Yusifov &#8220;Sosial saat&#8221;da deyib.<\/p>\n<p>O bildirib ki, 263 n\u0259f\u0259r y\u00fcks\u0259k texnologiyal\u0131 protezl\u0259 t\u0259min olunub:<\/p>\n<p>&#8220;Onlardan 188 n\u0259f\u0259ri \u0130kinci Qaraba\u011f m\u00fcharib\u0259si qazisidir. Haz\u0131rda da proses davam etdirilir&#8221; &#8211; o qeyd edib.<\/p>\n","protected":false},"excerpt":{"rendered":"<p>&#8220;44 g\u00fcnl\u00fck V\u0259t\u0259n M\u00fcharib\u0259sind\u0259 i\u015ftirak ed\u0259nl\u0259r 2708 n\u0259f\u0259r\u0259 \u0259lillik d\u0259r\u0259c\u0259si t\u0259yin edilib&#8221;. ARANTV.AZ\u00a0 x\u0259b\u0259r verir ki,\u00a0\u00a0bunu D\u00f6vl\u0259t Tibbi-Sosial Ekspertiza v\u0259 Reabilitasiya Agentliyinin Tibbi-Sosial Ekspertiza xidm\u0259tinin t\u0259\u015fkili departamentinin m\u00fcdir m\u00fcavini \u0130lkin Yusifov &#8220;Sosial saat&#8221;da deyib. O bildirib ki, 263 n\u0259f\u0259r y\u00fcks\u0259k texnologiyal\u0131 protezl\u0259 t\u0259min olunub: &#8220;Onlardan 188 n\u0259f\u0259ri \u0130kinci Qaraba\u011f m\u00fcharib\u0259si qazisidir. Haz\u0131rda da proses davam etdirilir&#8221; &#8211; o qeyd edib.<\/p>\n","protected":false},"author":2,"featured_media":444074,"comment_status":"closed","ping_status":"closed","sticky":false,"template":"","format":"standard","meta":{"om_disable_all_campaigns":false,"_monsterinsights_skip_tracking":false,"_monsterinsights_sitenote_active":false,"_monsterinsights_sitenote_note":"","_monsterinsights_sitenote_category":0},"categories":[1],"tags":[],"aioseo_notices":[],"gutentor_comment":0,"rttpg_featured_image_url":{"full":["https:\/\/arantv.az\/wp-content\/uploads\/2022\/02\/04115ec3163731112539917896411068930.jpg",975,540,false],"landscape":["https:\/\/arantv.az\/wp-content\/uploads\/2022\/02\/04115ec3163731112539917896411068930.jpg",975,540,false],"portraits":["https:\/\/arantv.az\/wp-content\/uploads\/2022\/02\/04115ec3163731112539917896411068930.jpg",975,540,false],"thumbnail":["https:\/\/arantv.az\/wp-content\/uploads\/2022\/02\/04115ec3163731112539917896411068930-500x280.jpg",500,280,true],"medium":["https:\/\/arantv.az\/wp-content\/uploads\/2022\/02\/04115ec3163731112539917896411068930-660x365.jpg",660,365,true],"large":["https:\/\/arantv.az\/wp-content\/uploads\/2022\/02\/04115ec3163731112539917896411068930-840x465.jpg",640,354,true],"1536x1536":["https:\/\/arantv.az\/wp-content\/uploads\/2022\/02\/04115ec3163731112539917896411068930.jpg",975,540,false],"2048x2048":["https:\/\/arantv.az\/wp-content\/uploads\/2022\/02\/04115ec3163731112539917896411068930.jpg",975,540,false],"post-thumbnail":["https:\/\/arantv.az\/wp-content\/uploads\/2022\/02\/04115ec3163731112539917896411068930-240x172.jpg",240,172,true],"advps-thumb-one":["https:\/\/arantv.az\/wp-content\/uploads\/2022\/02\/04115ec3163731112539917896411068930.jpg",975,540,false]},"rttpg_author":{"display_name":"V\u00fcsal Rafiqo\u011flu","author_link":"https:\/\/arantv.az\/?author=2"},"rttpg_comment":0,"rttpg_category":"<a href=\"https:\/\/arantv.az\/?cat=1\" rel=\"category\">C\u0259miyy\u0259t<\/a>","rttpg_excerpt":"&#8220;44 g\u00fcnl\u00fck V\u0259t\u0259n M\u00fcharib\u0259sind\u0259 i\u015ftirak ed\u0259nl\u0259r 2708 n\u0259f\u0259r\u0259 \u0259lillik d\u0259r\u0259c\u0259si t\u0259yin edilib&#8221;. ARANTV.AZ\u00a0 x\u0259b\u0259r verir ki,\u00a0\u00a0bunu D\u00f6vl\u0259t Tibbi-Sosial Ekspertiza v\u0259 Reabilitasiya Agentliyinin Tibbi-Sosial Ekspertiza xidm\u0259tinin t\u0259\u015fkili departamentinin m\u00fcdir m\u00fcavini \u0130lkin Yusifov &#8220;Sosial saat&#8221;da deyib. O bildirib ki, 263 n\u0259f\u0259r y\u00fcks\u0259k texnologiyal\u0131 protezl\u0259 t\u0259min olunub: &#8220;Onlardan 188 n\u0259f\u0259ri \u0130kinci Qaraba\u011f m\u00fcharib\u0259si qazisidir. Haz\u0131rda da proses davam&hellip;","_links":{"self":[{"href":"https:\/\/arantv.az\/index.php?rest_route=\/wp\/v2\/posts\/444073"}],"collection":[{"href":"https:\/\/arantv.az\/index.php?rest_route=\/wp\/v2\/posts"}],"about":[{"href":"https:\/\/arantv.az\/index.php?rest_route=\/wp\/v2\/types\/post"}],"author":[{"embeddable":true,"href":"https:\/\/arantv.az\/index.php?rest_route=\/wp\/v2\/users\/2"}],"replies":[{"embeddable":true,"href":"https:\/\/arantv.az\/index.php?rest_route=%2Fwp%2Fv2%2Fcomments&post=444073"}],"version-history":[{"count":0,"href":"https:\/\/arantv.az\/index.php?rest_route=\/wp\/v2\/posts\/444073\/revisions"}],"wp:featuredmedia":[{"embeddable":true,"href":"https:\/\/arantv.az\/index.php?rest_route=\/wp\/v2\/media\/444074"}],"wp:attachment":[{"href":"https:\/\/arantv.az\/index.php?rest_route=%2Fwp%2Fv2%2Fmedia&parent=444073"}],"wp:term":[{"taxonomy":"category","embeddable":true,"href":"https:\/\/arantv.az\/index.php?rest_route=%2Fwp%2Fv2%2Fcategories&post=444073"},{"taxonomy":"post_tag","embeddable":true,"href":"https:\/\/arantv.az\/index.php?rest_route=%2Fwp%2Fv2%2Ftags&post=444073"}],"curies":[{"name":"wp","href":"https:\/\/api.w.org\/{rel}","templated":true}]}}