{"id":444100,"date":"2022-02-25T12:45:21","date_gmt":"2022-02-25T09:45:21","guid":{"rendered":"http:\/\/arantv.az\/?p=444100"},"modified":"2022-02-25T12:45:21","modified_gmt":"2022-02-25T09:45:21","slug":"sahil-babayev-boks-federasiyasinin-strukturunu-t%c9%99sdiql%c9%99di-foto","status":"publish","type":"post","link":"https:\/\/arantv.az\/?p=444100","title":{"rendered":"Sahil Babayev Boks Federasiyas\u0131n\u0131n strukturunu t\u0259sdiql\u0259di &#8211; FOTO"},"content":{"rendered":"<p>Az\u0259rbaycan Boks Federasiyas\u0131n\u0131n (ABF) prezidenti Sahil Babayevin s\u0259drliyi il\u0259 qurumun \u0130dar\u0259 Hey\u0259tinin iclas\u0131 ke\u00e7irilib. T\u0259dbird\u0259 ABF-nin strukturu m\u00fczakir\u0259 edil\u0259r\u0259k t\u0259sdiq edilib.<\/p>\n<p><b>ARANTV.AZ <\/b>x\u0259b\u0259r verir ki, federasiya prezidenti yarad\u0131lacaq yeni departamentl\u0259rl\u0259 ba\u011fl\u0131 \u0259trafl\u0131 m\u0259lumat verib.<\/p>\n<div class=\"AdviadNativeVideo\"><\/div>\n<p>O, idar\u0259etm\u0259nin t\u0259kmill\u0259\u015fdirilm\u0259si il\u0259 m\u00fcxt\u0259lif ya\u015f qruplar\u0131 \u00fczr\u0259 milli komandalar\u0131m\u0131z\u0131n beyn\u0259lxalq arenalarda Az\u0259rbaycan\u0131 u\u011furla t\u0259msil ed\u0259c\u0259yin\u0259 \u0259minliyini ifad\u0259 edib. S.Babayev qeyd edib ki, regionlarda n\u00fcmay\u0259nd\u0259likl\u0259rin a\u00e7\u0131lmas\u0131 prosesin\u0259 tezlikl\u0259 start veril\u0259c\u0259k, ard\u0131nca diqq\u0259t rayon v\u0259 \u015f\u0259h\u0259rl\u0259rimizd\u0259 boks b\u00f6lm\u0259l\u0259rinin f\u0259aliyy\u0259t\u0259 ba\u015flamas\u0131na y\u00f6n\u0259l\u0259c\u0259k.<\/p>\n<p>Haz\u0131rda Boks M\u0259rk\u0259zind\u0259 t\u0259lim-m\u0259\u015fq toplan\u0131\u015f\u0131nda olan 22 ya\u015fad\u0259k boks\u00e7ular\u0131m\u0131z\u0131n Avropa \u00e7empionat\u0131na haz\u0131rl\u0131\u011f\u0131 il\u0259 ba\u011fl\u0131 m\u00fczakir\u0259l\u0259r apar\u0131l\u0131b. Y\u0131\u011fmam\u0131z\u0131n Xorvatiyan\u0131n Pore\u00e7 \u015f\u0259h\u0259rind\u0259 ke\u00e7iril\u0259c\u0259k yar\u0131\u015fda u\u011furlu \u00e7\u0131x\u0131\u015f\u0131 \u00fc\u00e7\u00fcn maksimum s\u0259yl\u0259rin g\u00f6st\u0259ril\u0259c\u0259yi qeyd olunub.<\/p>\n<p>\u0130dar\u0259 Hey\u0259tinin \u00fczvl\u0259ri mart\u0131n 11-24-d\u0259 t\u0259\u015fkil olunacaq U-22-l\u0259r aras\u0131nda Avropa \u00e7empionat\u0131na haz\u0131rl\u0131\u011f\u0131n plan \u00fczr\u0259 getdiyini v\u0259 boks\u00e7ular\u0131m\u0131z\u0131n yar\u0131\u015fda \u00f6lk\u0259mizin idman \u015f\u0259r\u0259fini layiqinc\u0259 qoruyaca\u011f\u0131n\u0131 deyibl\u0259r.<\/p>\n<p>&nbsp;<\/p>\n<div class=\"gallery\">\n<div class=\"gallery-i\"><img src=\"https:\/\/cdn.oxu.az\/uploads\/W1siZiIsIjIwMjIvMDIvMjUvMTIvMjAvMTcvMWE0YjFjNmItMjFjMC00OTQ1LWE0ZjctOTI2ZGJlMmNlYzAyLzI3MzkyOTA2NV8xODQxNzg3MzU2MjExNzY5XzEwMDYyNzgzNjYyNDYyOTczNjFfbi5qcGciXSxbInAiLCJlbmNvZGUiLCJqcGciLCItcXVhbGl0eSA4MCJdLFsicCIsInRodW1iIiwiNTkweDU5MFx1MDAzZSJdXQ?sha=10395f5988d2a9cd\" alt=\"\" \/><\/p>\n<div class=\"gallery-i-caption\"><\/div>\n<\/div>\n<div class=\"gallery-i\"><img src=\"https:\/\/cdn.oxu.az\/uploads\/W1siZiIsIjIwMjIvMDIvMjUvMTIvMjAvMjIvYjg5YWFiZjYtNjE4YS00ZmI3LThkNmMtNjY3OWY0NzdiNGMyLzI3MzkyNjI2MF80MTk3MDczNDMyNDI3MzRfMzY4NjI5OTgyNDAwNjY4NzI5MV9uLmpwZyJdLFsicCIsImVuY29kZSIsImpwZyIsIi1xdWFsaXR5IDgwIl0sWyJwIiwidGh1bWIiLCI1OTB4NTkwXHUwMDNlIl1d?sha=647f4f9ce88484aa\" alt=\"\" \/><\/div>\n<\/div>\n","protected":false},"excerpt":{"rendered":"<p>Az\u0259rbaycan Boks Federasiyas\u0131n\u0131n (ABF) prezidenti Sahil Babayevin s\u0259drliyi il\u0259 qurumun \u0130dar\u0259 Hey\u0259tinin iclas\u0131 ke\u00e7irilib. T\u0259dbird\u0259 ABF-nin strukturu m\u00fczakir\u0259 edil\u0259r\u0259k t\u0259sdiq edilib. ARANTV.AZ x\u0259b\u0259r verir ki, federasiya prezidenti yarad\u0131lacaq yeni departamentl\u0259rl\u0259 ba\u011fl\u0131 \u0259trafl\u0131 m\u0259lumat verib. O, idar\u0259etm\u0259nin t\u0259kmill\u0259\u015fdirilm\u0259si il\u0259 m\u00fcxt\u0259lif ya\u015f qruplar\u0131 \u00fczr\u0259 milli komandalar\u0131m\u0131z\u0131n beyn\u0259lxalq arenalarda Az\u0259rbaycan\u0131 u\u011furla t\u0259msil ed\u0259c\u0259yin\u0259 \u0259minliyini ifad\u0259 edib. S.Babayev qeyd edib ki, regionlarda n\u00fcmay\u0259nd\u0259likl\u0259rin a\u00e7\u0131lmas\u0131 prosesin\u0259 tezlikl\u0259 start veril\u0259c\u0259k, ard\u0131nca diqq\u0259t rayon v\u0259 \u015f\u0259h\u0259rl\u0259rimizd\u0259 boks b\u00f6lm\u0259l\u0259rinin f\u0259aliyy\u0259t\u0259 ba\u015flamas\u0131na y\u00f6n\u0259l\u0259c\u0259k. Haz\u0131rda Boks M\u0259rk\u0259zind\u0259 t\u0259lim-m\u0259\u015fq toplan\u0131\u015f\u0131nda olan 22 ya\u015fad\u0259k boks\u00e7ular\u0131m\u0131z\u0131n Avropa \u00e7empionat\u0131na haz\u0131rl\u0131\u011f\u0131 il\u0259 ba\u011fl\u0131 m\u00fczakir\u0259l\u0259r apar\u0131l\u0131b.&hellip;<\/p>\n","protected":false},"author":2,"featured_media":444101,"comment_status":"closed","ping_status":"closed","sticky":false,"template":"","format":"standard","meta":{"om_disable_all_campaigns":false,"_monsterinsights_skip_tracking":false,"_monsterinsights_sitenote_active":false,"_monsterinsights_sitenote_note":"","_monsterinsights_sitenote_category":0},"categories":[6],"tags":[],"aioseo_notices":[],"gutentor_comment":0,"rttpg_featured_image_url":{"full":["https:\/\/arantv.az\/wp-content\/uploads\/2022\/02\/1645775175655_jA0N6gUP.jpg",620,413,false],"landscape":["https:\/\/arantv.az\/wp-content\/uploads\/2022\/02\/1645775175655_jA0N6gUP.jpg",620,413,false],"portraits":["https:\/\/arantv.az\/wp-content\/uploads\/2022\/02\/1645775175655_jA0N6gUP.jpg",620,413,false],"thumbnail":["https:\/\/arantv.az\/wp-content\/uploads\/2022\/02\/1645775175655_jA0N6gUP-500x280.jpg",500,280,true],"medium":["https:\/\/arantv.az\/wp-content\/uploads\/2022\/02\/1645775175655_jA0N6gUP-548x365.jpg",548,365,true],"large":["https:\/\/arantv.az\/wp-content\/uploads\/2022\/02\/1645775175655_jA0N6gUP.jpg",620,413,false],"1536x1536":["https:\/\/arantv.az\/wp-content\/uploads\/2022\/02\/1645775175655_jA0N6gUP.jpg",620,413,false],"2048x2048":["https:\/\/arantv.az\/wp-content\/uploads\/2022\/02\/1645775175655_jA0N6gUP.jpg",620,413,false],"post-thumbnail":["https:\/\/arantv.az\/wp-content\/uploads\/2022\/02\/1645775175655_jA0N6gUP-240x172.jpg",240,172,true],"advps-thumb-one":["https:\/\/arantv.az\/wp-content\/uploads\/2022\/02\/1645775175655_jA0N6gUP.jpg",620,413,false]},"rttpg_author":{"display_name":"V\u00fcsal Rafiqo\u011flu","author_link":"https:\/\/arantv.az\/?author=2"},"rttpg_comment":0,"rttpg_category":"<a href=\"https:\/\/arantv.az\/?cat=6\" rel=\"category\">\u0130dman<\/a>","rttpg_excerpt":"Az\u0259rbaycan Boks Federasiyas\u0131n\u0131n (ABF) prezidenti Sahil Babayevin s\u0259drliyi il\u0259 qurumun \u0130dar\u0259 Hey\u0259tinin iclas\u0131 ke\u00e7irilib. T\u0259dbird\u0259 ABF-nin strukturu m\u00fczakir\u0259 edil\u0259r\u0259k t\u0259sdiq edilib. ARANTV.AZ x\u0259b\u0259r verir ki, federasiya prezidenti yarad\u0131lacaq yeni departamentl\u0259rl\u0259 ba\u011fl\u0131 \u0259trafl\u0131 m\u0259lumat verib. O, idar\u0259etm\u0259nin t\u0259kmill\u0259\u015fdirilm\u0259si il\u0259 m\u00fcxt\u0259lif ya\u015f qruplar\u0131 \u00fczr\u0259 milli komandalar\u0131m\u0131z\u0131n beyn\u0259lxalq arenalarda Az\u0259rbaycan\u0131 u\u011furla t\u0259msil ed\u0259c\u0259yin\u0259 \u0259minliyini ifad\u0259 edib. S.Babayev qeyd&hellip;","_links":{"self":[{"href":"https:\/\/arantv.az\/index.php?rest_route=\/wp\/v2\/posts\/444100"}],"collection":[{"href":"https:\/\/arantv.az\/index.php?rest_route=\/wp\/v2\/posts"}],"about":[{"href":"https:\/\/arantv.az\/index.php?rest_route=\/wp\/v2\/types\/post"}],"author":[{"embeddable":true,"href":"https:\/\/arantv.az\/index.php?rest_route=\/wp\/v2\/users\/2"}],"replies":[{"embeddable":true,"href":"https:\/\/arantv.az\/index.php?rest_route=%2Fwp%2Fv2%2Fcomments&post=444100"}],"version-history":[{"count":0,"href":"https:\/\/arantv.az\/index.php?rest_route=\/wp\/v2\/posts\/444100\/revisions"}],"wp:featuredmedia":[{"embeddable":true,"href":"https:\/\/arantv.az\/index.php?rest_route=\/wp\/v2\/media\/444101"}],"wp:attachment":[{"href":"https:\/\/arantv.az\/index.php?rest_route=%2Fwp%2Fv2%2Fmedia&parent=444100"}],"wp:term":[{"taxonomy":"category","embeddable":true,"href":"https:\/\/arantv.az\/index.php?rest_route=%2Fwp%2Fv2%2Fcategories&post=444100"},{"taxonomy":"post_tag","embeddable":true,"href":"https:\/\/arantv.az\/index.php?rest_route=%2Fwp%2Fv2%2Ftags&post=444100"}],"curies":[{"name":"wp","href":"https:\/\/api.w.org\/{rel}","templated":true}]}}