{"id":444103,"date":"2022-02-25T12:46:35","date_gmt":"2022-02-25T09:46:35","guid":{"rendered":"http:\/\/arantv.az\/?p=444103"},"modified":"2022-02-25T12:46:35","modified_gmt":"2022-02-25T09:46:35","slug":"moldovali-jurnalist-susada-gull%c9%99l%c9%99nmis-evl%c9%99r%c9%99-ur%c9%99k-agrisi-il%c9%99-baxdiq","status":"publish","type":"post","link":"https:\/\/arantv.az\/?p=444103","title":{"rendered":"Moldoval\u0131 jurnalist: \u201c\u015eu\u015fada g\u00fcll\u0259l\u0259nmi\u015f evl\u0259r\u0259 \u00fcr\u0259k a\u011fr\u0131s\u0131 il\u0259 baxd\u0131q\u201d"},"content":{"rendered":"<p>\u201cG\u00fcll\u0259l\u0259nmi\u015f, p\u0259nc\u0259r\u0259l\u0259ri s\u0131nd\u0131r\u0131lm\u0131\u015f bu evl\u0259r\u0259 \u00e7ox b\u00f6y\u00fck \u00fcr\u0259k a\u011fr\u0131s\u0131 il\u0259 baxd\u0131q. \u0130ndi bu evl\u0259rd\u0259 he\u00e7 kim ya\u015fam\u0131r\u201d.<\/p>\n<div class=\"AdviadNativeVideo\"><\/div>\n<p>APA x\u0259b\u0259r verir ki, bunu \u015eu\u015fada s\u0259f\u0259rd\u0259 olan Moldovan\u0131n \u201cJurnalTV\u201d kanal\u0131n\u0131n \u0259m\u0259kda\u015f\u0131 Kalen Jukovski deyib. O, m\u00fcharib\u0259 d\u00f6vr\u00fcnd\u0259 sosial \u015f\u0259b\u0259k\u0259l\u0259rd\u0259 yay\u0131lan videolar\u0131 \u00fcr\u0259k a\u011fr\u0131s\u0131 il\u0259 izl\u0259diyini bildirib:<\/p>\n<p>\u201cH\u0259mi\u015f\u0259 Az\u0259rbaycan\u0131 d\u0259st\u0259kl\u0259yirdik. N\u0259 yax\u015f\u0131 ki, bu \u015f\u0259h\u0259r v\u0259 Qaraba\u011f erm\u0259ni i\u015f\u011fal\u0131ndan azad edilib, bu, \u00e7ox yax\u015f\u0131d\u0131r\u201d.<\/p>\n<p>Qeyd ed\u0259k ki, bu g\u00fcn xarici K\u0130V n\u00fcmay\u0259nd\u0259l\u0259rinin \u015eu\u015fa \u015f\u0259h\u0259rin\u0259 s\u0259f\u0259ri ba\u015flay\u0131b.<\/p>\n<p>N\u00fcmay\u0259nd\u0259 hey\u0259tin\u0259 12 \u00f6lk\u0259d\u0259n &#8211; Ukrayna, Moldova, T\u00fcrkiy\u0259, Fransa, Niderland, \u00c7exiya, AB\u015e, Misir, \u018flc\u0259zair, \u015eimali Kipr, Malayziya v\u0259 Yaponiyadan 26 K\u0130V n\u00fcmay\u0259nd\u0259si daxildir.<\/p>\n","protected":false},"excerpt":{"rendered":"<p>\u201cG\u00fcll\u0259l\u0259nmi\u015f, p\u0259nc\u0259r\u0259l\u0259ri s\u0131nd\u0131r\u0131lm\u0131\u015f bu evl\u0259r\u0259 \u00e7ox b\u00f6y\u00fck \u00fcr\u0259k a\u011fr\u0131s\u0131 il\u0259 baxd\u0131q. \u0130ndi bu evl\u0259rd\u0259 he\u00e7 kim ya\u015fam\u0131r\u201d. APA x\u0259b\u0259r verir ki, bunu \u015eu\u015fada s\u0259f\u0259rd\u0259 olan Moldovan\u0131n \u201cJurnalTV\u201d kanal\u0131n\u0131n \u0259m\u0259kda\u015f\u0131 Kalen Jukovski deyib. O, m\u00fcharib\u0259 d\u00f6vr\u00fcnd\u0259 sosial \u015f\u0259b\u0259k\u0259l\u0259rd\u0259 yay\u0131lan videolar\u0131 \u00fcr\u0259k a\u011fr\u0131s\u0131 il\u0259 izl\u0259diyini bildirib: \u201cH\u0259mi\u015f\u0259 Az\u0259rbaycan\u0131 d\u0259st\u0259kl\u0259yirdik. N\u0259 yax\u015f\u0131 ki, bu \u015f\u0259h\u0259r v\u0259 Qaraba\u011f erm\u0259ni i\u015f\u011fal\u0131ndan azad edilib, bu, \u00e7ox yax\u015f\u0131d\u0131r\u201d. Qeyd ed\u0259k ki, bu g\u00fcn xarici K\u0130V n\u00fcmay\u0259nd\u0259l\u0259rinin \u015eu\u015fa \u015f\u0259h\u0259rin\u0259 s\u0259f\u0259ri ba\u015flay\u0131b. N\u00fcmay\u0259nd\u0259 hey\u0259tin\u0259 12 \u00f6lk\u0259d\u0259n &#8211; Ukrayna, Moldova, T\u00fcrkiy\u0259, Fransa, Niderland, \u00c7exiya, AB\u015e, Misir, \u018flc\u0259zair, \u015eimali Kipr, Malayziya&hellip;<\/p>\n","protected":false},"author":2,"featured_media":444104,"comment_status":"closed","ping_status":"closed","sticky":false,"template":"","format":"standard","meta":{"om_disable_all_campaigns":false,"_monsterinsights_skip_tracking":false,"_monsterinsights_sitenote_active":false,"_monsterinsights_sitenote_note":"","_monsterinsights_sitenote_category":0},"categories":[1],"tags":[],"aioseo_notices":[],"gutentor_comment":0,"rttpg_featured_image_url":{"full":["https:\/\/arantv.az\/wp-content\/uploads\/2022\/02\/susa-xari-bulbul.jpg",450,300,false],"landscape":["https:\/\/arantv.az\/wp-content\/uploads\/2022\/02\/susa-xari-bulbul.jpg",450,300,false],"portraits":["https:\/\/arantv.az\/wp-content\/uploads\/2022\/02\/susa-xari-bulbul.jpg",450,300,false],"thumbnail":["https:\/\/arantv.az\/wp-content\/uploads\/2022\/02\/susa-xari-bulbul-450x280.jpg",450,280,true],"medium":["https:\/\/arantv.az\/wp-content\/uploads\/2022\/02\/susa-xari-bulbul.jpg",450,300,false],"large":["https:\/\/arantv.az\/wp-content\/uploads\/2022\/02\/susa-xari-bulbul.jpg",450,300,false],"1536x1536":["https:\/\/arantv.az\/wp-content\/uploads\/2022\/02\/susa-xari-bulbul.jpg",450,300,false],"2048x2048":["https:\/\/arantv.az\/wp-content\/uploads\/2022\/02\/susa-xari-bulbul.jpg",450,300,false],"post-thumbnail":["https:\/\/arantv.az\/wp-content\/uploads\/2022\/02\/susa-xari-bulbul-240x172.jpg",240,172,true],"advps-thumb-one":["https:\/\/arantv.az\/wp-content\/uploads\/2022\/02\/susa-xari-bulbul.jpg",450,300,false]},"rttpg_author":{"display_name":"V\u00fcsal Rafiqo\u011flu","author_link":"https:\/\/arantv.az\/?author=2"},"rttpg_comment":0,"rttpg_category":"<a href=\"https:\/\/arantv.az\/?cat=1\" rel=\"category\">C\u0259miyy\u0259t<\/a>","rttpg_excerpt":"\u201cG\u00fcll\u0259l\u0259nmi\u015f, p\u0259nc\u0259r\u0259l\u0259ri s\u0131nd\u0131r\u0131lm\u0131\u015f bu evl\u0259r\u0259 \u00e7ox b\u00f6y\u00fck \u00fcr\u0259k a\u011fr\u0131s\u0131 il\u0259 baxd\u0131q. \u0130ndi bu evl\u0259rd\u0259 he\u00e7 kim ya\u015fam\u0131r\u201d. APA x\u0259b\u0259r verir ki, bunu \u015eu\u015fada s\u0259f\u0259rd\u0259 olan Moldovan\u0131n \u201cJurnalTV\u201d kanal\u0131n\u0131n \u0259m\u0259kda\u015f\u0131 Kalen Jukovski deyib. O, m\u00fcharib\u0259 d\u00f6vr\u00fcnd\u0259 sosial \u015f\u0259b\u0259k\u0259l\u0259rd\u0259 yay\u0131lan videolar\u0131 \u00fcr\u0259k a\u011fr\u0131s\u0131 il\u0259 izl\u0259diyini bildirib: \u201cH\u0259mi\u015f\u0259 Az\u0259rbaycan\u0131 d\u0259st\u0259kl\u0259yirdik. N\u0259 yax\u015f\u0131 ki, bu \u015f\u0259h\u0259r v\u0259 Qaraba\u011f erm\u0259ni&hellip;","_links":{"self":[{"href":"https:\/\/arantv.az\/index.php?rest_route=\/wp\/v2\/posts\/444103"}],"collection":[{"href":"https:\/\/arantv.az\/index.php?rest_route=\/wp\/v2\/posts"}],"about":[{"href":"https:\/\/arantv.az\/index.php?rest_route=\/wp\/v2\/types\/post"}],"author":[{"embeddable":true,"href":"https:\/\/arantv.az\/index.php?rest_route=\/wp\/v2\/users\/2"}],"replies":[{"embeddable":true,"href":"https:\/\/arantv.az\/index.php?rest_route=%2Fwp%2Fv2%2Fcomments&post=444103"}],"version-history":[{"count":0,"href":"https:\/\/arantv.az\/index.php?rest_route=\/wp\/v2\/posts\/444103\/revisions"}],"wp:featuredmedia":[{"embeddable":true,"href":"https:\/\/arantv.az\/index.php?rest_route=\/wp\/v2\/media\/444104"}],"wp:attachment":[{"href":"https:\/\/arantv.az\/index.php?rest_route=%2Fwp%2Fv2%2Fmedia&parent=444103"}],"wp:term":[{"taxonomy":"category","embeddable":true,"href":"https:\/\/arantv.az\/index.php?rest_route=%2Fwp%2Fv2%2Fcategories&post=444103"},{"taxonomy":"post_tag","embeddable":true,"href":"https:\/\/arantv.az\/index.php?rest_route=%2Fwp%2Fv2%2Ftags&post=444103"}],"curies":[{"name":"wp","href":"https:\/\/api.w.org\/{rel}","templated":true}]}}