{"id":444106,"date":"2022-02-25T12:47:07","date_gmt":"2022-02-25T09:47:07","guid":{"rendered":"http:\/\/arantv.az\/?p=444106"},"modified":"2022-02-25T12:47:07","modified_gmt":"2022-02-25T09:47:07","slug":"melitopol-s%c9%99h%c9%99ri-ugrunda-kuc%c9%99-doyusl%c9%99ri-gedir","status":"publish","type":"post","link":"https:\/\/arantv.az\/?p=444106","title":{"rendered":"Melitopol \u015f\u0259h\u0259ri u\u011frunda k\u00fc\u00e7\u0259 d\u00f6y\u00fc\u015fl\u0259ri gedir"},"content":{"rendered":"<p>Ukraynan\u0131n Melitopol \u015f\u0259h\u0259ri u\u011frunda \u015fidd\u0259tli d\u00f6y\u00fc\u015fl\u0259r gedir.<\/p>\n<div class=\"AdviadNativeVideo\"><\/div>\n<p>Bu bar\u0259d\u0259 Melitopol rayonu \u00fczr\u0259 d\u00f6vl\u0259t administrasiyas\u0131n\u0131n s\u0259dri \u0130qor Sudakov bildirib.<\/p>\n<p>O\u00a0bildirib ki, Rusiya qo\u015funlar\u0131 \u015f\u0259h\u0259rd\u0259ki inzibati binalar\u0131 tutma\u011fa c\u0259hd edir.<\/p>\n<p>\u201c\u015e\u0259h\u0259rimiz \u00fc\u00e7\u00fcn \u00e7ox g\u0259rgin s\u0259h\u0259rdir. D\u00fc\u015fm\u0259n Melitopol \u015f\u0259h\u0259rinin inzibati binalar\u0131n\u0131 tutma\u011fa v\u0259 ya m\u0259hv etm\u0259y\u0259 \u00e7al\u0131\u015f\u0131r. Siz \u00f6z evl\u0259rinizd\u0259 at\u0259\u015f v\u0259 partlay\u0131\u015f s\u0259sl\u0259rini e\u015fidirsiniz \u2013 \u015f\u0259h\u0259r d\u00f6y\u00fc\u015fl\u0259ri gedir\u201d, &#8211; dey\u0259 o qeyd edib.<\/p>\n<p>M\u0259nb\u0259: Segodnya.ua<\/p>\n","protected":false},"excerpt":{"rendered":"<p>Ukraynan\u0131n Melitopol \u015f\u0259h\u0259ri u\u011frunda \u015fidd\u0259tli d\u00f6y\u00fc\u015fl\u0259r gedir. Bu bar\u0259d\u0259 Melitopol rayonu \u00fczr\u0259 d\u00f6vl\u0259t administrasiyas\u0131n\u0131n s\u0259dri \u0130qor Sudakov bildirib. O\u00a0bildirib ki, Rusiya qo\u015funlar\u0131 \u015f\u0259h\u0259rd\u0259ki inzibati binalar\u0131 tutma\u011fa c\u0259hd edir. \u201c\u015e\u0259h\u0259rimiz \u00fc\u00e7\u00fcn \u00e7ox g\u0259rgin s\u0259h\u0259rdir. D\u00fc\u015fm\u0259n Melitopol \u015f\u0259h\u0259rinin inzibati binalar\u0131n\u0131 tutma\u011fa v\u0259 ya m\u0259hv etm\u0259y\u0259 \u00e7al\u0131\u015f\u0131r. Siz \u00f6z evl\u0259rinizd\u0259 at\u0259\u015f v\u0259 partlay\u0131\u015f s\u0259sl\u0259rini e\u015fidirsiniz \u2013 \u015f\u0259h\u0259r d\u00f6y\u00fc\u015fl\u0259ri gedir\u201d, &#8211; dey\u0259 o qeyd edib. M\u0259nb\u0259: Segodnya.ua<\/p>\n","protected":false},"author":2,"featured_media":444107,"comment_status":"closed","ping_status":"closed","sticky":false,"template":"","format":"standard","meta":{"om_disable_all_campaigns":false,"_monsterinsights_skip_tracking":false,"_monsterinsights_sitenote_active":false,"_monsterinsights_sitenote_note":"","_monsterinsights_sitenote_category":0},"categories":[7],"tags":[],"aioseo_notices":[],"gutentor_comment":0,"rttpg_featured_image_url":{"full":["https:\/\/arantv.az\/wp-content\/uploads\/2022\/02\/FotoJet-2022-02-25T122047.583.jpg",620,413,false],"landscape":["https:\/\/arantv.az\/wp-content\/uploads\/2022\/02\/FotoJet-2022-02-25T122047.583.jpg",620,413,false],"portraits":["https:\/\/arantv.az\/wp-content\/uploads\/2022\/02\/FotoJet-2022-02-25T122047.583.jpg",620,413,false],"thumbnail":["https:\/\/arantv.az\/wp-content\/uploads\/2022\/02\/FotoJet-2022-02-25T122047.583-500x280.jpg",500,280,true],"medium":["https:\/\/arantv.az\/wp-content\/uploads\/2022\/02\/FotoJet-2022-02-25T122047.583-548x365.jpg",548,365,true],"large":["https:\/\/arantv.az\/wp-content\/uploads\/2022\/02\/FotoJet-2022-02-25T122047.583.jpg",620,413,false],"1536x1536":["https:\/\/arantv.az\/wp-content\/uploads\/2022\/02\/FotoJet-2022-02-25T122047.583.jpg",620,413,false],"2048x2048":["https:\/\/arantv.az\/wp-content\/uploads\/2022\/02\/FotoJet-2022-02-25T122047.583.jpg",620,413,false],"post-thumbnail":["https:\/\/arantv.az\/wp-content\/uploads\/2022\/02\/FotoJet-2022-02-25T122047.583-240x172.jpg",240,172,true],"advps-thumb-one":["https:\/\/arantv.az\/wp-content\/uploads\/2022\/02\/FotoJet-2022-02-25T122047.583.jpg",620,413,false]},"rttpg_author":{"display_name":"V\u00fcsal Rafiqo\u011flu","author_link":"https:\/\/arantv.az\/?author=2"},"rttpg_comment":0,"rttpg_category":"<a href=\"https:\/\/arantv.az\/?cat=7\" rel=\"category\">D\u00fcnya<\/a>","rttpg_excerpt":"Ukraynan\u0131n Melitopol \u015f\u0259h\u0259ri u\u011frunda \u015fidd\u0259tli d\u00f6y\u00fc\u015fl\u0259r gedir. Bu bar\u0259d\u0259 Melitopol rayonu \u00fczr\u0259 d\u00f6vl\u0259t administrasiyas\u0131n\u0131n s\u0259dri \u0130qor Sudakov bildirib. O\u00a0bildirib ki, Rusiya qo\u015funlar\u0131 \u015f\u0259h\u0259rd\u0259ki inzibati binalar\u0131 tutma\u011fa c\u0259hd edir. \u201c\u015e\u0259h\u0259rimiz \u00fc\u00e7\u00fcn \u00e7ox g\u0259rgin s\u0259h\u0259rdir. D\u00fc\u015fm\u0259n Melitopol \u015f\u0259h\u0259rinin inzibati binalar\u0131n\u0131 tutma\u011fa v\u0259 ya m\u0259hv etm\u0259y\u0259 \u00e7al\u0131\u015f\u0131r. Siz \u00f6z evl\u0259rinizd\u0259 at\u0259\u015f v\u0259 partlay\u0131\u015f s\u0259sl\u0259rini e\u015fidirsiniz \u2013 \u015f\u0259h\u0259r d\u00f6y\u00fc\u015fl\u0259ri&hellip;","_links":{"self":[{"href":"https:\/\/arantv.az\/index.php?rest_route=\/wp\/v2\/posts\/444106"}],"collection":[{"href":"https:\/\/arantv.az\/index.php?rest_route=\/wp\/v2\/posts"}],"about":[{"href":"https:\/\/arantv.az\/index.php?rest_route=\/wp\/v2\/types\/post"}],"author":[{"embeddable":true,"href":"https:\/\/arantv.az\/index.php?rest_route=\/wp\/v2\/users\/2"}],"replies":[{"embeddable":true,"href":"https:\/\/arantv.az\/index.php?rest_route=%2Fwp%2Fv2%2Fcomments&post=444106"}],"version-history":[{"count":0,"href":"https:\/\/arantv.az\/index.php?rest_route=\/wp\/v2\/posts\/444106\/revisions"}],"wp:featuredmedia":[{"embeddable":true,"href":"https:\/\/arantv.az\/index.php?rest_route=\/wp\/v2\/media\/444107"}],"wp:attachment":[{"href":"https:\/\/arantv.az\/index.php?rest_route=%2Fwp%2Fv2%2Fmedia&parent=444106"}],"wp:term":[{"taxonomy":"category","embeddable":true,"href":"https:\/\/arantv.az\/index.php?rest_route=%2Fwp%2Fv2%2Fcategories&post=444106"},{"taxonomy":"post_tag","embeddable":true,"href":"https:\/\/arantv.az\/index.php?rest_route=%2Fwp%2Fv2%2Ftags&post=444106"}],"curies":[{"name":"wp","href":"https:\/\/api.w.org\/{rel}","templated":true}]}}