{"id":444114,"date":"2022-02-25T12:48:57","date_gmt":"2022-02-25T09:48:57","guid":{"rendered":"http:\/\/arantv.az\/?p=444114"},"modified":"2022-02-25T12:48:57","modified_gmt":"2022-02-25T09:48:57","slug":"erm%c9%99nistanin-daha-bir-cinay%c9%99ti-uz%c9%99-cixdi-t%c9%99hlil-foto","status":"publish","type":"post","link":"https:\/\/arantv.az\/?p=444114","title":{"rendered":"Erm\u0259nistan\u0131n daha bir cinay\u0259ti \u00fcz\u0259 \u00e7\u0131xd\u0131 &#8211; T\u018fHL\u0130L + FOTO"},"content":{"rendered":"<p>Birinci Erm\u0259nistan-Az\u0259rbaycan m\u00fcharib\u0259sinin el\u0259 n\u0259tic\u0259l\u0259ri var ki, onun izin\u0259 d\u00fc\u015f\u00fcb a\u015fkara \u00e7\u0131xarmaq \u00e7\u0259tinlikl\u0259r yarad\u0131r.<\/p>\n<p>Erm\u0259nistan\u0131n i\u015f\u011fal\u0131n\u0131n g\u0259tirdiyi \u0259zablardan biri d\u0259 4000-\u0259 yax\u0131n az\u0259rbaycanl\u0131n\u0131n itkin d\u00fc\u015fm\u0259sidir, bu g\u00fcn\u0259 q\u0259d\u0259r onlar\u0131n taleyi nam\u0259lum olaraq qal\u0131r.<\/p>\n<div class=\"AdviadNativeVideo\"><\/div>\n<p>Az\u0259rbaycan Prezidenti \u0130lham \u018fliyev d\u0259f\u0259l\u0259rl\u0259 Erm\u0259nistana \u00e7a\u011f\u0131r\u0131\u015f edib ki, h\u0259min \u015f\u0259xsl\u0259rin taleyi bar\u0259d\u0259 m\u0259lumat versin, k\u00fctl\u0259vi m\u0259zarl\u0131qlar\u0131n \u00fcnvan\u0131n\u0131 g\u00f6st\u0259rsin.<\/p>\n<p>\u0130lham \u018fliyev fevral\u0131n 23-d\u0259 TASS agentliyind\u0259 bu \u00f6lk\u0259nin apar\u0131c\u0131 k\u00fctl\u0259vi informasiya vasit\u0259l\u0259rinin r\u0259hb\u0259rl\u0259ri il\u0259 g\u00f6r\u00fc\u015f\u00fcnd\u0259 erm\u0259ni jurnalist Marqarita Simonyanla dialoqunda da bu m\u0259s\u0259l\u0259y\u0259 toxunub v\u0259 Simonyan\u0131 susdurub.<\/p>\n<p>\u0130lham \u018fliyev bildirib: \u201cT\u0259qrib\u0259n 30 il \u0259rzind\u0259 Qaraba\u011fda v\u0259 Z\u0259ng\u0259zurda b\u00fct\u00fcn Az\u0259rbaycan m\u0259d\u0259niyy\u0259ti, tarixi, dini irsi m\u0259hv edilib. M\u0259n \u00f6z\u00fcml\u0259 kitab g\u0259tirmi\u015f\u0259m, bu, h\u0259tta kitab deyil, \u201cQaraba\u011f i\u015f\u011faldan \u0259vv\u0259l v\u0259 sonra\u201d adl\u0131 fotoalbomdur. M\u0259n onu siz\u0259 t\u0259qdim ed\u0259c\u0259y\u0259m, siz baxars\u0131n\u0131z, bu, h\u0259r bir s\u00f6zd\u0259n yax\u015f\u0131d\u0131r, orada n\u0259 ba\u015f verib v\u0259 t\u0259bii ki, \u00e7oxlu z\u0259r\u0259r\u00e7\u0259k\u0259n, valideynl\u0259rind\u0259n, yax\u0131nlar\u0131ndan m\u0259hrum olan \u00e7oxlu insanlar. Bizd\u0259 indiy\u0259d\u0259k itkin d\u00fc\u015f\u0259nl\u0259rimizin say\u0131 t\u0259qrib\u0259n 4 mindir. \u018ffsuslar olsun ki, onlar biz\u0259 qaytar\u0131lm\u0131r v\u0259 k\u00fctl\u0259vi m\u0259zarl\u0131qlar\u0131n yerl\u0259ri bildirilmir\u201d<\/p>\n<p>R\u0259smi \u0130r\u0259van h\u0259yas\u0131zl\u0131qla humanitar prinsipl\u0259rd\u0259n yay\u0131n\u0131r v\u0259 m\u00fcxt\u0259lif epitetl\u0259rl\u0259 v\u0259ziyy\u0259ti p\u0259rd\u0259l\u0259m\u0259y\u0259 \u00e7al\u0131\u015f\u0131r.<\/p>\n<p>Ancaq \u0259dal\u0259t gec-tez t\u0259c\u0259lli edir v\u0259 cinay\u0259tkar\u0131 m\u00fchakim\u0259 \u00fc\u00e7\u00fcn \u0259lav\u0259 \u0259saslar yarad\u0131r.<\/p>\n<p>Erm\u0259nistan n\u0259 q\u0259d\u0259r \u00f6z m\u00fcharib\u0259 cinay\u0259tl\u0259rini, o c\u00fcml\u0259d\u0259n etnik m\u0259nsubiyy\u0259tin\u0259 g\u00f6r\u0259 az\u0259rbaycanl\u0131lar\u0131 \u00f6ld\u00fcrd\u00fcy\u00fcn\u00fc \u00f6rt-basd\u0131r etm\u0259y\u0259 \u00e7al\u0131\u015fsa da, bu p\u0259rd\u0259 t\u0259dric\u0259n aradan qalx\u0131r.<\/p>\n<p>Az\u0259rbaycan 44 g\u00fcnl\u00fck V\u0259t\u0259n m\u00fcharib\u0259sind\u0259 Erm\u0259nistan \u00fcz\u0259rind\u0259 q\u0259l\u0259b\u0259 qazand\u0131qdan sonra humanitar diplomatiyan\u0131n prioritetl\u0259rini Erm\u0259nistan\u0131n diqq\u0259tin\u0259 \u00e7atd\u0131r\u0131r, Bak\u0131 4000-\u0259 yax\u0131n az\u0259rbaycanl\u0131n\u0131n taleyi bar\u0259d\u0259 israrl\u0131 t\u0259l\u0259bl\u0259rl\u0259 \u00e7\u0131x\u0131\u015f edir.<\/p>\n<p>Metafora kimi qeyd ets\u0259k, dey\u0259 bil\u0259rik ki, sanki t\u0259bi\u0259t Az\u0259rbaycan\u0131n bu \u00e7a\u011f\u0131r\u0131\u015f\u0131n\u0131 e\u015fidir, s\u00f6hb\u0259t ondan gedir ki, Xocav\u0259ndin Edilli k\u0259ndind\u0259 k\u00fctl\u0259vi m\u0259zarl\u0131q a\u015fkar edilib.<\/p>\n<p><img src=\"https:\/\/cdn.oxu.az\/uploads\/W1siZiIsIjIwMjIvMDIvMjUvMTIvMzMvNTIvZTFiNzhiN2EtYjZjYi00ODE5LWI4MmYtZGQ0OTM0NmVmMGFmLzI3NDI5NDQ1OV8yNjc1MzIyMDg4NjQ0MDFfNDUwODA2Njk3MDc2ODc2NjM1MF9uLmpwZyJdLFsicCIsImVuY29kZSIsImpwZyIsIi1xdWFsaXR5IDgwIl0sWyJwIiwidGh1bWIiLCI1OTB4NTkwXHUwMDNlIl1d?sha=139c45670f48972e\" alt=\"\" \/><\/p>\n<p>H\u0259min m\u0259zarl\u0131q Az\u0259rbaycan Respublikas\u0131n\u0131n \u018fsir v\u0259 itkin d\u00fc\u015fm\u00fc\u015f, girov g\u00f6t\u00fcr\u00fclm\u00fc\u015f v\u0259t\u0259nda\u015flarla \u0259laq\u0259dar D\u00f6vl\u0259t Komissiyas\u0131 \u0130\u015f\u00e7i qrupunun toplad\u0131\u011f\u0131 ifad\u0259 v\u0259 materiallar \u0259sas\u0131nda GPRS koordinatlarla m\u00fc\u0259yy\u0259n edilib.<\/p>\n<p>Bu, Erm\u0259nistan\u0131n m\u00fcharib\u0259d\u0259ki v\u0259h\u015filikl\u0259rinin daha bir ni\u015fan\u0259sidir. Az\u0259rbaycan Prezidentinin k\u00f6m\u0259k\u00e7isi &#8211; Prezident Administrasiyas\u0131n\u0131n Xarici siyas\u0259t m\u0259s\u0259l\u0259l\u0259ri \u015f\u00f6b\u0259sinin m\u00fcdiri Hikm\u0259t Hac\u0131yev \u00f6z\u00fcn\u00fcn\u00a0\u201cTwitter\u201d\u00a0hesab\u0131nda h\u0259min k\u00fctl\u0259vi m\u0259zarl\u0131q haqq\u0131nda yaz\u0131b.<\/p>\n<p>Erm\u0259nil\u0259r i\u015f\u011fal zaman\u0131 Edillini az\u0259rbaycanl\u0131 \u0259sirl\u0259r v\u0259 girovlar \u00fc\u00e7\u00fcn i\u015fg\u0259nc\u0259 d\u00fc\u015f\u0259rg\u0259sin\u0259 \u00e7evirib.<\/p>\n<p><img src=\"https:\/\/cdn.oxu.az\/uploads\/W1siZiIsIjIwMjIvMDIvMjUvMTIvMzMvNTIvZGRjNzU2NWQtMDhkYS00MWU4LThhMTAtOWNiN2UyOGVmMDIzLzI3NDUxNjk1MF8yNjc1MzI1NTg4NjQzNjZfNzc2ODUxMzY4MDYwNzQxMDI1NF9uLmpwZyJdLFsicCIsImVuY29kZSIsImpwZyIsIi1xdWFsaXR5IDgwIl0sWyJwIiwidGh1bWIiLCI1OTB4NTkwXHUwMDNlIl1d?sha=11c6d694d0d06f27\" alt=\"\" \/>\u201c\u015eahidl\u0259rin s\u00f6zl\u0259rin\u0259 g\u00f6r\u0259, bir zamanlar i\u015f\u011fal alt\u0131nda olmu\u015f Edilli k\u0259ndind\u0259 ke\u00e7mi\u015f az\u0259rbaycanl\u0131 \u0259sirl\u0259rin k\u00fctl\u0259vi m\u0259zarl\u0131\u011f\u0131 m\u00fc\u0259yy\u0259n edilib. Edilli az\u0259rbaycanl\u0131 \u0259sirl\u0259r \u00fc\u00e7\u00fcn konslager\/i\u015fg\u0259nc\u0259 d\u00fc\u015f\u0259rg\u0259si kimi istifad\u0259 edilib v\u0259 m\u00fclki \u015f\u0259xsl\u0259r erm\u0259ni q\u00fcvv\u0259l\u0259ri t\u0259r\u0259find\u0259n \u0259sir g\u00f6t\u00fcr\u00fcl\u00fcb. Birinci Qaraba\u011f m\u00fcharib\u0259sind\u0259n indiy\u0259d\u0259k 4 000 az\u0259rbaycanl\u0131 itkin d\u00fc\u015f\u00fcb\u201d, &#8211; dey\u0259 Hikm\u0259t Hac\u0131yev qeyd edib.<\/p>\n<p>Bu c\u00fcr faktlar\u0131n a\u015fkara \u00e7\u0131xmas\u0131 Az\u0259rbaycan\u0131n beyn\u0259lxalq m\u0259hk\u0259m\u0259l\u0259rd\u0259 Erm\u0259nistana qar\u015f\u0131 yeni presedent yarad\u0131r.<\/p>\n<p>Bu presedent \u00fc\u00e7\u00fcn Edillid\u0259n tap\u0131lan m\u0259zarl\u0131q maddi d\u0259lil kimi istifad\u0259 oluna bil\u0259r. Beyn\u0259lxalq ictimaiyy\u0259t bu c\u00fcr m\u00fcharib\u0259 cinay\u0259tl\u0259rin\u0259 s\u0259ssiz qalmamal\u0131 v\u0259 Erm\u0259nistan \u00fcz\u0259rind\u0259 basq\u0131 yaratmal\u0131d\u0131r.<\/p>\n<p>Az\u0259rbaycan\u0131n \u201cD\u0259mir yumruq\u201d \u0259m\u0259liyyat\u0131 il\u0259 i\u015f\u011faldan azad etdiyi \u0259razil\u0259rin dig\u0259r co\u011frafiyas\u0131nda da bel\u0259 k\u00fctl\u0259vi m\u0259zarl\u0131qlar\u0131n olmas\u0131 istisna edilmir.<\/p>\n<p>Y\u0259qin ki, ard\u0131c\u0131l olaraq, \u0259razil\u0259r minalardan t\u0259mizl\u0259ndikc\u0259, m\u0259zarl\u0131qlar da a\u015fkara \u00e7\u0131xar\u0131lacaq.<\/p>\n<p><img src=\"https:\/\/cdn.oxu.az\/uploads\/W1siZiIsIjIwMjIvMDIvMjUvMTIvMzMvNTIvMWQyNTM4MmItN2Q1OS00MGU0LTk5ZWEtNWI2OTNlMTQyNWI2LzI3NDc3NTI0NF8yNjc1MzIyOTU1MzEwNTlfNjUyMzg2MTE3MTA2MjkxODUyMF9uLmpwZyJdLFsicCIsImVuY29kZSIsImpwZyIsIi1xdWFsaXR5IDgwIl0sWyJwIiwidGh1bWIiLCI1OTB4NTkwXHUwMDNlIl1d?sha=9129f99e1b8edac0\" alt=\"\" \/><\/p>\n","protected":false},"excerpt":{"rendered":"<p>Birinci Erm\u0259nistan-Az\u0259rbaycan m\u00fcharib\u0259sinin el\u0259 n\u0259tic\u0259l\u0259ri var ki, onun izin\u0259 d\u00fc\u015f\u00fcb a\u015fkara \u00e7\u0131xarmaq \u00e7\u0259tinlikl\u0259r yarad\u0131r. Erm\u0259nistan\u0131n i\u015f\u011fal\u0131n\u0131n g\u0259tirdiyi \u0259zablardan biri d\u0259 4000-\u0259 yax\u0131n az\u0259rbaycanl\u0131n\u0131n itkin d\u00fc\u015fm\u0259sidir, bu g\u00fcn\u0259 q\u0259d\u0259r onlar\u0131n taleyi nam\u0259lum olaraq qal\u0131r. Az\u0259rbaycan Prezidenti \u0130lham \u018fliyev d\u0259f\u0259l\u0259rl\u0259 Erm\u0259nistana \u00e7a\u011f\u0131r\u0131\u015f edib ki, h\u0259min \u015f\u0259xsl\u0259rin taleyi bar\u0259d\u0259 m\u0259lumat versin, k\u00fctl\u0259vi m\u0259zarl\u0131qlar\u0131n \u00fcnvan\u0131n\u0131 g\u00f6st\u0259rsin. \u0130lham \u018fliyev fevral\u0131n 23-d\u0259 TASS agentliyind\u0259 bu \u00f6lk\u0259nin apar\u0131c\u0131 k\u00fctl\u0259vi informasiya vasit\u0259l\u0259rinin r\u0259hb\u0259rl\u0259ri il\u0259 g\u00f6r\u00fc\u015f\u00fcnd\u0259 erm\u0259ni jurnalist Marqarita Simonyanla dialoqunda da bu m\u0259s\u0259l\u0259y\u0259 toxunub v\u0259 Simonyan\u0131 susdurub. \u0130lham \u018fliyev bildirib: \u201cT\u0259qrib\u0259n 30 il \u0259rzind\u0259 Qaraba\u011fda v\u0259 Z\u0259ng\u0259zurda b\u00fct\u00fcn&hellip;<\/p>\n","protected":false},"author":2,"featured_media":444115,"comment_status":"closed","ping_status":"closed","sticky":false,"template":"","format":"standard","meta":{"om_disable_all_campaigns":false,"_monsterinsights_skip_tracking":false,"_monsterinsights_sitenote_active":false,"_monsterinsights_sitenote_note":"","_monsterinsights_sitenote_category":0},"categories":[4],"tags":[],"aioseo_notices":[],"gutentor_comment":0,"rttpg_featured_image_url":{"full":["https:\/\/arantv.az\/wp-content\/uploads\/2022\/02\/FotoJet-4-12.jpg",620,413,false],"landscape":["https:\/\/arantv.az\/wp-content\/uploads\/2022\/02\/FotoJet-4-12.jpg",620,413,false],"portraits":["https:\/\/arantv.az\/wp-content\/uploads\/2022\/02\/FotoJet-4-12.jpg",620,413,false],"thumbnail":["https:\/\/arantv.az\/wp-content\/uploads\/2022\/02\/FotoJet-4-12-500x280.jpg",500,280,true],"medium":["https:\/\/arantv.az\/wp-content\/uploads\/2022\/02\/FotoJet-4-12-548x365.jpg",548,365,true],"large":["https:\/\/arantv.az\/wp-content\/uploads\/2022\/02\/FotoJet-4-12.jpg",620,413,false],"1536x1536":["https:\/\/arantv.az\/wp-content\/uploads\/2022\/02\/FotoJet-4-12.jpg",620,413,false],"2048x2048":["https:\/\/arantv.az\/wp-content\/uploads\/2022\/02\/FotoJet-4-12.jpg",620,413,false],"post-thumbnail":["https:\/\/arantv.az\/wp-content\/uploads\/2022\/02\/FotoJet-4-12-240x172.jpg",240,172,true],"advps-thumb-one":["https:\/\/arantv.az\/wp-content\/uploads\/2022\/02\/FotoJet-4-12.jpg",620,413,false]},"rttpg_author":{"display_name":"V\u00fcsal Rafiqo\u011flu","author_link":"https:\/\/arantv.az\/?author=2"},"rttpg_comment":0,"rttpg_category":"<a href=\"https:\/\/arantv.az\/?cat=4\" rel=\"category\">Siyas\u0259t<\/a>","rttpg_excerpt":"Birinci Erm\u0259nistan-Az\u0259rbaycan m\u00fcharib\u0259sinin el\u0259 n\u0259tic\u0259l\u0259ri var ki, onun izin\u0259 d\u00fc\u015f\u00fcb a\u015fkara \u00e7\u0131xarmaq \u00e7\u0259tinlikl\u0259r yarad\u0131r. Erm\u0259nistan\u0131n i\u015f\u011fal\u0131n\u0131n g\u0259tirdiyi \u0259zablardan biri d\u0259 4000-\u0259 yax\u0131n az\u0259rbaycanl\u0131n\u0131n itkin d\u00fc\u015fm\u0259sidir, bu g\u00fcn\u0259 q\u0259d\u0259r onlar\u0131n taleyi nam\u0259lum olaraq qal\u0131r. Az\u0259rbaycan Prezidenti \u0130lham \u018fliyev d\u0259f\u0259l\u0259rl\u0259 Erm\u0259nistana \u00e7a\u011f\u0131r\u0131\u015f edib ki, h\u0259min \u015f\u0259xsl\u0259rin taleyi bar\u0259d\u0259 m\u0259lumat versin, k\u00fctl\u0259vi m\u0259zarl\u0131qlar\u0131n \u00fcnvan\u0131n\u0131 g\u00f6st\u0259rsin. \u0130lham \u018fliyev fevral\u0131n&hellip;","_links":{"self":[{"href":"https:\/\/arantv.az\/index.php?rest_route=\/wp\/v2\/posts\/444114"}],"collection":[{"href":"https:\/\/arantv.az\/index.php?rest_route=\/wp\/v2\/posts"}],"about":[{"href":"https:\/\/arantv.az\/index.php?rest_route=\/wp\/v2\/types\/post"}],"author":[{"embeddable":true,"href":"https:\/\/arantv.az\/index.php?rest_route=\/wp\/v2\/users\/2"}],"replies":[{"embeddable":true,"href":"https:\/\/arantv.az\/index.php?rest_route=%2Fwp%2Fv2%2Fcomments&post=444114"}],"version-history":[{"count":0,"href":"https:\/\/arantv.az\/index.php?rest_route=\/wp\/v2\/posts\/444114\/revisions"}],"wp:featuredmedia":[{"embeddable":true,"href":"https:\/\/arantv.az\/index.php?rest_route=\/wp\/v2\/media\/444115"}],"wp:attachment":[{"href":"https:\/\/arantv.az\/index.php?rest_route=%2Fwp%2Fv2%2Fmedia&parent=444114"}],"wp:term":[{"taxonomy":"category","embeddable":true,"href":"https:\/\/arantv.az\/index.php?rest_route=%2Fwp%2Fv2%2Fcategories&post=444114"},{"taxonomy":"post_tag","embeddable":true,"href":"https:\/\/arantv.az\/index.php?rest_route=%2Fwp%2Fv2%2Ftags&post=444114"}],"curies":[{"name":"wp","href":"https:\/\/api.w.org\/{rel}","templated":true}]}}