{"id":444117,"date":"2022-02-25T12:49:36","date_gmt":"2022-02-25T09:49:36","guid":{"rendered":"http:\/\/arantv.az\/?p=444117"},"modified":"2022-02-25T12:49:36","modified_gmt":"2022-02-25T09:49:36","slug":"milli-m%c9%99clisd%c9%99-m%c9%99s%c9%99l%c9%99-qaldirildi-erm%c9%99nistan-xocali-soyqirimina-gor%c9%99-uzr-ist%c9%99m%c9%99lidir","status":"publish","type":"post","link":"https:\/\/arantv.az\/?p=444117","title":{"rendered":"Milli M\u0259clisd\u0259 m\u0259s\u0259l\u0259 qald\u0131r\u0131ld\u0131: Erm\u0259nistan Xocal\u0131 soyq\u0131r\u0131m\u0131na g\u00f6r\u0259 \u00fczr ist\u0259m\u0259lidir"},"content":{"rendered":"<p>Milli M\u0259clisin iclas\u0131nda deputat Musa Quliyev Erm\u0259nistan\u0131 Xocal\u0131 soyq\u0131r\u0131m\u0131na g\u00f6r\u0259 \u00fczr ist\u0259m\u0259y\u0259 \u00e7a\u011f\u0131r\u0131b.<\/p>\n<div class=\"AdviadNativeVideo\"><\/div>\n<p><strong>ARANTV.AZ<\/strong>-\u0131n m\u0259lumat\u0131na \u0259sas\u0259n, Musa Quliyev bildirib ki, Xocal\u0131 soyq\u0131r\u0131m\u0131 t\u0259kc\u0259 Az\u0259rbaycan xalq\u0131na deyil, b\u0259\u015f\u0259riyy\u0259t\u0259 qar\u015f\u0131 cinay\u0259tdir, insanl\u0131\u011fa qar\u015f\u0131 t\u0259hqirdir, v\u0259h\u015fi vandalizm, k\u00fctl\u0259vi q\u0131r\u011f\u0131n akt\u0131d\u0131r.<\/p>\n<p>\u201cXocal\u0131 soyq\u0131r\u0131m\u0131 h\u0259m d\u0259 erm\u0259ni da\u015fnak fa\u015fizminin mahiyy\u0259tidir, s\u00fcbutudur, g\u00fczg\u00fcs\u00fcd\u00fcr. Xocal\u0131 soyq\u0131r\u0131m\u0131n\u0131n t\u00f6r\u0259dilm\u0259sin\u0259 g\u00f6r\u0259 m\u0259suliyy\u0259t da\u015f\u0131yan \u015f\u0259xsl\u0259rin tutulub Az\u0259rbaycana g\u0259tirilm\u0259si v\u0259 \u0259n s\u0259rt \u015f\u0259kild\u0259 c\u0259zaland\u0131r\u0131lmas\u0131 t\u0259min edilm\u0259lidir\u201d, &#8211; dey\u0259 Musa Quliyev \u0259lav\u0259 edib.<\/p>\n<p>O daha sonra bildirib:<\/p>\n<p>\u201cErm\u0259nistan h\u00f6kum\u0259tind\u0259n Xocal\u0131 soyq\u0131r\u0131m\u0131na g\u00f6r\u0259 faci\u0259 qurbanlar\u0131n\u0131n ail\u0259 \u00fczvl\u0259rind\u0259n, Az\u0259rbaycan d\u00f6vl\u0259tind\u0259n r\u0259smi \u00fczr ist\u0259m\u0259si, bel\u0259 cinay\u0259tl\u0259rin bir daha t\u00f6r\u0259dilm\u0259y\u0259c\u0259yin\u0259 t\u0259minat\u0131n verilm\u0259si v\u0259 vurulmu\u015f ziyana g\u00f6r\u0259 tam olaraq kompensasiyan\u0131n \u00f6d\u0259nilm\u0259si t\u0259l\u0259b olunmal\u0131 v\u0259 s\u00fclh m\u00fcqavil\u0259sinin \u015f\u0259rtl\u0259rind\u0259n biri kimi n\u0259z\u0259rd\u0259 tutulmal\u0131d\u0131r\u201d.<\/p>\n","protected":false},"excerpt":{"rendered":"<p>Milli M\u0259clisin iclas\u0131nda deputat Musa Quliyev Erm\u0259nistan\u0131 Xocal\u0131 soyq\u0131r\u0131m\u0131na g\u00f6r\u0259 \u00fczr ist\u0259m\u0259y\u0259 \u00e7a\u011f\u0131r\u0131b. ARANTV.AZ-\u0131n m\u0259lumat\u0131na \u0259sas\u0259n, Musa Quliyev bildirib ki, Xocal\u0131 soyq\u0131r\u0131m\u0131 t\u0259kc\u0259 Az\u0259rbaycan xalq\u0131na deyil, b\u0259\u015f\u0259riyy\u0259t\u0259 qar\u015f\u0131 cinay\u0259tdir, insanl\u0131\u011fa qar\u015f\u0131 t\u0259hqirdir, v\u0259h\u015fi vandalizm, k\u00fctl\u0259vi q\u0131r\u011f\u0131n akt\u0131d\u0131r. \u201cXocal\u0131 soyq\u0131r\u0131m\u0131 h\u0259m d\u0259 erm\u0259ni da\u015fnak fa\u015fizminin mahiyy\u0259tidir, s\u00fcbutudur, g\u00fczg\u00fcs\u00fcd\u00fcr. Xocal\u0131 soyq\u0131r\u0131m\u0131n\u0131n t\u00f6r\u0259dilm\u0259sin\u0259 g\u00f6r\u0259 m\u0259suliyy\u0259t da\u015f\u0131yan \u015f\u0259xsl\u0259rin tutulub Az\u0259rbaycana g\u0259tirilm\u0259si v\u0259 \u0259n s\u0259rt \u015f\u0259kild\u0259 c\u0259zaland\u0131r\u0131lmas\u0131 t\u0259min edilm\u0259lidir\u201d, &#8211; dey\u0259 Musa Quliyev \u0259lav\u0259 edib. O daha sonra bildirib: \u201cErm\u0259nistan h\u00f6kum\u0259tind\u0259n Xocal\u0131 soyq\u0131r\u0131m\u0131na g\u00f6r\u0259 faci\u0259 qurbanlar\u0131n\u0131n ail\u0259 \u00fczvl\u0259rind\u0259n, Az\u0259rbaycan d\u00f6vl\u0259tind\u0259n r\u0259smi \u00fczr ist\u0259m\u0259si, bel\u0259 cinay\u0259tl\u0259rin&hellip;<\/p>\n","protected":false},"author":2,"featured_media":444118,"comment_status":"closed","ping_status":"closed","sticky":false,"template":"","format":"standard","meta":{"om_disable_all_campaigns":false,"_monsterinsights_skip_tracking":false,"_monsterinsights_sitenote_active":false,"_monsterinsights_sitenote_note":"","_monsterinsights_sitenote_category":0},"categories":[1],"tags":[],"aioseo_notices":[],"gutentor_comment":0,"rttpg_featured_image_url":{"full":["https:\/\/arantv.az\/wp-content\/uploads\/2022\/02\/IMG-20220215-WA0008_1644935363.jpg",620,413,false],"landscape":["https:\/\/arantv.az\/wp-content\/uploads\/2022\/02\/IMG-20220215-WA0008_1644935363.jpg",620,413,false],"portraits":["https:\/\/arantv.az\/wp-content\/uploads\/2022\/02\/IMG-20220215-WA0008_1644935363.jpg",620,413,false],"thumbnail":["https:\/\/arantv.az\/wp-content\/uploads\/2022\/02\/IMG-20220215-WA0008_1644935363-500x280.jpg",500,280,true],"medium":["https:\/\/arantv.az\/wp-content\/uploads\/2022\/02\/IMG-20220215-WA0008_1644935363-548x365.jpg",548,365,true],"large":["https:\/\/arantv.az\/wp-content\/uploads\/2022\/02\/IMG-20220215-WA0008_1644935363.jpg",620,413,false],"1536x1536":["https:\/\/arantv.az\/wp-content\/uploads\/2022\/02\/IMG-20220215-WA0008_1644935363.jpg",620,413,false],"2048x2048":["https:\/\/arantv.az\/wp-content\/uploads\/2022\/02\/IMG-20220215-WA0008_1644935363.jpg",620,413,false],"post-thumbnail":["https:\/\/arantv.az\/wp-content\/uploads\/2022\/02\/IMG-20220215-WA0008_1644935363-240x172.jpg",240,172,true],"advps-thumb-one":["https:\/\/arantv.az\/wp-content\/uploads\/2022\/02\/IMG-20220215-WA0008_1644935363.jpg",620,413,false]},"rttpg_author":{"display_name":"V\u00fcsal Rafiqo\u011flu","author_link":"https:\/\/arantv.az\/?author=2"},"rttpg_comment":0,"rttpg_category":"<a href=\"https:\/\/arantv.az\/?cat=1\" rel=\"category\">C\u0259miyy\u0259t<\/a>","rttpg_excerpt":"Milli M\u0259clisin iclas\u0131nda deputat Musa Quliyev Erm\u0259nistan\u0131 Xocal\u0131 soyq\u0131r\u0131m\u0131na g\u00f6r\u0259 \u00fczr ist\u0259m\u0259y\u0259 \u00e7a\u011f\u0131r\u0131b. ARANTV.AZ-\u0131n m\u0259lumat\u0131na \u0259sas\u0259n, Musa Quliyev bildirib ki, Xocal\u0131 soyq\u0131r\u0131m\u0131 t\u0259kc\u0259 Az\u0259rbaycan xalq\u0131na deyil, b\u0259\u015f\u0259riyy\u0259t\u0259 qar\u015f\u0131 cinay\u0259tdir, insanl\u0131\u011fa qar\u015f\u0131 t\u0259hqirdir, v\u0259h\u015fi vandalizm, k\u00fctl\u0259vi q\u0131r\u011f\u0131n akt\u0131d\u0131r. \u201cXocal\u0131 soyq\u0131r\u0131m\u0131 h\u0259m d\u0259 erm\u0259ni da\u015fnak fa\u015fizminin mahiyy\u0259tidir, s\u00fcbutudur, g\u00fczg\u00fcs\u00fcd\u00fcr. Xocal\u0131 soyq\u0131r\u0131m\u0131n\u0131n t\u00f6r\u0259dilm\u0259sin\u0259 g\u00f6r\u0259 m\u0259suliyy\u0259t da\u015f\u0131yan \u015f\u0259xsl\u0259rin tutulub&hellip;","_links":{"self":[{"href":"https:\/\/arantv.az\/index.php?rest_route=\/wp\/v2\/posts\/444117"}],"collection":[{"href":"https:\/\/arantv.az\/index.php?rest_route=\/wp\/v2\/posts"}],"about":[{"href":"https:\/\/arantv.az\/index.php?rest_route=\/wp\/v2\/types\/post"}],"author":[{"embeddable":true,"href":"https:\/\/arantv.az\/index.php?rest_route=\/wp\/v2\/users\/2"}],"replies":[{"embeddable":true,"href":"https:\/\/arantv.az\/index.php?rest_route=%2Fwp%2Fv2%2Fcomments&post=444117"}],"version-history":[{"count":0,"href":"https:\/\/arantv.az\/index.php?rest_route=\/wp\/v2\/posts\/444117\/revisions"}],"wp:featuredmedia":[{"embeddable":true,"href":"https:\/\/arantv.az\/index.php?rest_route=\/wp\/v2\/media\/444118"}],"wp:attachment":[{"href":"https:\/\/arantv.az\/index.php?rest_route=%2Fwp%2Fv2%2Fmedia&parent=444117"}],"wp:term":[{"taxonomy":"category","embeddable":true,"href":"https:\/\/arantv.az\/index.php?rest_route=%2Fwp%2Fv2%2Fcategories&post=444117"},{"taxonomy":"post_tag","embeddable":true,"href":"https:\/\/arantv.az\/index.php?rest_route=%2Fwp%2Fv2%2Ftags&post=444117"}],"curies":[{"name":"wp","href":"https:\/\/api.w.org\/{rel}","templated":true}]}}