{"id":444132,"date":"2022-02-25T12:56:09","date_gmt":"2022-02-25T09:56:09","guid":{"rendered":"http:\/\/arantv.az\/?p=444132"},"modified":"2022-02-25T12:56:09","modified_gmt":"2022-02-25T09:56:09","slug":"bu-gun-xocali-qurbanlarinin-s%c9%99hidl%c9%99rimizin-ruhu-saddir-deputat","status":"publish","type":"post","link":"https:\/\/arantv.az\/?p=444132","title":{"rendered":"&#8220;Bu g\u00fcn Xocal\u0131 qurbanlar\u0131n\u0131n, \u015f\u0259hidl\u0259rimizin ruhu \u015fadd\u0131r&#8221;- Deputat"},"content":{"rendered":"<p>Az\u0259rbaycan xalq\u0131na t\u00f6r\u0259dil\u0259n Xocal\u0131 soyq\u0131r\u0131m\u0131n\u0131n \u00fcst\u00fcnd\u0259n 30 il ke\u00e7ir. Bu g\u00fcn Qaraba\u011f azad olunsa da, qan yadda\u015f\u0131m\u0131zdan Xocal\u0131 faci\u0259si he\u00e7 zaman silinm\u0259y\u0259c\u0259k.<\/p>\n<p>M\u00f6vzuyla ba\u011fl\u0131\u00a0<b><a title=\"xeberler son xeberler 2021\" href=\"https:\/\/big.az\/\" target=\"_blank\" rel=\"noopener\">BiG.AZ<\/a><\/b>-a mill\u0259t v\u0259kili N\u0259sib M\u0259h\u0259m\u0259liyev m\u00fcnasib\u0259t bildirib.<\/p>\n<p>Onun s\u00f6zl\u0259rin\u0259 g\u00f6r\u0259, Xocal\u0131 faci\u0259sind\u0259n dan\u0131\u015fd\u0131qda, m\u00fctl\u0259q onu yaradan s\u0259b\u0259bl\u0259ri v\u0259 g\u00fcnahkarlar\u0131 qeyd etm\u0259k laz\u0131md\u0131r:<\/p>\n<p>&#8220;\u0130yirminci \u0259srin sonlar\u0131nda erm\u0259nil\u0259rin insanl\u0131q \u0259leyhin\u0259 t\u00f6r\u0259tdiyi Xocal\u0131 faci\u0259sind\u0259n 30 il \u00f6t\u00fcr. Xocal\u0131 \u015f\u0259h\u0259ri, 1992-ci ilin fevral ay\u0131na q\u0259d\u0259r Az\u0259rbaycan\u0131n Qaraba\u011f b\u00f6lg\u0259sind\u0259 yerl\u0259\u015f\u0259n \u00e7oxsayl\u0131, tarixi ya\u015fay\u0131\u015f m\u0259sk\u0259nl\u0259rind\u0259n biri idi v\u0259 h\u0259tta dem\u0259k olar ki, o zaman Az\u0259rbaycan daxilind\u0259 bel\u0259, kifay\u0259t q\u0259d\u0259r tan\u0131nm\u0131rd\u0131. Xank\u0259ndinin 10 km. yax\u0131nl\u0131\u011f\u0131nda, A\u011fdam-\u015eu\u015fa, \u018fsg\u0259ran-Xank\u0259ndi yolunun \u00fcst\u00fcnd\u0259 yerl\u0259\u015fm\u0259si, Qaraba\u011fda yegan\u0259 aeroportun Xocal\u0131da olmas\u0131, onun strateji bax\u0131mdan \u0259h\u0259miyy\u0259tini art\u0131r\u0131rd\u0131.<\/p>\n<p>Fevral ay\u0131n\u0131n 25-d\u0259n, 26-a ke\u00e7\u0259n gec\u0259 erm\u0259ni separat\u00e7\u0131lar\u0131 t\u0259r\u0259find\u0259n Xank\u0259ndind\u0259 dislokasiya olunmu\u015f, 366-c\u0131 alay\u0131n d\u0259st\u0259yi il\u0259, m\u00fcdafi\u0259siz qalm\u0131\u015f Xocal\u0131ya h\u00fccum h\u0259yata ke\u00e7irildi. N\u0259tic\u0259d\u0259, \u015f\u0259h\u0259r tamamil\u0259 yand\u0131r\u0131ld\u0131. Dinc \u0259hali h\u0259rb\u00e7il\u0259r t\u0259r\u0259find\u0259n g\u00fcll\u0259baran edildi. 613 n\u0259f\u0259r, o c\u00fcml\u0259d\u0259n 63 u\u015faq, 106 qad\u0131n, ya\u015fl\u0131 insanlar h\u0259lak oldular. 1275 n\u0259f\u0259r \u0259sir g\u00f6t\u00fcr\u00fcld\u00fc, 487 n\u0259f\u0259r yaraland\u0131. 150 n\u0259f\u0259r itkin d\u00fc\u015fd\u00fc. O d\u00f6vr\u00fcn valyutas\u0131 il\u0259, milyardlarla rubl d\u00f6vl\u0259t \u0259mlak\u0131na ziyan d\u0259ydi.<\/p>\n<div class=\"AdviadNativeVideo\"><\/div>\n<p>Xocal\u0131 faci\u0259sind\u0259n dan\u0131\u015fd\u0131qda m\u00fctl\u0259q onu yaradan s\u0259b\u0259bl\u0259ri v\u0259 g\u00fcnahkarlar\u0131 qeyd etm\u0259k laz\u0131md\u0131r. \u018fsas cinay\u0259ti &#8211; soyq\u0131r\u0131m\u0131 &#8211; t\u00f6r\u0259d\u0259nl\u0259r; sonralar Erm\u0259nistan prezidentl\u0259ri olmu\u015f Robert Ko\u00e7aryan, Serjik Sarkisyan, Zori Balayan, Seyran Ohanyan, Vitali Balasanyan v\u0259 dig\u0259r \u00e7oxsayl\u0131 \u0259ll\u0259ri u\u015faq, k\u00f6rp\u0259 qan\u0131na batm\u0131\u015f &#8220;yan&#8221;-qatill\u0259r. 100 il ke\u00e7s\u0259 d\u0259, n\u0259 tarix, n\u0259 d\u0259 ki, Allah o c\u0259lladlar\u0131n etdikl\u0259rini he\u00e7 zaman ba\u011f\u0131\u015flamayacaq.<\/p>\n<p>Qaraba\u011fda separat\u00e7\u0131lar\u0131n aktiv fazaya ke\u00e7idi, \u00dcmummilli Lider Heyd\u0259r \u018fliyev Sovet \u0130ttifaq\u0131 kommunist partiyas\u0131n\u0131n siyasi b\u00fcrosu \u00fczvl\u00fcy\u00fcnd\u0259n v\u0259 Nazirl\u0259r Soveti s\u0259drinin 1-ci m\u00fcavini v\u0259zif\u0259sind\u0259n istefa verdiyind\u0259n sonra ba\u015flad\u0131. N\u0259 q\u0259d\u0259r ki, Heyd\u0259r \u018fliyev v\u0259zif\u0259d\u0259 idi, erm\u0259nil\u0259rin s\u0259si \u00e7\u0131xm\u0131rd\u0131. Bir t\u0259r\u0259fd\u0259n SSR\u0130 r\u0259hb\u0259ri Mixail Qorba\u00e7ovun erm\u0259nip\u0259r\u0259st m\u00f6vqeyi, dig\u0259r t\u0259r\u0259fd\u0259n Xocal\u0131n\u0131n, \u00fcmumiyy\u0259tl\u0259, Qaraba\u011f\u0131n m\u00fcdafi\u0259sini t\u0259\u015fkil etm\u0259k \u0259v\u0259zin\u0259, kort\u0259bii Moskvan\u0131n tap\u015f\u0131r\u0131qlar\u0131n\u0131 icra ed\u0259n Az\u0259rbaycan\u0131n siyasi r\u0259hb\u0259rliyi v\u0259 b\u00fct\u00fcn m\u00fcmk\u00fcn vasit\u0259l\u0259rd\u0259n istifad\u0259 etm\u0259kl\u0259 hakimiyy\u0259t\u0259 can atan, Xalq c\u0259bh\u0259sinin q\u00fcvv\u0259l\u0259ri. M\u0259hz, \u00f6zl\u0259rini siyas\u0259t dahil\u0259ri hesab ed\u0259n populistl\u0259rin kreslo davas\u0131 d\u00f6vl\u0259t idar\u0259etm\u0259 sistemini iflic v\u0259ziyy\u0259tin\u0259 salm\u0131\u015fd\u0131. Kimin hans\u0131 m\u0259zh\u0259b\u0259, hans\u0131 xarici q\u00fcvv\u0259l\u0259r\u0259 qulluq etdiyini m\u00fc\u0259yy\u0259nl\u0259\u015fdirm\u0259k \u00e7\u0259tin idi. Kommunist partiyas\u0131na, sovet rejimin\u0259, Moskva hakimiyy\u0259tinin q\u0259r\u0259zli m\u00fcnasib\u0259tin\u0259 etiraz ed\u0259n y\u00fcz minl\u0259rl\u0259 soyda\u015f\u0131m\u0131z qarag\u00fcruhun \u0259traf\u0131na topla\u015fm\u0131\u015fd\u0131. B\u00fct\u00fcn bunlar, xaricd\u0259n d\u0259st\u0259kl\u0259n\u0259n v\u0259 1988-ci ild\u0259 Erm\u0259nistanda ba\u015f vermi\u015f z\u0259lz\u0259l\u0259d\u0259n istifad\u0259 etm\u0259kl\u0259, xeyli silah-sursat \u0259ld\u0259 etmi\u015f erm\u0259ni separat\u00e7\u0131lar\u0131n\u0131n \u0259l-qolunu a\u00e7d\u0131. Yard\u0131m ad\u0131 alt\u0131nda, &#8220;ASALA&#8221; terror t\u0259\u015fkilat\u0131n\u0131n \u00fczvl\u0259ri Erm\u0259nistana, daha sonra Qaraba\u011fa g\u00f6nd\u0259rildi. Monte Melkonyan v\u0259 dig\u0259r erm\u0259ni c\u0259lladlar\u0131 Az\u0259rbaycan xalq\u0131na yax\u015f\u0131 tan\u0131\u015fd\u0131r.<\/p>\n<p>H\u0259r il fevral ay\u0131n\u0131n 26-s\u0131 Az\u0259rbaycan xalq\u0131, d\u00fcnya az\u0259rbaycanl\u0131lar\u0131 Xocal\u0131 soyq\u0131r\u0131m\u0131n\u0131 qeyd edir. Soyq\u0131r\u0131m\u0131 t\u00f6r\u0259d\u0259nl\u0259r, erm\u0259ni fa\u015fizminin \u0259sl mahiyy\u0259ti, xisl\u0259ti d\u00fcnya ictimaiyy\u0259tin\u0259 \u00e7atd\u0131r\u0131l\u0131r. Az\u0259rbaycan\u0131n apard\u0131\u011f\u0131 m\u0259qs\u0259dy\u00f6nl\u00fc siyas\u0259t n\u0259tic\u0259sind\u0259 10-a yax\u0131n \u00f6lk\u0259, AB\u015e-\u0131n 25 \u015ftat\u0131 Xocal\u0131 soyq\u0131r\u0131m\u0131n\u0131 tan\u0131m\u0131\u015fd\u0131r.<\/p>\n<p>X\u00fcsusil\u0259, Heyd\u0259r \u018fliyev fondunun vitse-prezidenti Leyla xan\u0131m \u018fliyevan\u0131n ba\u015flatd\u0131\u011f\u0131 &#8220;Xocal\u0131ya \u0259dal\u0259t&#8221; kampaniyas\u0131 m\u00fcsb\u0259t n\u0259tic\u0259 verm\u0259kd\u0259dir. Hesab edir\u0259m ki, t\u0259bli\u011fat daim apar\u0131lmal\u0131, erm\u0259nil\u0259rin saxta &#8220;soyq\u0131r\u0131m&#8221; iddialar\u0131na qar\u015f\u0131 \u0259n yeni tarixd\u0259 t\u00f6r\u0259tdikl\u0259ri \u0259sl soyq\u0131r\u0131m faktlar\u0131 il\u0259 cavab verilm\u0259lidir.<\/p>\n<p>Tarixd\u0259n d\u00fczg\u00fcn n\u0259tic\u0259 \u00e7\u0131xar\u0131lmal\u0131dlr. \u018fl\u0259lx\u00fcsus, qan yadda\u015f\u0131, xalq\u0131m\u0131z\u0131 ciddi \u015f\u0259kild\u0259 d\u00fc\u015f\u00fcnm\u0259y\u0259 vadar edir. M\u00fcasir d\u00fcnyada olduqca m\u00fcr\u0259kk\u0259b geosiyasi prosesl\u0259r gedir. \u018fn b\u00f6y\u00fck v\u0259zif\u0259miz yaranm\u0131\u015f ictimai-siyasi sabitliyi qoruyub saxlamaq, Prezident \u0130lham \u018fliyevin \u0259traf\u0131nda s\u0131x birl\u0259\u015fm\u0259kl\u0259, d\u00fc\u015fm\u0259nl\u0259r\u0259 \u00f6lk\u0259mizin par\u00e7alanmas\u0131na imkan verm\u0259m\u0259kd\u0259n ibar\u0259tdir.<\/p>\n<p>Bu g\u00fcn Xocal\u0131 qurbanlar\u0131n\u0131n, \u015f\u0259hidl\u0259rimizin ruhu \u015fadd\u0131r. Qaraba\u011f torpaqlar\u0131 i\u015f\u011faldan azad olunub, d\u00fcnya erm\u0259niliyin\u0259 sa\u011falmaz z\u0259rb\u0259 vurulub.<\/p>\n<p>Allah \u015f\u0259hidl\u0259r\u0259 r\u0259hm\u0259t el\u0259sin!&#8221;<\/p>\n","protected":false},"excerpt":{"rendered":"<p>Az\u0259rbaycan xalq\u0131na t\u00f6r\u0259dil\u0259n Xocal\u0131 soyq\u0131r\u0131m\u0131n\u0131n \u00fcst\u00fcnd\u0259n 30 il ke\u00e7ir. Bu g\u00fcn Qaraba\u011f azad olunsa da, qan yadda\u015f\u0131m\u0131zdan Xocal\u0131 faci\u0259si he\u00e7 zaman silinm\u0259y\u0259c\u0259k. M\u00f6vzuyla ba\u011fl\u0131\u00a0BiG.AZ-a mill\u0259t v\u0259kili N\u0259sib M\u0259h\u0259m\u0259liyev m\u00fcnasib\u0259t bildirib. Onun s\u00f6zl\u0259rin\u0259 g\u00f6r\u0259, Xocal\u0131 faci\u0259sind\u0259n dan\u0131\u015fd\u0131qda, m\u00fctl\u0259q onu yaradan s\u0259b\u0259bl\u0259ri v\u0259 g\u00fcnahkarlar\u0131 qeyd etm\u0259k laz\u0131md\u0131r: &#8220;\u0130yirminci \u0259srin sonlar\u0131nda erm\u0259nil\u0259rin insanl\u0131q \u0259leyhin\u0259 t\u00f6r\u0259tdiyi Xocal\u0131 faci\u0259sind\u0259n 30 il \u00f6t\u00fcr. Xocal\u0131 \u015f\u0259h\u0259ri, 1992-ci ilin fevral ay\u0131na q\u0259d\u0259r Az\u0259rbaycan\u0131n Qaraba\u011f b\u00f6lg\u0259sind\u0259 yerl\u0259\u015f\u0259n \u00e7oxsayl\u0131, tarixi ya\u015fay\u0131\u015f m\u0259sk\u0259nl\u0259rind\u0259n biri idi v\u0259 h\u0259tta dem\u0259k olar ki, o zaman Az\u0259rbaycan daxilind\u0259 bel\u0259, kifay\u0259t q\u0259d\u0259r tan\u0131nm\u0131rd\u0131. Xank\u0259ndinin 10 km.&hellip;<\/p>\n","protected":false},"author":2,"featured_media":444133,"comment_status":"closed","ping_status":"closed","sticky":false,"template":"","format":"standard","meta":{"om_disable_all_campaigns":false,"_monsterinsights_skip_tracking":false,"_monsterinsights_sitenote_active":false,"_monsterinsights_sitenote_note":"","_monsterinsights_sitenote_category":0},"categories":[1],"tags":[],"aioseo_notices":[],"gutentor_comment":0,"rttpg_featured_image_url":{"full":["https:\/\/arantv.az\/wp-content\/uploads\/2022\/02\/3dcf44c3158256335652018948910168183_1.j.jpg",650,360,false],"landscape":["https:\/\/arantv.az\/wp-content\/uploads\/2022\/02\/3dcf44c3158256335652018948910168183_1.j.jpg",650,360,false],"portraits":["https:\/\/arantv.az\/wp-content\/uploads\/2022\/02\/3dcf44c3158256335652018948910168183_1.j.jpg",650,360,false],"thumbnail":["https:\/\/arantv.az\/wp-content\/uploads\/2022\/02\/3dcf44c3158256335652018948910168183_1.j-500x280.jpg",500,280,true],"medium":["https:\/\/arantv.az\/wp-content\/uploads\/2022\/02\/3dcf44c3158256335652018948910168183_1.j.jpg",650,360,false],"large":["https:\/\/arantv.az\/wp-content\/uploads\/2022\/02\/3dcf44c3158256335652018948910168183_1.j.jpg",640,354,false],"1536x1536":["https:\/\/arantv.az\/wp-content\/uploads\/2022\/02\/3dcf44c3158256335652018948910168183_1.j.jpg",650,360,false],"2048x2048":["https:\/\/arantv.az\/wp-content\/uploads\/2022\/02\/3dcf44c3158256335652018948910168183_1.j.jpg",650,360,false],"post-thumbnail":["https:\/\/arantv.az\/wp-content\/uploads\/2022\/02\/3dcf44c3158256335652018948910168183_1.j-240x172.jpg",240,172,true],"advps-thumb-one":["https:\/\/arantv.az\/wp-content\/uploads\/2022\/02\/3dcf44c3158256335652018948910168183_1.j.jpg",650,360,false]},"rttpg_author":{"display_name":"V\u00fcsal Rafiqo\u011flu","author_link":"https:\/\/arantv.az\/?author=2"},"rttpg_comment":0,"rttpg_category":"<a href=\"https:\/\/arantv.az\/?cat=1\" rel=\"category\">C\u0259miyy\u0259t<\/a>","rttpg_excerpt":"Az\u0259rbaycan xalq\u0131na t\u00f6r\u0259dil\u0259n Xocal\u0131 soyq\u0131r\u0131m\u0131n\u0131n \u00fcst\u00fcnd\u0259n 30 il ke\u00e7ir. Bu g\u00fcn Qaraba\u011f azad olunsa da, qan yadda\u015f\u0131m\u0131zdan Xocal\u0131 faci\u0259si he\u00e7 zaman silinm\u0259y\u0259c\u0259k. M\u00f6vzuyla ba\u011fl\u0131\u00a0BiG.AZ-a mill\u0259t v\u0259kili N\u0259sib M\u0259h\u0259m\u0259liyev m\u00fcnasib\u0259t bildirib. Onun s\u00f6zl\u0259rin\u0259 g\u00f6r\u0259, Xocal\u0131 faci\u0259sind\u0259n dan\u0131\u015fd\u0131qda, m\u00fctl\u0259q onu yaradan s\u0259b\u0259bl\u0259ri v\u0259 g\u00fcnahkarlar\u0131 qeyd etm\u0259k laz\u0131md\u0131r: &#8220;\u0130yirminci \u0259srin sonlar\u0131nda erm\u0259nil\u0259rin insanl\u0131q \u0259leyhin\u0259 t\u00f6r\u0259tdiyi Xocal\u0131 faci\u0259sind\u0259n 30&hellip;","_links":{"self":[{"href":"https:\/\/arantv.az\/index.php?rest_route=\/wp\/v2\/posts\/444132"}],"collection":[{"href":"https:\/\/arantv.az\/index.php?rest_route=\/wp\/v2\/posts"}],"about":[{"href":"https:\/\/arantv.az\/index.php?rest_route=\/wp\/v2\/types\/post"}],"author":[{"embeddable":true,"href":"https:\/\/arantv.az\/index.php?rest_route=\/wp\/v2\/users\/2"}],"replies":[{"embeddable":true,"href":"https:\/\/arantv.az\/index.php?rest_route=%2Fwp%2Fv2%2Fcomments&post=444132"}],"version-history":[{"count":0,"href":"https:\/\/arantv.az\/index.php?rest_route=\/wp\/v2\/posts\/444132\/revisions"}],"wp:featuredmedia":[{"embeddable":true,"href":"https:\/\/arantv.az\/index.php?rest_route=\/wp\/v2\/media\/444133"}],"wp:attachment":[{"href":"https:\/\/arantv.az\/index.php?rest_route=%2Fwp%2Fv2%2Fmedia&parent=444132"}],"wp:term":[{"taxonomy":"category","embeddable":true,"href":"https:\/\/arantv.az\/index.php?rest_route=%2Fwp%2Fv2%2Fcategories&post=444132"},{"taxonomy":"post_tag","embeddable":true,"href":"https:\/\/arantv.az\/index.php?rest_route=%2Fwp%2Fv2%2Ftags&post=444132"}],"curies":[{"name":"wp","href":"https:\/\/api.w.org\/{rel}","templated":true}]}}