{"id":444135,"date":"2022-02-25T12:56:41","date_gmt":"2022-02-25T09:56:41","guid":{"rendered":"http:\/\/arantv.az\/?p=444135"},"modified":"2022-02-25T12:56:41","modified_gmt":"2022-02-25T09:56:41","slug":"xocali-kimi-faci%c9%99l%c9%99rin-bas-verm%c9%99m%c9%99si-ucun-hami-calismalidir-britaniya-s%c9%99firi","status":"publish","type":"post","link":"https:\/\/arantv.az\/?p=444135","title":{"rendered":"Xocal\u0131 kimi faci\u0259l\u0259rin ba\u015f verm\u0259m\u0259si \u00fc\u00e7\u00fcn ham\u0131 \u00e7al\u0131\u015fmal\u0131d\u0131r &#8211; Britaniya s\u0259firi"},"content":{"rendered":"<p><strong>Xocal\u0131 kimi faci\u0259l\u0259rin ba\u015f verm\u0259m\u0259si \u00fc\u00e7\u00fcn s\u00fclh v\u0259 \u0259min-amanl\u0131q u\u011frunda ham\u0131 \u00e7al\u0131\u015fmal\u0131d\u0131r.<\/strong><\/p>\n<p><strong>ARANTV.AZ<\/strong> <a href=\"https:\/\/az.trend.az\/\" target=\"_blank\" rel=\"noopener\">Trend<\/a>-\u0259 istinad\u0259n bildirir ki,\u00a0bu bar\u0259d\u0259 B\u00f6y\u00fck Britaniyan\u0131n Az\u0259rbaycandak\u0131 s\u0259firi Ceyms \u015earp &#8220;Twitter&#8221;d\u0259 bildirib.<\/p>\n<p>&#8220;Az\u0259rbaycan Xarici \u0130\u015fl\u0259r Nazirliyinin t\u0259\u015fkil etdiyi konfrans v\u0259 s\u0259rgid\u0259 i\u015ftirak etdim. Faci\u0259nin g\u00fcnahs\u0131z qurbanlar\u0131n\u0131 d\u0259rin h\u00fcznl\u0259 an\u0131r\u0131q. Bel\u0259 faci\u0259l\u0259rin ba\u015f verm\u0259m\u0259si \u00fc\u00e7\u00fcn s\u00fclh v\u0259 \u0259min-amanl\u0131q u\u011frunda ham\u0131m\u0131z \u00e7al\u0131\u015fmal\u0131y\u0131q&#8221;, &#8211; dey\u0259 s\u0259fir qeyd edib.<\/p>\n","protected":false},"excerpt":{"rendered":"<p>Xocal\u0131 kimi faci\u0259l\u0259rin ba\u015f verm\u0259m\u0259si \u00fc\u00e7\u00fcn s\u00fclh v\u0259 \u0259min-amanl\u0131q u\u011frunda ham\u0131 \u00e7al\u0131\u015fmal\u0131d\u0131r. ARANTV.AZ Trend-\u0259 istinad\u0259n bildirir ki,\u00a0bu bar\u0259d\u0259 B\u00f6y\u00fck Britaniyan\u0131n Az\u0259rbaycandak\u0131 s\u0259firi Ceyms \u015earp &#8220;Twitter&#8221;d\u0259 bildirib. &#8220;Az\u0259rbaycan Xarici \u0130\u015fl\u0259r Nazirliyinin t\u0259\u015fkil etdiyi konfrans v\u0259 s\u0259rgid\u0259 i\u015ftirak etdim. Faci\u0259nin g\u00fcnahs\u0131z qurbanlar\u0131n\u0131 d\u0259rin h\u00fcznl\u0259 an\u0131r\u0131q. Bel\u0259 faci\u0259l\u0259rin ba\u015f verm\u0259m\u0259si \u00fc\u00e7\u00fcn s\u00fclh v\u0259 \u0259min-amanl\u0131q u\u011frunda ham\u0131m\u0131z \u00e7al\u0131\u015fmal\u0131y\u0131q&#8221;, &#8211; dey\u0259 s\u0259fir qeyd edib.<\/p>\n","protected":false},"author":2,"featured_media":444136,"comment_status":"closed","ping_status":"closed","sticky":false,"template":"","format":"standard","meta":{"om_disable_all_campaigns":false,"_monsterinsights_skip_tracking":false,"_monsterinsights_sitenote_active":false,"_monsterinsights_sitenote_note":"","_monsterinsights_sitenote_category":0},"categories":[4],"tags":[],"aioseo_notices":[],"gutentor_comment":0,"rttpg_featured_image_url":{"full":["https:\/\/arantv.az\/wp-content\/uploads\/2022\/02\/1022394.jpg",800,600,false],"landscape":["https:\/\/arantv.az\/wp-content\/uploads\/2022\/02\/1022394.jpg",800,600,false],"portraits":["https:\/\/arantv.az\/wp-content\/uploads\/2022\/02\/1022394.jpg",800,600,false],"thumbnail":["https:\/\/arantv.az\/wp-content\/uploads\/2022\/02\/1022394-500x280.jpg",500,280,true],"medium":["https:\/\/arantv.az\/wp-content\/uploads\/2022\/02\/1022394-487x365.jpg",487,365,true],"large":["https:\/\/arantv.az\/wp-content\/uploads\/2022\/02\/1022394.jpg",640,480,false],"1536x1536":["https:\/\/arantv.az\/wp-content\/uploads\/2022\/02\/1022394.jpg",800,600,false],"2048x2048":["https:\/\/arantv.az\/wp-content\/uploads\/2022\/02\/1022394.jpg",800,600,false],"post-thumbnail":["https:\/\/arantv.az\/wp-content\/uploads\/2022\/02\/1022394-240x172.jpg",240,172,true],"advps-thumb-one":["https:\/\/arantv.az\/wp-content\/uploads\/2022\/02\/1022394.jpg",800,600,false]},"rttpg_author":{"display_name":"V\u00fcsal Rafiqo\u011flu","author_link":"https:\/\/arantv.az\/?author=2"},"rttpg_comment":0,"rttpg_category":"<a href=\"https:\/\/arantv.az\/?cat=4\" rel=\"category\">Siyas\u0259t<\/a>","rttpg_excerpt":"Xocal\u0131 kimi faci\u0259l\u0259rin ba\u015f verm\u0259m\u0259si \u00fc\u00e7\u00fcn s\u00fclh v\u0259 \u0259min-amanl\u0131q u\u011frunda ham\u0131 \u00e7al\u0131\u015fmal\u0131d\u0131r. ARANTV.AZ Trend-\u0259 istinad\u0259n bildirir ki,\u00a0bu bar\u0259d\u0259 B\u00f6y\u00fck Britaniyan\u0131n Az\u0259rbaycandak\u0131 s\u0259firi Ceyms \u015earp &#8220;Twitter&#8221;d\u0259 bildirib. &#8220;Az\u0259rbaycan Xarici \u0130\u015fl\u0259r Nazirliyinin t\u0259\u015fkil etdiyi konfrans v\u0259 s\u0259rgid\u0259 i\u015ftirak etdim. Faci\u0259nin g\u00fcnahs\u0131z qurbanlar\u0131n\u0131 d\u0259rin h\u00fcznl\u0259 an\u0131r\u0131q. Bel\u0259 faci\u0259l\u0259rin ba\u015f verm\u0259m\u0259si \u00fc\u00e7\u00fcn s\u00fclh v\u0259 \u0259min-amanl\u0131q u\u011frunda ham\u0131m\u0131z \u00e7al\u0131\u015fmal\u0131y\u0131q&#8221;, &#8211;&hellip;","_links":{"self":[{"href":"https:\/\/arantv.az\/index.php?rest_route=\/wp\/v2\/posts\/444135"}],"collection":[{"href":"https:\/\/arantv.az\/index.php?rest_route=\/wp\/v2\/posts"}],"about":[{"href":"https:\/\/arantv.az\/index.php?rest_route=\/wp\/v2\/types\/post"}],"author":[{"embeddable":true,"href":"https:\/\/arantv.az\/index.php?rest_route=\/wp\/v2\/users\/2"}],"replies":[{"embeddable":true,"href":"https:\/\/arantv.az\/index.php?rest_route=%2Fwp%2Fv2%2Fcomments&post=444135"}],"version-history":[{"count":0,"href":"https:\/\/arantv.az\/index.php?rest_route=\/wp\/v2\/posts\/444135\/revisions"}],"wp:featuredmedia":[{"embeddable":true,"href":"https:\/\/arantv.az\/index.php?rest_route=\/wp\/v2\/media\/444136"}],"wp:attachment":[{"href":"https:\/\/arantv.az\/index.php?rest_route=%2Fwp%2Fv2%2Fmedia&parent=444135"}],"wp:term":[{"taxonomy":"category","embeddable":true,"href":"https:\/\/arantv.az\/index.php?rest_route=%2Fwp%2Fv2%2Fcategories&post=444135"},{"taxonomy":"post_tag","embeddable":true,"href":"https:\/\/arantv.az\/index.php?rest_route=%2Fwp%2Fv2%2Ftags&post=444135"}],"curies":[{"name":"wp","href":"https:\/\/api.w.org\/{rel}","templated":true}]}}