{"id":444144,"date":"2022-02-25T12:58:50","date_gmt":"2022-02-25T09:58:50","guid":{"rendered":"http:\/\/arantv.az\/?p=444144"},"modified":"2022-02-25T12:58:50","modified_gmt":"2022-02-25T09:58:50","slug":"erm%c9%99nistan-xocaliya-gor%c9%99-huquqi-must%c9%99vid%c9%99-cavab-verm%c9%99lidir-hikm%c9%99t-haciyev","status":"publish","type":"post","link":"https:\/\/arantv.az\/?p=444144","title":{"rendered":"Erm\u0259nistan Xocal\u0131ya g\u00f6r\u0259 h\u00fcquqi m\u00fcst\u0259vid\u0259 cavab verm\u0259lidir &#8211; Hikm\u0259t Hac\u0131yev"},"content":{"rendered":"<p><strong>Xocal\u0131 t\u0259k Az\u0259rbaycan\u0131n faci\u0259si deyil, bu, b\u0259\u015f\u0259riyy\u0259tin l\u0259yaq\u0259tinin al\u00e7ald\u0131lmas\u0131 idi. Xocal\u0131 b\u00fct\u00f6vl\u00fckd\u0259 beyn\u0259lxalq ictimaiyy\u0259tin faci\u0259sidir.<\/strong><\/p>\n<p><strong>ARANTV.AZ\u00a0<\/strong> <a href=\"https:\/\/az.trend.az\/\" target=\"_blank\" rel=\"noopener\">Trend<\/a>-\u0259 istinad\u0259n bildirir ki,\u00a0bunu Az\u0259rbaycan Respublikas\u0131 Prezidentinin k\u00f6m\u0259k\u00e7isi &#8211; Az\u0259rbaycan Respublikas\u0131 Prezidentinin Administrasiyas\u0131n\u0131n Xarici siyas\u0259t m\u0259s\u0259l\u0259l\u0259ri \u015f\u00f6b\u0259sinin m\u00fcdiri Hikm\u0259t Hac\u0131yev Xocal\u0131 soyqr\u0131m\u0131n\u0131n 30-cu ild\u00f6n\u00fcm\u00fc il\u0259 ba\u011fl\u0131 konfransda deyib.<\/p>\n<p>H.Hac\u0131yev bildirib ki, Xocal\u0131 m\u00fct\u0259\u015f\u0259kkil h\u0259rbi q\u00fcvv\u0259l\u0259rin ke\u00e7irdiyi \u0259m\u0259liyyat zaman\u0131 i\u015f\u011fal olunub, soyq\u0131r\u0131m\u0131 t\u00f6r\u0259dilib.<\/p>\n<p>&#8220;Erm\u0259nistan Xocal\u0131ya, t\u00f6r\u0259tdiyi dig\u0259r q\u0259tliamlara g\u00f6r\u0259 h\u00fcquqi m\u00fcst\u0259vid\u0259 cavab verm\u0259lidir. Erm\u0259nistan c\u0259miyy\u0259ti d\u0259 tarixl\u0259rind\u0259 olan bu qara s\u0259hif\u0259y\u0259 g\u00f6r\u0259 m\u00fctl\u0259q \u00fczr ist\u0259m\u0259lidir&#8221;,- H.Hac\u0131yev deyib.<\/p>\n","protected":false},"excerpt":{"rendered":"<p>Xocal\u0131 t\u0259k Az\u0259rbaycan\u0131n faci\u0259si deyil, bu, b\u0259\u015f\u0259riyy\u0259tin l\u0259yaq\u0259tinin al\u00e7ald\u0131lmas\u0131 idi. Xocal\u0131 b\u00fct\u00f6vl\u00fckd\u0259 beyn\u0259lxalq ictimaiyy\u0259tin faci\u0259sidir. ARANTV.AZ\u00a0 Trend-\u0259 istinad\u0259n bildirir ki,\u00a0bunu Az\u0259rbaycan Respublikas\u0131 Prezidentinin k\u00f6m\u0259k\u00e7isi &#8211; Az\u0259rbaycan Respublikas\u0131 Prezidentinin Administrasiyas\u0131n\u0131n Xarici siyas\u0259t m\u0259s\u0259l\u0259l\u0259ri \u015f\u00f6b\u0259sinin m\u00fcdiri Hikm\u0259t Hac\u0131yev Xocal\u0131 soyqr\u0131m\u0131n\u0131n 30-cu ild\u00f6n\u00fcm\u00fc il\u0259 ba\u011fl\u0131 konfransda deyib. H.Hac\u0131yev bildirib ki, Xocal\u0131 m\u00fct\u0259\u015f\u0259kkil h\u0259rbi q\u00fcvv\u0259l\u0259rin ke\u00e7irdiyi \u0259m\u0259liyyat zaman\u0131 i\u015f\u011fal olunub, soyq\u0131r\u0131m\u0131 t\u00f6r\u0259dilib. &#8220;Erm\u0259nistan Xocal\u0131ya, t\u00f6r\u0259tdiyi dig\u0259r q\u0259tliamlara g\u00f6r\u0259 h\u00fcquqi m\u00fcst\u0259vid\u0259 cavab verm\u0259lidir. Erm\u0259nistan c\u0259miyy\u0259ti d\u0259 tarixl\u0259rind\u0259 olan bu qara s\u0259hif\u0259y\u0259 g\u00f6r\u0259 m\u00fctl\u0259q \u00fczr ist\u0259m\u0259lidir&#8221;,- H.Hac\u0131yev deyib.<\/p>\n","protected":false},"author":2,"featured_media":444145,"comment_status":"closed","ping_status":"closed","sticky":false,"template":"","format":"standard","meta":{"om_disable_all_campaigns":false,"_monsterinsights_skip_tracking":false,"_monsterinsights_sitenote_active":false,"_monsterinsights_sitenote_note":"","_monsterinsights_sitenote_category":0},"categories":[4],"tags":[],"aioseo_notices":[],"gutentor_comment":0,"rttpg_featured_image_url":{"full":["https:\/\/arantv.az\/wp-content\/uploads\/2022\/02\/1022383.jpg",800,600,false],"landscape":["https:\/\/arantv.az\/wp-content\/uploads\/2022\/02\/1022383.jpg",800,600,false],"portraits":["https:\/\/arantv.az\/wp-content\/uploads\/2022\/02\/1022383.jpg",800,600,false],"thumbnail":["https:\/\/arantv.az\/wp-content\/uploads\/2022\/02\/1022383-500x280.jpg",500,280,true],"medium":["https:\/\/arantv.az\/wp-content\/uploads\/2022\/02\/1022383-487x365.jpg",487,365,true],"large":["https:\/\/arantv.az\/wp-content\/uploads\/2022\/02\/1022383.jpg",640,480,false],"1536x1536":["https:\/\/arantv.az\/wp-content\/uploads\/2022\/02\/1022383.jpg",800,600,false],"2048x2048":["https:\/\/arantv.az\/wp-content\/uploads\/2022\/02\/1022383.jpg",800,600,false],"post-thumbnail":["https:\/\/arantv.az\/wp-content\/uploads\/2022\/02\/1022383-240x172.jpg",240,172,true],"advps-thumb-one":["https:\/\/arantv.az\/wp-content\/uploads\/2022\/02\/1022383.jpg",800,600,false]},"rttpg_author":{"display_name":"V\u00fcsal Rafiqo\u011flu","author_link":"https:\/\/arantv.az\/?author=2"},"rttpg_comment":0,"rttpg_category":"<a href=\"https:\/\/arantv.az\/?cat=4\" rel=\"category\">Siyas\u0259t<\/a>","rttpg_excerpt":"Xocal\u0131 t\u0259k Az\u0259rbaycan\u0131n faci\u0259si deyil, bu, b\u0259\u015f\u0259riyy\u0259tin l\u0259yaq\u0259tinin al\u00e7ald\u0131lmas\u0131 idi. Xocal\u0131 b\u00fct\u00f6vl\u00fckd\u0259 beyn\u0259lxalq ictimaiyy\u0259tin faci\u0259sidir. ARANTV.AZ\u00a0 Trend-\u0259 istinad\u0259n bildirir ki,\u00a0bunu Az\u0259rbaycan Respublikas\u0131 Prezidentinin k\u00f6m\u0259k\u00e7isi &#8211; Az\u0259rbaycan Respublikas\u0131 Prezidentinin Administrasiyas\u0131n\u0131n Xarici siyas\u0259t m\u0259s\u0259l\u0259l\u0259ri \u015f\u00f6b\u0259sinin m\u00fcdiri Hikm\u0259t Hac\u0131yev Xocal\u0131 soyqr\u0131m\u0131n\u0131n 30-cu ild\u00f6n\u00fcm\u00fc il\u0259 ba\u011fl\u0131 konfransda deyib. H.Hac\u0131yev bildirib ki, Xocal\u0131 m\u00fct\u0259\u015f\u0259kkil h\u0259rbi q\u00fcvv\u0259l\u0259rin ke\u00e7irdiyi \u0259m\u0259liyyat zaman\u0131 i\u015f\u011fal&hellip;","_links":{"self":[{"href":"https:\/\/arantv.az\/index.php?rest_route=\/wp\/v2\/posts\/444144"}],"collection":[{"href":"https:\/\/arantv.az\/index.php?rest_route=\/wp\/v2\/posts"}],"about":[{"href":"https:\/\/arantv.az\/index.php?rest_route=\/wp\/v2\/types\/post"}],"author":[{"embeddable":true,"href":"https:\/\/arantv.az\/index.php?rest_route=\/wp\/v2\/users\/2"}],"replies":[{"embeddable":true,"href":"https:\/\/arantv.az\/index.php?rest_route=%2Fwp%2Fv2%2Fcomments&post=444144"}],"version-history":[{"count":0,"href":"https:\/\/arantv.az\/index.php?rest_route=\/wp\/v2\/posts\/444144\/revisions"}],"wp:featuredmedia":[{"embeddable":true,"href":"https:\/\/arantv.az\/index.php?rest_route=\/wp\/v2\/media\/444145"}],"wp:attachment":[{"href":"https:\/\/arantv.az\/index.php?rest_route=%2Fwp%2Fv2%2Fmedia&parent=444144"}],"wp:term":[{"taxonomy":"category","embeddable":true,"href":"https:\/\/arantv.az\/index.php?rest_route=%2Fwp%2Fv2%2Fcategories&post=444144"},{"taxonomy":"post_tag","embeddable":true,"href":"https:\/\/arantv.az\/index.php?rest_route=%2Fwp%2Fv2%2Ftags&post=444144"}],"curies":[{"name":"wp","href":"https:\/\/api.w.org\/{rel}","templated":true}]}}