{"id":444150,"date":"2022-02-25T13:02:31","date_gmt":"2022-02-25T10:02:31","guid":{"rendered":"http:\/\/arantv.az\/?p=444150"},"modified":"2022-02-25T13:02:31","modified_gmt":"2022-02-25T10:02:31","slug":"zahid-oruc-soyumuzu-m%c9%99hv-ed%c9%99-bilm%c9%99dil%c9%99r-v%c9%99-biz-mill%c9%99t-kimi-variq-yasayiriq","status":"publish","type":"post","link":"https:\/\/arantv.az\/?p=444150","title":{"rendered":"Zahid Oruc: \u201dSoyumuzu m\u0259hv ed\u0259 bilm\u0259dil\u0259r v\u0259 biz mill\u0259t kimi var\u0131q, ya\u015fay\u0131r\u0131q!\u201d"},"content":{"rendered":"<p><i><span lang=\"AZ-LATIN\"><strong>ARANTV.AZ <\/strong>\u00a0Milli M\u0259clisin \u0130nsan h\u00fcquqlar\u0131 komit\u0259sinin\u00a0s\u0259dri,\u00a0mill\u0259t v\u0259kili Zahid Orucun parlamentin bug\u00fcnk\u00fc iclas\u0131ndak\u0131 \u00e7\u0131x\u0131\u015f\u0131n\u0131 t\u0259qdim edir:<\/span><\/i><\/p>\n<p>&nbsp;<\/p>\n<p><span lang=\"AZ-LATIN\">D\u00fcnyada, beyn\u0259lxalq m\u00fcnasib\u0259tl\u0259r v\u0259 t\u0259hl\u00fck\u0259sizlik sistemind\u0259 ba\u015f ver\u0259n\u00a0<b>d\u0259rin b\u00f6hran \u015f\u0259raitind\u0259 Az\u0259rbaycan xalq\u0131 \u00f6z tarixinin a\u011f\u0131r v\u0259 k\u0259d\u0259rli s\u0259hif\u0259sini yenid\u0259n ehtiramla an\u0131r.\u00a0<\/b>\u015e\u00fcbh\u0259siz, ke\u00e7mi\u015f v\u0259 g\u0259l\u0259c\u0259k haqq\u0131nda fikir s\u00f6yl\u0259y\u0259n h\u0259r k\u0259s indi daha \u00e7ox m\u0259suliyy\u0259t da\u015f\u0131d\u0131\u011f\u0131n\u0131n f\u0259rqind\u0259dir.<\/span><\/p>\n<p><span lang=\"AZ-LATIN\">\u0130lk n\u00f6vb\u0259d\u0259, qeyd ed\u0259k ki, 26 sentyabr 2020-ci il\u0259 q\u0259d\u0259r davam ed\u0259n i\u015f\u011fal tariximizin \u00a0bir par\u00e7as\u0131 olan Xocal\u0131 soyq\u0131r\u0131m\u0131 birinci Qaraba\u011f m\u00fcharib\u0259sind\u0259ki itkil\u0259rimizin v\u0259 h\u0259rbi m\u0259\u011flubiyy\u0259tin simvolu olmaqla yana\u015f\u0131,\u00a0<b>h\u0259m d\u0259 son 30 ild\u0259 milli s\u0259f\u0259rb\u0259rlik v\u0259 birlik hadis\u0259sin\u0259 \u00e7evrildi, torpaqlar\u0131m\u0131z u\u011frunda m\u00fcbariz\u0259d\u0259 milli nifr\u0259ti v\u0259 q\u0259z\u0259bi bir araya g\u0259tirdi, tarixi yadda\u015f\u0131m\u0131z\u0131n oyan\u0131\u015f\u0131na t\u0259kan verdi<\/b>, xalq\u0131n \u00f6z\u00fcn\u00fcqoruma duy\u011fusunu art\u0131rd\u0131 v\u0259 h\u0259rbi, siyasi bax\u0131mdan bir mill\u0259ti t\u0259\u015fkilatlanma\u011fa m\u0259cbur etdi.<\/span><\/p>\n<p><span lang=\"AZ-LATIN\">Ulu \u00d6nd\u0259r Heyd\u0259r \u018fliyevin son iki \u0259srd\u0259 az\u0259rbaycanl\u0131lar\u0131n ya\u015fad\u0131\u011f\u0131 faci\u0259l\u0259rin s\u0259b\u0259bl\u0259rini\u00a0<b>d\u00fczg\u00fcn d\u0259rk etm\u0259si \u00fc\u00e7\u00fcn m\u00fc\u0259yy\u0259nl\u0259\u015fdirdiyi d\u00f6vl\u0259t kursu t\u0259kc\u0259 erm\u0259ni fa\u015fizminin \u0259sil simas\u0131n\u0131 g\u00f6st\u0259rm\u0259di,<\/b>\u00a0el\u0259c\u0259 d\u0259 d\u00fcnya erm\u0259ni\u00e7iliyinin qlobal \u015f\u0259b\u0259k\u0259sini z\u0259ifl\u0259tdi, yaratd\u0131qlar\u0131 mifl\u0259ri sars\u0131td\u0131 v\u0259 Q\u0259l\u0259b\u0259y\u0259 ged\u0259n b\u00fct\u00fcn yollar\u0131 a\u00e7d\u0131.Dem\u0259li, 26 fevral tarixi t\u0259kc\u0259\u00a0<b>m\u0259hrumiyy\u0259t v\u0259 a\u011fr\u0131 hadis\u0259si deyil, h\u0259m d\u0259 \u00fcmummili m\u00fcbariz\u0259 g\u00fcn\u00fcd\u00fcr.<\/b><\/span><\/p>\n<p><span lang=\"AZ-LATIN\">30 il sonra tam q\u0259tiyy\u0259tl\u0259 dem\u0259k olar ki, erm\u0259ni ideoloqlar\u0131, el\u0259c\u0259 d\u0259 Sarkisyan-Ko\u00e7aryan adl\u0131 h\u0259rbi canil\u0259r\u00a0<b>az\u0259rbaycanl\u0131 soyunu<\/b>\u00a0m\u0259hv ed\u0259 bilm\u0259dil\u0259r.Biz bir mill\u0259t kimi var\u0131q, ya\u015fay\u0131r\u0131q v\u0259 h\u0259r zaman da \u00f6z torpaqlar\u0131m\u0131zda qurub-yaradaca\u011f\u0131q.T\u0259kc\u0259 Xocal\u0131da q\u0259tl edil\u0259n 613 n\u0259f\u0259rin deyil, b\u00fct\u00f6vl\u00fckd\u0259 20 mind\u0259n art\u0131q \u015f\u0259hidimizin, y\u00fcz il \u0259vv\u0259l 31 mart tarixind\u0259 canlar\u0131n\u0131 qurban ver\u0259n minl\u0259rl\u0259 o\u011ful v\u0259 q\u0131zlar\u0131m\u0131n \u0259v\u0259zin\u0259\u00a0<b>yeni do\u011fulan 100 minl\u0259rl\u0259 insan\u0131m\u0131z bizi yox etm\u0259k, qorxu v\u0259 \u0259sar\u0259t alt\u0131nda saxlamaq ist\u0259y\u0259nl\u0259rin m\u0259qs\u0259dl\u0259rinin pu\u00e7a \u00e7\u0131xmas\u0131 dem\u0259kdir.<\/b><\/span><\/p>\n<p><span lang=\"AZ-LATIN\">H\u00f6rm\u0259tli mill\u0259t v\u0259kill\u0259ri, art\u0131q ikinci ildir ki, xalq\u0131m\u0131z\u00a0<b>Xocal\u0131 q\u0259tliam\u0131n\u0131n qurbanlar\u0131n\u0131 qalib mill\u0259t kimi an\u0131r.<\/b>27 sentyabrda ba\u015flayan m\u00fcharib\u0259\u00a0<b>h\u0259m d\u0259 Xocal\u0131 qurbanlar\u0131n\u0131n m\u00fcq\u0259dd\u0259s ruhu, azadl\u0131q v\u0259 m\u00fcst\u0259qillik ideallar\u0131n\u0131n d\u00f6vl\u0259t, mill\u0259t, ordu t\u0259r\u0259find\u0259n h\u0259yata ke\u00e7irilm\u0259si dem\u0259k idi<\/b>.\u00a0<\/span><b><span lang=\"AZ-LATIN\">44 g\u00fcnl\u00fck m\u00fcharib\u0259 erm\u0259ni mill\u0259t\u00e7il\u0259rinin xalq\u0131m\u0131za qar\u015f\u0131 apard\u0131\u011f\u0131 soyq\u0131r\u0131m siyas\u0259tinin qisas\u0131n\u0131n al\u0131nmas\u0131na imkan verdi.Ona g\u00f6r\u0259 d\u0259 Ali Ba\u015f Komandan \u0130lham \u018fliyev on ill\u0259r \u0259rzind\u0259 beyn\u0259lxalq tribunalarda, xarici d\u00f6vl\u0259tl\u0259rd\u0259 q\u0259tliam\u0131n siyasi tan\u0131nmas\u0131na nail olark\u0259n V\u0259t\u0259n m\u00fcharib\u0259si \u00fc\u00e7\u00fcn siyasi z\u0259mini formala\u015fd\u0131rd\u0131, d\u00fcnya ictimai fikrini haz\u0131rlad\u0131 v\u0259 \u00f6lk\u0259miz\u0259 \u00e7oxlu t\u0259r\u0259fdarlar qazand\u0131rd\u0131.Lakin 44 g\u00fcnl\u00fck sava\u015f t\u0259kc\u0259 Qaraba\u011f u\u011frunda deyildi, h\u0259m d\u0259 ya\u015fad\u0131\u011f\u0131m\u0131z regionda v\u0259 d\u00fcnyada \u0259dal\u0259t, t\u0259hl\u00fck\u0259sizlik \u00fc\u00e7\u00fcn apar\u0131l\u0131rd\u0131. Prezident Qaraba\u011f m\u00fcharib\u0259sind\u0259 soyq\u0131r\u0131m\u0131n\u0131n qisas\u0131n\u0131 almaqla yana\u015f\u0131, regionda s\u00fclh\u00fcn qarant\u0131na \u00e7evrildi, ke\u00e7mi\u015f sovet m\u0259kan\u0131nda ba\u015f ver\u0259n qanl\u0131 hadis\u0259l\u0259r fonunda b\u0259nz\u0259r faci\u0259l\u0259rin qar\u015f\u0131s\u0131n\u0131 ald\u0131.<\/span><\/b><\/p>\n<p><span lang=\"AZ-LATIN\">Bir s\u00f6zl\u0259, ikinci Qaraba\u011f m\u00fcharib\u0259sind\u0259 Xocal\u0131 faci\u0259sinin t\u0259krarlanmamas\u0131 \u00fc\u00e7\u00fcn d\u00f6vl\u0259t, mill\u0259t v\u0259 ordu bir amal u\u011frunda birl\u0259\u015fdi.<\/span><b><span lang=\"AZ-LATIN\">Qalib \u00f6lk\u0259nin prezidenti \u00f6z mill\u0259tini faci\u0259l\u0259rd\u0259n Z\u0259f\u0259r\u0259 g\u0259tir\u0259 bildi.Lakin b\u00fct\u00fcn d\u00fcnya g\u00f6rd\u00fc ki,\u00a0erm\u0259nil\u0259r dinc \u0259halini, m\u0259d\u0259niyy\u0259timizi, t\u0259bi\u0259timizi m\u0259hv edirdi, biz is\u0259 h\u0259rbi terror\u00e7ular\u0131. \u018fsas f\u0259rqimiz bundad\u0131r<\/span><\/b><span lang=\"AZ-LATIN\">!<\/span><\/p>\n<p><span lang=\"AZ-LATIN\">B<\/span><span lang=\"AZ-LATIN\">u q\u0259l\u0259b\u0259 \u00a0\u201c<b>Ana haray\u0131\u201d abid\u0259si yan\u0131nda minl\u0259rl\u0259 q\u0259hr\u0259man Az\u0259rbaycan \u0259g\u0259ri v\u0259 zabitinin qalibiyy\u0259t, xilaskarl\u0131q monumentinin yarad\u0131laca\u011f\u0131na inan\u0131r\u0131q.Azad edil\u0259n torpaqlara d\u00f6n\u0259c\u0259k h\u0259r bir az\u0259rbaycanl\u0131n\u0131n evi, t\u0259z\u0259d\u0259n qurulan k\u0259ndl\u0259ri v\u0259 \u015f\u0259h\u0259rl\u0259ri Xocal\u0131 qurbanlar\u0131n\u0131n, b\u00fct\u00fcn \u015f\u0259hidl\u0259rimizin irsinin ya\u015fad\u011f\u0131n\u0131 v\u0259 qurub yaratd\u0131\u011f\u0131n\u0131 \u00f6z\u00fcnd\u0259 \u0259ks etdir\u0259c\u0259kdir.<\/b><\/span><\/p>\n<p><b><span lang=\"AZ-LATIN\">Ona g\u00f6r\u0259 d\u0259 Erm\u0259nistan-Az\u0259rbaycan aras\u0131nda g\u0259l\u0259c\u0259k s\u00fclh m\u00fcqavil\u0259sind\u0259n, diplomatik m\u00fcnasib\u0259tl\u0259rin taleyind\u0259n as\u0131l\u0131 olmayaraq, biz tariximizin qanl\u0131 s\u0259hif\u0259l\u0259rini qoruyub saxlamal\u0131y\u0131q:bir daha bel\u0259 q\u0259sdl\u0259r\u0259 m\u0259ruz qalmamaq \u00fc\u00e7\u00fcn!<\/span><\/b>\u00a0\u00a0\u00a0<b>\u00a0\u00a0\u00a0\u00a0\u00a0\u00a0\u00a0\u00a0\u00a0\u00a0\u00a0<\/b><\/p>\n","protected":false},"excerpt":{"rendered":"<p>ARANTV.AZ \u00a0Milli M\u0259clisin \u0130nsan h\u00fcquqlar\u0131 komit\u0259sinin\u00a0s\u0259dri,\u00a0mill\u0259t v\u0259kili Zahid Orucun parlamentin bug\u00fcnk\u00fc iclas\u0131ndak\u0131 \u00e7\u0131x\u0131\u015f\u0131n\u0131 t\u0259qdim edir: &nbsp; D\u00fcnyada, beyn\u0259lxalq m\u00fcnasib\u0259tl\u0259r v\u0259 t\u0259hl\u00fck\u0259sizlik sistemind\u0259 ba\u015f ver\u0259n\u00a0d\u0259rin b\u00f6hran \u015f\u0259raitind\u0259 Az\u0259rbaycan xalq\u0131 \u00f6z tarixinin a\u011f\u0131r v\u0259 k\u0259d\u0259rli s\u0259hif\u0259sini yenid\u0259n ehtiramla an\u0131r.\u00a0\u015e\u00fcbh\u0259siz, ke\u00e7mi\u015f v\u0259 g\u0259l\u0259c\u0259k haqq\u0131nda fikir s\u00f6yl\u0259y\u0259n h\u0259r k\u0259s indi daha \u00e7ox m\u0259suliyy\u0259t da\u015f\u0131d\u0131\u011f\u0131n\u0131n f\u0259rqind\u0259dir. \u0130lk n\u00f6vb\u0259d\u0259, qeyd ed\u0259k ki, 26 sentyabr 2020-ci il\u0259 q\u0259d\u0259r davam ed\u0259n i\u015f\u011fal tariximizin \u00a0bir par\u00e7as\u0131 olan Xocal\u0131 soyq\u0131r\u0131m\u0131 birinci Qaraba\u011f m\u00fcharib\u0259sind\u0259ki itkil\u0259rimizin v\u0259 h\u0259rbi m\u0259\u011flubiyy\u0259tin simvolu olmaqla yana\u015f\u0131,\u00a0h\u0259m d\u0259 son 30 ild\u0259 milli s\u0259f\u0259rb\u0259rlik v\u0259 birlik hadis\u0259sin\u0259 \u00e7evrildi,&hellip;<\/p>\n","protected":false},"author":2,"featured_media":444151,"comment_status":"closed","ping_status":"closed","sticky":false,"template":"","format":"standard","meta":{"om_disable_all_campaigns":false,"_monsterinsights_skip_tracking":false,"_monsterinsights_sitenote_active":false,"_monsterinsights_sitenote_note":"","_monsterinsights_sitenote_category":0},"categories":[4],"tags":[],"aioseo_notices":[],"gutentor_comment":0,"rttpg_featured_image_url":{"full":["https:\/\/arantv.az\/wp-content\/uploads\/2022\/02\/1645777926_zahid_oruc.jpg",670,420,false],"landscape":["https:\/\/arantv.az\/wp-content\/uploads\/2022\/02\/1645777926_zahid_oruc.jpg",670,420,false],"portraits":["https:\/\/arantv.az\/wp-content\/uploads\/2022\/02\/1645777926_zahid_oruc.jpg",670,420,false],"thumbnail":["https:\/\/arantv.az\/wp-content\/uploads\/2022\/02\/1645777926_zahid_oruc-500x280.jpg",500,280,true],"medium":["https:\/\/arantv.az\/wp-content\/uploads\/2022\/02\/1645777926_zahid_oruc-582x365.jpg",582,365,true],"large":["https:\/\/arantv.az\/wp-content\/uploads\/2022\/02\/1645777926_zahid_oruc.jpg",640,401,false],"1536x1536":["https:\/\/arantv.az\/wp-content\/uploads\/2022\/02\/1645777926_zahid_oruc.jpg",670,420,false],"2048x2048":["https:\/\/arantv.az\/wp-content\/uploads\/2022\/02\/1645777926_zahid_oruc.jpg",670,420,false],"post-thumbnail":["https:\/\/arantv.az\/wp-content\/uploads\/2022\/02\/1645777926_zahid_oruc-240x172.jpg",240,172,true],"advps-thumb-one":["https:\/\/arantv.az\/wp-content\/uploads\/2022\/02\/1645777926_zahid_oruc.jpg",670,420,false]},"rttpg_author":{"display_name":"V\u00fcsal Rafiqo\u011flu","author_link":"https:\/\/arantv.az\/?author=2"},"rttpg_comment":0,"rttpg_category":"<a href=\"https:\/\/arantv.az\/?cat=4\" rel=\"category\">Siyas\u0259t<\/a>","rttpg_excerpt":"ARANTV.AZ \u00a0Milli M\u0259clisin \u0130nsan h\u00fcquqlar\u0131 komit\u0259sinin\u00a0s\u0259dri,\u00a0mill\u0259t v\u0259kili Zahid Orucun parlamentin bug\u00fcnk\u00fc iclas\u0131ndak\u0131 \u00e7\u0131x\u0131\u015f\u0131n\u0131 t\u0259qdim edir: &nbsp; D\u00fcnyada, beyn\u0259lxalq m\u00fcnasib\u0259tl\u0259r v\u0259 t\u0259hl\u00fck\u0259sizlik sistemind\u0259 ba\u015f ver\u0259n\u00a0d\u0259rin b\u00f6hran \u015f\u0259raitind\u0259 Az\u0259rbaycan xalq\u0131 \u00f6z tarixinin a\u011f\u0131r v\u0259 k\u0259d\u0259rli s\u0259hif\u0259sini yenid\u0259n ehtiramla an\u0131r.\u00a0\u015e\u00fcbh\u0259siz, ke\u00e7mi\u015f v\u0259 g\u0259l\u0259c\u0259k haqq\u0131nda fikir s\u00f6yl\u0259y\u0259n h\u0259r k\u0259s indi daha \u00e7ox m\u0259suliyy\u0259t da\u015f\u0131d\u0131\u011f\u0131n\u0131n f\u0259rqind\u0259dir. \u0130lk n\u00f6vb\u0259d\u0259, qeyd ed\u0259k&hellip;","_links":{"self":[{"href":"https:\/\/arantv.az\/index.php?rest_route=\/wp\/v2\/posts\/444150"}],"collection":[{"href":"https:\/\/arantv.az\/index.php?rest_route=\/wp\/v2\/posts"}],"about":[{"href":"https:\/\/arantv.az\/index.php?rest_route=\/wp\/v2\/types\/post"}],"author":[{"embeddable":true,"href":"https:\/\/arantv.az\/index.php?rest_route=\/wp\/v2\/users\/2"}],"replies":[{"embeddable":true,"href":"https:\/\/arantv.az\/index.php?rest_route=%2Fwp%2Fv2%2Fcomments&post=444150"}],"version-history":[{"count":0,"href":"https:\/\/arantv.az\/index.php?rest_route=\/wp\/v2\/posts\/444150\/revisions"}],"wp:featuredmedia":[{"embeddable":true,"href":"https:\/\/arantv.az\/index.php?rest_route=\/wp\/v2\/media\/444151"}],"wp:attachment":[{"href":"https:\/\/arantv.az\/index.php?rest_route=%2Fwp%2Fv2%2Fmedia&parent=444150"}],"wp:term":[{"taxonomy":"category","embeddable":true,"href":"https:\/\/arantv.az\/index.php?rest_route=%2Fwp%2Fv2%2Fcategories&post=444150"},{"taxonomy":"post_tag","embeddable":true,"href":"https:\/\/arantv.az\/index.php?rest_route=%2Fwp%2Fv2%2Ftags&post=444150"}],"curies":[{"name":"wp","href":"https:\/\/api.w.org\/{rel}","templated":true}]}}