{"id":444153,"date":"2022-02-25T13:03:25","date_gmt":"2022-02-25T10:03:25","guid":{"rendered":"http:\/\/arantv.az\/?p=444153"},"modified":"2022-02-25T13:03:25","modified_gmt":"2022-02-25T10:03:25","slug":"az%c9%99rbaycanda-autizmli-usaqlarin-t%c9%99hsili-uzr%c9%99-beyn%c9%99lxalq-%c9%99m%c9%99kdasliq-foto","status":"publish","type":"post","link":"https:\/\/arantv.az\/?p=444153","title":{"rendered":"Az\u0259rbaycanda autizmli u\u015faqlar\u0131n t\u0259hsili \u00fczr\u0259 beyn\u0259lxalq \u0259m\u0259kda\u015fl\u0131q &#8211; FOTO"},"content":{"rendered":"<p>\u201cSOCAR T\u00fcrkiy\u0259\u201d-nin d\u0259st\u0259yi il\u0259 \u201cTohum\u201d Autizm Fondu v\u0259 \u201cBirg\u0259 v\u0259 Sa\u011flam\u201d \u0130ctimai Birliyi autizmli u\u015faqlar\u0131n t\u0259hsili \u00fc\u00e7\u00fcn geni\u015f \u0259m\u0259kda\u015fl\u0131\u011fa ba\u015flay\u0131b<\/p>\n<p>T\u00fcrkiy\u0259nin \u201cTohum\u201d Autizm Fondu autizmli u\u015faqlar\u0131n erk\u0259n diaqnostikas\u0131 v\u0259 onlar\u0131n c\u0259miyy\u0259td\u0259 i\u015ftirak\u0131na imkan yarad\u0131lmas\u0131 sah\u0259sind\u0259 elmi ara\u015fd\u0131rmalarla d\u0259st\u0259kl\u0259n\u0259n T\u0259tbiqi Davran\u0131\u015f Analizin\u0259 \u0259saslanan t\u0259hsil modelini beyn\u0259lxalq miqyasda\u00a0 yaymaqda davam edir. \u201cSOCAR T\u00fcrkiy\u0259\u201d \u201cTohum\u201d Autizm Fondu il\u0259 Az\u0259rbaycan\u0131n \u201cBirg\u0259 v\u0259 Sa\u011flam\u201d \u0130ctimai Birliyi aras\u0131nda m\u00f6vcud \u0259m\u0259kda\u015fl\u0131\u011f\u0131n\u0131n geni\u015fl\u0259ndirilm\u0259sin\u0259, autizmli u\u015faqlar\u0131n t\u0259hsil proqram\u0131na davaml\u0131 v\u0259 intensiv d\u0259st\u0259k ver\u0259c\u0259k. Bu m\u0259qs\u0259dl\u0259 t\u0259hsil v\u0259 fond \u0259m\u0259kda\u015flar\u0131n\u0131n potensial\u0131n\u0131n g\u00fccl\u0259ndirilm\u0259si \u00fc\u00e7\u00fcn birg\u0259 t\u0259liml\u0259r t\u0259\u015fkil edil\u0259c\u0259k.<\/p>\n<p>\u201cSOCAR T\u00fcrkiy\u0259\u201d Kommunikasiya v\u0259 D\u00f6vl\u0259tl\u0259 \u018flaq\u0259l\u0259r departamentinin r\u0259hb\u0259ri Mikay\u0131l Yusifov autizmli u\u015faqlara yard\u0131m edilm\u0259si v\u0259 onlara t\u0259hsilin verilm\u0259si istiqam\u0259tind\u0259 bilik v\u0259 t\u0259cr\u00fcb\u0259 m\u00fcbadil\u0259sinin \u0259h\u0259miyy\u0259tind\u0259n dan\u0131\u015f\u0131b: \u201cBiz x\u00fcsusi m\u0259qs\u0259d namin\u0259 bu d\u0259y\u0259rli \u0259m\u0259kda\u015fl\u0131\u011f\u0131 d\u0259st\u0259kl\u0259m\u0259kd\u0259n \u00e7ox m\u0259mnunuq. \u201cSOCAR T\u00fcrkiy\u0259\u201d olaraq Az\u0259rbaycanda autizmli u\u015faqlar\u0131n t\u0259hsilin\u0259 t\u00f6hf\u0259 verm\u0259k m\u0259qs\u0259dil\u0259 uzun ill\u0259rdir \u201cTohum\u201d Autizm Fondu il\u0259 Az\u0259rbaycandak\u0131 \u201cBirg\u0259 v\u0259 Sa\u011flam\u201d \u0130ctimai Birliyinin \u0259m\u0259kda\u015fl\u0131\u011f\u0131n\u0131 d\u0259st\u0259kl\u0259yirik. Bu iki qurumun birlikd\u0259 f\u0259aliyy\u0259tinin daha g\u00fccl\u00fc olaca\u011f\u0131na v\u0259 u\u015faqlar\u0131n sosial \u00fcnsiyy\u0259t bacar\u0131qlar\u0131na yiy\u0259l\u0259nm\u0259sind\u0259 m\u00fch\u00fcm rol oynayaca\u011f\u0131na inan\u0131ram.\u201d<\/p>\n<p>\u201cTohum\u201d Autizm Fondu vitse-prezidenti Aylin Sezgin bildirib ki,\u00a0 \u201cBirg\u0259 v\u0259 Sa\u011flam\u201d \u0130ctimai Birliyi il\u0259 2017-ci ild\u0259n etibar\u0259n h\u0259yata ke\u00e7iril\u0259n \u0259m\u0259kda\u015fl\u0131q \u00e7\u0259r\u00e7iv\u0259sind\u0259 az\u0259rbaycanl\u0131 autizmli u\u015faqlar\u0131n inki\u015faf\u0131 \u00fc\u00e7\u00fcn m\u00fct\u0259x\u0259ssis haz\u0131rlay\u0131r\u0131q. \u201c\u201cBirg\u0259 v\u0259 Sa\u011flam\u201d \u0130ctimai Birliyi il\u0259 t\u0259tbiqi t\u0259lim v\u0259 qiym\u0259tl\u0259ndirm\u0259, t\u0259lim ke\u00e7\u0259n \u015f\u0259xsin xidm\u0259tl\u0259rin\u0259 n\u0259zar\u0259t kimi sah\u0259l\u0259rd\u0259 \u0259m\u0259kda\u015fl\u0131q edirik v\u0259 art\u0131q bir \u00e7ox u\u011furlu prosesl\u0259r\u0259 nail olmu\u015fuq. \u201cSOCAR T\u00fcrkiy\u0259\u201dnin d\u0259st\u0259yi il\u0259 s\u0259yl\u0259rimizi davam etdir\u0259c\u0259yik. M\u0259n \u00f6z ad\u0131mdan v\u0259 \u201cTohum\u201d Autizm Fondu ad\u0131ndan bu \u0259m\u0259kda\u015fl\u0131qda \u0259m\u0259yi olan h\u0259r k\u0259s\u0259 v\u0259 \u201cSOCAR T\u00fcrkiy\u0259\u201dy\u0259 t\u0259\u015f\u0259kk\u00fcr edir\u0259m.\u2019\u2019<\/p>\n<p>\u201cBirg\u0259 v\u0259 Sa\u011flam\u201d \u0130ctimai Birliyinin r\u0259hb\u0259ri Ayt\u0259n Eynalova autizmli \u015f\u0259xsl\u0259r\u0259 d\u0259st\u0259k verilm\u0259si \u00fc\u00e7\u00fcn \u201cTohum\u201d Autizm Fondu il\u0259 \u0259m\u0259kda\u015fl\u0131\u011f\u0131n perspektivl\u0259rind\u0259n dan\u0131\u015f\u0131b: \u201cBu sinerji il\u0259 daha u\u011furlu i\u015fl\u0259r\u0259 imza ataca\u011f\u0131m\u0131za inan\u0131r\u0131q. \u201cTohum\u201d Autizm Fondundan\u00a0 \u00f6yr\u0259n\u0259c\u0259yimiz v\u0259 realla\u015fd\u0131raca\u011f\u0131m\u0131z \u00e7oxlu layih\u0259 var. Bu \u0259m\u0259kda\u015fl\u0131\u011fa b\u00f6y\u00fck t\u00f6hf\u0259 ver\u0259n \u201cSOCAR T\u00fcrkiy\u0259\u201d say\u0259sind\u0259 bilik v\u0259 sistem m\u00fcbadil\u0259l\u0259ri vasit\u0259sil\u0259 h\u0259yata ke\u00e7ir\u0259c\u0259yimiz i\u015fl\u0259ri s\u0259birsizlikl\u0259 g\u00f6zl\u0259yirik\u201d.<\/p>\n<p>\u201cTohum\u201d Autizm Fondu haqq\u0131nda:<\/p>\n<p>\u201cTohum\u201d T\u00fcrkiy\u0259 Autizm Erk\u0259n Diaqnostika\u00a0 v\u0259 T\u0259hsil Fondu 2003-c\u00fc ild\u0259n f\u0259aliyy\u0259t g\u00f6st\u0259rir. Fond autizm spektr pozuntusu olan u\u015faqlar\u0131n erk\u0259n diaqnostikas\u0131 v\u0259 x\u00fcsusi t\u0259hsil vasit\u0259sil\u0259 c\u0259miyy\u0259t\u0259 inteqrasiyas\u0131 sah\u0259sind\u0259 liderlik edir.<\/p>\n<p>&nbsp;<\/p>\n<div class=\"gallery\">\n<div class=\"gallery-i\"><img src=\"https:\/\/cdn.oxu.az\/uploads\/W1siZiIsIjIwMjIvMDIvMjUvMTIvMzQvNTUvZmIyZTk0N2QtY2JhNC00ZWQyLWE0OGQtNDdkOWJhOTA4ODA1LzI3MzkyNjQyOF8xMDkxNjMzNzA0OTAzMTQ5Xzc2Nzc4NjczMDE1MzQ0NzczOTRfbi5qcGciXSxbInAiLCJlbmNvZGUiLCJqcGciLCItcXVhbGl0eSA4MCJdLFsicCIsInRodW1iIiwiNTkweDU5MFx1MDAzZSJdXQ?sha=28a6bbce42da29a2\" alt=\"\" \/><\/div>\n<\/div>\n","protected":false},"excerpt":{"rendered":"<p>\u201cSOCAR T\u00fcrkiy\u0259\u201d-nin d\u0259st\u0259yi il\u0259 \u201cTohum\u201d Autizm Fondu v\u0259 \u201cBirg\u0259 v\u0259 Sa\u011flam\u201d \u0130ctimai Birliyi autizmli u\u015faqlar\u0131n t\u0259hsili \u00fc\u00e7\u00fcn geni\u015f \u0259m\u0259kda\u015fl\u0131\u011fa ba\u015flay\u0131b T\u00fcrkiy\u0259nin \u201cTohum\u201d Autizm Fondu autizmli u\u015faqlar\u0131n erk\u0259n diaqnostikas\u0131 v\u0259 onlar\u0131n c\u0259miyy\u0259td\u0259 i\u015ftirak\u0131na imkan yarad\u0131lmas\u0131 sah\u0259sind\u0259 elmi ara\u015fd\u0131rmalarla d\u0259st\u0259kl\u0259n\u0259n T\u0259tbiqi Davran\u0131\u015f Analizin\u0259 \u0259saslanan t\u0259hsil modelini beyn\u0259lxalq miqyasda\u00a0 yaymaqda davam edir. \u201cSOCAR T\u00fcrkiy\u0259\u201d \u201cTohum\u201d Autizm Fondu il\u0259 Az\u0259rbaycan\u0131n \u201cBirg\u0259 v\u0259 Sa\u011flam\u201d \u0130ctimai Birliyi aras\u0131nda m\u00f6vcud \u0259m\u0259kda\u015fl\u0131\u011f\u0131n\u0131n geni\u015fl\u0259ndirilm\u0259sin\u0259, autizmli u\u015faqlar\u0131n t\u0259hsil proqram\u0131na davaml\u0131 v\u0259 intensiv d\u0259st\u0259k ver\u0259c\u0259k. Bu m\u0259qs\u0259dl\u0259 t\u0259hsil v\u0259 fond \u0259m\u0259kda\u015flar\u0131n\u0131n potensial\u0131n\u0131n g\u00fccl\u0259ndirilm\u0259si \u00fc\u00e7\u00fcn birg\u0259 t\u0259liml\u0259r t\u0259\u015fkil edil\u0259c\u0259k. \u201cSOCAR T\u00fcrkiy\u0259\u201d Kommunikasiya&hellip;<\/p>\n","protected":false},"author":2,"featured_media":444154,"comment_status":"closed","ping_status":"closed","sticky":false,"template":"","format":"standard","meta":{"om_disable_all_campaigns":false,"_monsterinsights_skip_tracking":false,"_monsterinsights_sitenote_active":false,"_monsterinsights_sitenote_note":"","_monsterinsights_sitenote_category":0},"categories":[1],"tags":[],"aioseo_notices":[],"gutentor_comment":0,"rttpg_featured_image_url":{"full":["https:\/\/arantv.az\/wp-content\/uploads\/2022\/02\/FotoJet-6-19.jpg",620,413,false],"landscape":["https:\/\/arantv.az\/wp-content\/uploads\/2022\/02\/FotoJet-6-19.jpg",620,413,false],"portraits":["https:\/\/arantv.az\/wp-content\/uploads\/2022\/02\/FotoJet-6-19.jpg",620,413,false],"thumbnail":["https:\/\/arantv.az\/wp-content\/uploads\/2022\/02\/FotoJet-6-19-500x280.jpg",500,280,true],"medium":["https:\/\/arantv.az\/wp-content\/uploads\/2022\/02\/FotoJet-6-19-548x365.jpg",548,365,true],"large":["https:\/\/arantv.az\/wp-content\/uploads\/2022\/02\/FotoJet-6-19.jpg",620,413,false],"1536x1536":["https:\/\/arantv.az\/wp-content\/uploads\/2022\/02\/FotoJet-6-19.jpg",620,413,false],"2048x2048":["https:\/\/arantv.az\/wp-content\/uploads\/2022\/02\/FotoJet-6-19.jpg",620,413,false],"post-thumbnail":["https:\/\/arantv.az\/wp-content\/uploads\/2022\/02\/FotoJet-6-19-240x172.jpg",240,172,true],"advps-thumb-one":["https:\/\/arantv.az\/wp-content\/uploads\/2022\/02\/FotoJet-6-19.jpg",620,413,false]},"rttpg_author":{"display_name":"V\u00fcsal Rafiqo\u011flu","author_link":"https:\/\/arantv.az\/?author=2"},"rttpg_comment":0,"rttpg_category":"<a href=\"https:\/\/arantv.az\/?cat=1\" rel=\"category\">C\u0259miyy\u0259t<\/a>","rttpg_excerpt":"\u201cSOCAR T\u00fcrkiy\u0259\u201d-nin d\u0259st\u0259yi il\u0259 \u201cTohum\u201d Autizm Fondu v\u0259 \u201cBirg\u0259 v\u0259 Sa\u011flam\u201d \u0130ctimai Birliyi autizmli u\u015faqlar\u0131n t\u0259hsili \u00fc\u00e7\u00fcn geni\u015f \u0259m\u0259kda\u015fl\u0131\u011fa ba\u015flay\u0131b T\u00fcrkiy\u0259nin \u201cTohum\u201d Autizm Fondu autizmli u\u015faqlar\u0131n erk\u0259n diaqnostikas\u0131 v\u0259 onlar\u0131n c\u0259miyy\u0259td\u0259 i\u015ftirak\u0131na imkan yarad\u0131lmas\u0131 sah\u0259sind\u0259 elmi ara\u015fd\u0131rmalarla d\u0259st\u0259kl\u0259n\u0259n T\u0259tbiqi Davran\u0131\u015f Analizin\u0259 \u0259saslanan t\u0259hsil modelini beyn\u0259lxalq miqyasda\u00a0 yaymaqda davam edir. \u201cSOCAR T\u00fcrkiy\u0259\u201d \u201cTohum\u201d Autizm Fondu il\u0259&hellip;","_links":{"self":[{"href":"https:\/\/arantv.az\/index.php?rest_route=\/wp\/v2\/posts\/444153"}],"collection":[{"href":"https:\/\/arantv.az\/index.php?rest_route=\/wp\/v2\/posts"}],"about":[{"href":"https:\/\/arantv.az\/index.php?rest_route=\/wp\/v2\/types\/post"}],"author":[{"embeddable":true,"href":"https:\/\/arantv.az\/index.php?rest_route=\/wp\/v2\/users\/2"}],"replies":[{"embeddable":true,"href":"https:\/\/arantv.az\/index.php?rest_route=%2Fwp%2Fv2%2Fcomments&post=444153"}],"version-history":[{"count":0,"href":"https:\/\/arantv.az\/index.php?rest_route=\/wp\/v2\/posts\/444153\/revisions"}],"wp:featuredmedia":[{"embeddable":true,"href":"https:\/\/arantv.az\/index.php?rest_route=\/wp\/v2\/media\/444154"}],"wp:attachment":[{"href":"https:\/\/arantv.az\/index.php?rest_route=%2Fwp%2Fv2%2Fmedia&parent=444153"}],"wp:term":[{"taxonomy":"category","embeddable":true,"href":"https:\/\/arantv.az\/index.php?rest_route=%2Fwp%2Fv2%2Fcategories&post=444153"},{"taxonomy":"post_tag","embeddable":true,"href":"https:\/\/arantv.az\/index.php?rest_route=%2Fwp%2Fv2%2Ftags&post=444153"}],"curies":[{"name":"wp","href":"https:\/\/api.w.org\/{rel}","templated":true}]}}