{"id":444156,"date":"2022-02-25T13:05:47","date_gmt":"2022-02-25T10:05:47","guid":{"rendered":"http:\/\/arantv.az\/?p=444156"},"modified":"2022-02-25T13:05:47","modified_gmt":"2022-02-25T10:05:47","slug":"az%c9%99rbaycanin-xocali-soyqirimi-il%c9%99-bagli-bas-katib%c9%99-gond%c9%99rdiyi-m%c9%99ktub-bmt-nin-r%c9%99smi-s%c9%99n%c9%99di-kimi-yayilib","status":"publish","type":"post","link":"https:\/\/arantv.az\/?p=444156","title":{"rendered":"Az\u0259rbaycan\u0131n Xocal\u0131 soyq\u0131r\u0131m\u0131 il\u0259 ba\u011fl\u0131 ba\u015f katib\u0259 g\u00f6nd\u0259rdiyi m\u0259ktub BMT-nin r\u0259smi s\u0259n\u0259di kimi yay\u0131l\u0131b"},"content":{"rendered":"<p><strong>Az\u0259rbaycan\u0131n BMT yan\u0131nda daimi n\u00fcmay\u0259nd\u0259si Ya\u015far \u018fliyevin Xocal\u0131 soyq\u0131r\u0131m\u0131n\u0131n 30-cu ild\u00f6n\u00fcm\u00fc il\u0259 ba\u011fl\u0131 qurumun Ba\u015f katibi Antonio Quterre\u015f\u0259 \u00fcnvanlad\u0131\u011f\u0131 m\u0259ktub BMT Ba\u015f Assambleyas\u0131n\u0131n v\u0259 T\u0259hl\u00fck\u0259sizlik \u015euras\u0131n\u0131n r\u0259smi s\u0259n\u0259di kimi yay\u0131l\u0131b.<\/strong><\/p>\n<p><strong>ARANTV.AZ <\/strong>\u00a0\u201cReport\u201da istinad\u0259n x\u0259b\u0259r verir ki, s\u0259n\u0259dd\u0259 1992-ci il fevral\u0131n 25-d\u0259n 26-na ke\u00e7\u0259n gec\u0259 erm\u0259ni silahl\u0131 q\u00fcvv\u0259l\u0259ri t\u0259r\u0259find\u0259n Xocal\u0131 rayonunun 63-\u00fc azya\u015fl\u0131, 70-i qoca olmaqla 613 sakinin v\u0259h\u015fic\u0259sin\u0259 q\u0259tl\u0259 yetirildiyi bildirilib.<\/p>\n<p>M\u0259ktubda 1994-c\u00fc ild\u0259 at\u0259\u015fk\u0259s bar\u0259d\u0259 raz\u0131l\u0131q \u0259ld\u0259 edilm\u0259sin\u0259 baxmayaraq, erm\u0259ni silahl\u0131lar\u0131n\u0131n m\u00fct\u0259madi olaraq t\u0259mas x\u0259tti boyunca az\u0259rbaycanl\u0131lar\u0131n ya\u015fad\u0131\u011f\u0131 \u0259razil\u0259ri at\u0259\u015f\u0259 tutdu\u011fu xat\u0131rlad\u0131l\u0131b. Bu x\u00fcsusda, Erm\u0259nistan\u0131n beyn\u0259lxalq h\u00fcququn v\u0259 BMT T\u0259hl\u00fck\u0259sizlik \u015euras\u0131n\u0131n m\u00fcvafiq q\u0259tnam\u0259l\u0259rinin t\u0259l\u0259bl\u0259rini g\u00f6zard\u0131 etm\u0259si n\u0259tic\u0259sind\u0259 2020-ci ilin pay\u0131z\u0131nda h\u0259rbi \u0259m\u0259liyyatlar\u0131n yenid\u0259n ba\u015f verdiyi qeyd olunub.<\/p>\n<p>Eyni zamanda s\u0259n\u0259dd\u0259 Az\u0259rbaycan\u0131n t\u0259hl\u00fck\u0259sizliyin\u0259, \u0259halisinin rifah\u0131na, d\u00f6vl\u0259tin suverenliyin\u0259 v\u0259 \u0259razi b\u00fct\u00f6vl\u00fcy\u00fcn\u0259 h\u0259r hans\u0131 t\u0259hdid yaranarsa, onun \u00f6z Konstitusiyas\u0131na, BMT Nizamnam\u0259sin\u0259 v\u0259 beyn\u0259lxalq h\u00fcquqa \u0259sas\u0259n m\u00fcmk\u00fcn b\u00fct\u00fcn vasit\u0259l\u0259rl\u0259 \u00f6z\u00fcn\u00fc m\u00fcdafi\u0259 ed\u0259c\u0259yi d\u0259 \u00f6z \u0259ksini tap\u0131b.<\/p>\n","protected":false},"excerpt":{"rendered":"<p>Az\u0259rbaycan\u0131n BMT yan\u0131nda daimi n\u00fcmay\u0259nd\u0259si Ya\u015far \u018fliyevin Xocal\u0131 soyq\u0131r\u0131m\u0131n\u0131n 30-cu ild\u00f6n\u00fcm\u00fc il\u0259 ba\u011fl\u0131 qurumun Ba\u015f katibi Antonio Quterre\u015f\u0259 \u00fcnvanlad\u0131\u011f\u0131 m\u0259ktub BMT Ba\u015f Assambleyas\u0131n\u0131n v\u0259 T\u0259hl\u00fck\u0259sizlik \u015euras\u0131n\u0131n r\u0259smi s\u0259n\u0259di kimi yay\u0131l\u0131b. ARANTV.AZ \u00a0\u201cReport\u201da istinad\u0259n x\u0259b\u0259r verir ki, s\u0259n\u0259dd\u0259 1992-ci il fevral\u0131n 25-d\u0259n 26-na ke\u00e7\u0259n gec\u0259 erm\u0259ni silahl\u0131 q\u00fcvv\u0259l\u0259ri t\u0259r\u0259find\u0259n Xocal\u0131 rayonunun 63-\u00fc azya\u015fl\u0131, 70-i qoca olmaqla 613 sakinin v\u0259h\u015fic\u0259sin\u0259 q\u0259tl\u0259 yetirildiyi bildirilib. M\u0259ktubda 1994-c\u00fc ild\u0259 at\u0259\u015fk\u0259s bar\u0259d\u0259 raz\u0131l\u0131q \u0259ld\u0259 edilm\u0259sin\u0259 baxmayaraq, erm\u0259ni silahl\u0131lar\u0131n\u0131n m\u00fct\u0259madi olaraq t\u0259mas x\u0259tti boyunca az\u0259rbaycanl\u0131lar\u0131n ya\u015fad\u0131\u011f\u0131 \u0259razil\u0259ri at\u0259\u015f\u0259 tutdu\u011fu xat\u0131rlad\u0131l\u0131b. Bu x\u00fcsusda, Erm\u0259nistan\u0131n beyn\u0259lxalq h\u00fcququn v\u0259 BMT&hellip;<\/p>\n","protected":false},"author":2,"featured_media":444157,"comment_status":"closed","ping_status":"closed","sticky":false,"template":"","format":"standard","meta":{"om_disable_all_campaigns":false,"_monsterinsights_skip_tracking":false,"_monsterinsights_sitenote_active":false,"_monsterinsights_sitenote_note":"","_monsterinsights_sitenote_category":0},"categories":[19],"tags":[],"aioseo_notices":[],"gutentor_comment":0,"rttpg_featured_image_url":{"full":["https:\/\/arantv.az\/wp-content\/uploads\/2022\/02\/24a5e0b7a754f03ca63753836af96892.jpg",450,300,false],"landscape":["https:\/\/arantv.az\/wp-content\/uploads\/2022\/02\/24a5e0b7a754f03ca63753836af96892.jpg",450,300,false],"portraits":["https:\/\/arantv.az\/wp-content\/uploads\/2022\/02\/24a5e0b7a754f03ca63753836af96892.jpg",450,300,false],"thumbnail":["https:\/\/arantv.az\/wp-content\/uploads\/2022\/02\/24a5e0b7a754f03ca63753836af96892-450x280.jpg",450,280,true],"medium":["https:\/\/arantv.az\/wp-content\/uploads\/2022\/02\/24a5e0b7a754f03ca63753836af96892.jpg",450,300,false],"large":["https:\/\/arantv.az\/wp-content\/uploads\/2022\/02\/24a5e0b7a754f03ca63753836af96892.jpg",450,300,false],"1536x1536":["https:\/\/arantv.az\/wp-content\/uploads\/2022\/02\/24a5e0b7a754f03ca63753836af96892.jpg",450,300,false],"2048x2048":["https:\/\/arantv.az\/wp-content\/uploads\/2022\/02\/24a5e0b7a754f03ca63753836af96892.jpg",450,300,false],"post-thumbnail":["https:\/\/arantv.az\/wp-content\/uploads\/2022\/02\/24a5e0b7a754f03ca63753836af96892-240x172.jpg",240,172,true],"advps-thumb-one":["https:\/\/arantv.az\/wp-content\/uploads\/2022\/02\/24a5e0b7a754f03ca63753836af96892.jpg",450,300,false]},"rttpg_author":{"display_name":"V\u00fcsal Rafiqo\u011flu","author_link":"https:\/\/arantv.az\/?author=2"},"rttpg_comment":0,"rttpg_category":"<a href=\"https:\/\/arantv.az\/?cat=19\" rel=\"category\">G\u00fcnd\u0259m<\/a>","rttpg_excerpt":"Az\u0259rbaycan\u0131n BMT yan\u0131nda daimi n\u00fcmay\u0259nd\u0259si Ya\u015far \u018fliyevin Xocal\u0131 soyq\u0131r\u0131m\u0131n\u0131n 30-cu ild\u00f6n\u00fcm\u00fc il\u0259 ba\u011fl\u0131 qurumun Ba\u015f katibi Antonio Quterre\u015f\u0259 \u00fcnvanlad\u0131\u011f\u0131 m\u0259ktub BMT Ba\u015f Assambleyas\u0131n\u0131n v\u0259 T\u0259hl\u00fck\u0259sizlik \u015euras\u0131n\u0131n r\u0259smi s\u0259n\u0259di kimi yay\u0131l\u0131b. ARANTV.AZ \u00a0\u201cReport\u201da istinad\u0259n x\u0259b\u0259r verir ki, s\u0259n\u0259dd\u0259 1992-ci il fevral\u0131n 25-d\u0259n 26-na ke\u00e7\u0259n gec\u0259 erm\u0259ni silahl\u0131 q\u00fcvv\u0259l\u0259ri t\u0259r\u0259find\u0259n Xocal\u0131 rayonunun 63-\u00fc azya\u015fl\u0131, 70-i qoca olmaqla&hellip;","_links":{"self":[{"href":"https:\/\/arantv.az\/index.php?rest_route=\/wp\/v2\/posts\/444156"}],"collection":[{"href":"https:\/\/arantv.az\/index.php?rest_route=\/wp\/v2\/posts"}],"about":[{"href":"https:\/\/arantv.az\/index.php?rest_route=\/wp\/v2\/types\/post"}],"author":[{"embeddable":true,"href":"https:\/\/arantv.az\/index.php?rest_route=\/wp\/v2\/users\/2"}],"replies":[{"embeddable":true,"href":"https:\/\/arantv.az\/index.php?rest_route=%2Fwp%2Fv2%2Fcomments&post=444156"}],"version-history":[{"count":0,"href":"https:\/\/arantv.az\/index.php?rest_route=\/wp\/v2\/posts\/444156\/revisions"}],"wp:featuredmedia":[{"embeddable":true,"href":"https:\/\/arantv.az\/index.php?rest_route=\/wp\/v2\/media\/444157"}],"wp:attachment":[{"href":"https:\/\/arantv.az\/index.php?rest_route=%2Fwp%2Fv2%2Fmedia&parent=444156"}],"wp:term":[{"taxonomy":"category","embeddable":true,"href":"https:\/\/arantv.az\/index.php?rest_route=%2Fwp%2Fv2%2Fcategories&post=444156"},{"taxonomy":"post_tag","embeddable":true,"href":"https:\/\/arantv.az\/index.php?rest_route=%2Fwp%2Fv2%2Ftags&post=444156"}],"curies":[{"name":"wp","href":"https:\/\/api.w.org\/{rel}","templated":true}]}}