{"id":444159,"date":"2022-02-25T13:17:25","date_gmt":"2022-02-25T10:17:25","guid":{"rendered":"http:\/\/arantv.az\/?p=444159"},"modified":"2022-02-25T13:17:25","modified_gmt":"2022-02-25T10:17:25","slug":"30-il-%c9%99vv%c9%99l-xocalida-%c9%99sir-olan-qadin-basina-g%c9%99l%c9%99nl%c9%99ri-danisdi-video","status":"publish","type":"post","link":"https:\/\/arantv.az\/?p=444159","title":{"rendered":"30 il \u0259vv\u0259l Xocal\u0131da \u0259sir olan qad\u0131n ba\u015f\u0131na g\u0259l\u0259nl\u0259ri dan\u0131\u015fd\u0131 &#8211; V\u0130DEO"},"content":{"rendered":"<p>30 il \u0259vv\u0259l Xocal\u0131da \u0259sir olan L\u0259fxan\u0131m Mahmudova ya\u015fad\u0131\u011f\u0131 d\u0259h\u015f\u0259tl\u0259rd\u0259n dan\u0131\u015f\u0131b.<\/p>\n<article class=\"news\">\n<div class=\"news-inner\">\n<p>Xocal\u0131 sakininin s\u00f6zl\u0259rin\u0259 g\u00f6r\u0259, ail\u0259sind\u0259n 5 n\u0259f\u0259rin aya\u011f\u0131 donvurma s\u0259b\u0259bind\u0259n k\u0259silib.<\/p>\n<p>\u201cH\u0259rd\u0259n m\u0259n\u0259 sual verirl\u0259r ki, 9 ya\u015f\u0131nda \u0259n \u00e7ox yad\u0131nda qalan \u015fey n\u0259dir. Deyir\u0259m, atam\u0131n g\u00f6z\u00fcm\u00fcn qar\u015f\u0131s\u0131nda \u00f6ld\u00fcr\u00fclm\u0259yi\u201d, &#8211; dey\u0259 o qeyd edib.<\/p>\n<p>\u018ftrafl\u0131 Baku TV-nin s\u00fcjetind\u0259:<\/p>\n<div><iframe loading=\"lazy\" title=\"YouTube video player\" src=\"https:\/\/www.youtube.com\/embed\/6_6TcEY4h4A\" width=\"560\" height=\"315\" frameborder=\"0\" allowfullscreen=\"allowfullscreen\" data-mce-fragment=\"1\"><\/iframe><\/div>\n<\/div>\n<\/article>\n","protected":false},"excerpt":{"rendered":"<p>30 il \u0259vv\u0259l Xocal\u0131da \u0259sir olan L\u0259fxan\u0131m Mahmudova ya\u015fad\u0131\u011f\u0131 d\u0259h\u015f\u0259tl\u0259rd\u0259n dan\u0131\u015f\u0131b. Xocal\u0131 sakininin s\u00f6zl\u0259rin\u0259 g\u00f6r\u0259, ail\u0259sind\u0259n 5 n\u0259f\u0259rin aya\u011f\u0131 donvurma s\u0259b\u0259bind\u0259n k\u0259silib. \u201cH\u0259rd\u0259n m\u0259n\u0259 sual verirl\u0259r ki, 9 ya\u015f\u0131nda \u0259n \u00e7ox yad\u0131nda qalan \u015fey n\u0259dir. Deyir\u0259m, atam\u0131n g\u00f6z\u00fcm\u00fcn qar\u015f\u0131s\u0131nda \u00f6ld\u00fcr\u00fclm\u0259yi\u201d, &#8211; dey\u0259 o qeyd edib. \u018ftrafl\u0131 Baku TV-nin s\u00fcjetind\u0259:<\/p>\n","protected":false},"author":2,"featured_media":444160,"comment_status":"closed","ping_status":"closed","sticky":false,"template":"","format":"standard","meta":{"om_disable_all_campaigns":false,"_monsterinsights_skip_tracking":false,"_monsterinsights_sitenote_active":false,"_monsterinsights_sitenote_note":"","_monsterinsights_sitenote_category":0},"categories":[1],"tags":[],"aioseo_notices":[],"gutentor_comment":0,"rttpg_featured_image_url":{"full":["https:\/\/arantv.az\/wp-content\/uploads\/2022\/02\/3939cfbe-26cf-471c-a81b-f2df669a1477.jpg",620,413,false],"landscape":["https:\/\/arantv.az\/wp-content\/uploads\/2022\/02\/3939cfbe-26cf-471c-a81b-f2df669a1477.jpg",620,413,false],"portraits":["https:\/\/arantv.az\/wp-content\/uploads\/2022\/02\/3939cfbe-26cf-471c-a81b-f2df669a1477.jpg",620,413,false],"thumbnail":["https:\/\/arantv.az\/wp-content\/uploads\/2022\/02\/3939cfbe-26cf-471c-a81b-f2df669a1477-500x280.jpg",500,280,true],"medium":["https:\/\/arantv.az\/wp-content\/uploads\/2022\/02\/3939cfbe-26cf-471c-a81b-f2df669a1477-548x365.jpg",548,365,true],"large":["https:\/\/arantv.az\/wp-content\/uploads\/2022\/02\/3939cfbe-26cf-471c-a81b-f2df669a1477.jpg",620,413,false],"1536x1536":["https:\/\/arantv.az\/wp-content\/uploads\/2022\/02\/3939cfbe-26cf-471c-a81b-f2df669a1477.jpg",620,413,false],"2048x2048":["https:\/\/arantv.az\/wp-content\/uploads\/2022\/02\/3939cfbe-26cf-471c-a81b-f2df669a1477.jpg",620,413,false],"post-thumbnail":["https:\/\/arantv.az\/wp-content\/uploads\/2022\/02\/3939cfbe-26cf-471c-a81b-f2df669a1477-240x172.jpg",240,172,true],"advps-thumb-one":["https:\/\/arantv.az\/wp-content\/uploads\/2022\/02\/3939cfbe-26cf-471c-a81b-f2df669a1477.jpg",620,413,false]},"rttpg_author":{"display_name":"V\u00fcsal Rafiqo\u011flu","author_link":"https:\/\/arantv.az\/?author=2"},"rttpg_comment":0,"rttpg_category":"<a href=\"https:\/\/arantv.az\/?cat=1\" rel=\"category\">C\u0259miyy\u0259t<\/a>","rttpg_excerpt":"30 il \u0259vv\u0259l Xocal\u0131da \u0259sir olan L\u0259fxan\u0131m Mahmudova ya\u015fad\u0131\u011f\u0131 d\u0259h\u015f\u0259tl\u0259rd\u0259n dan\u0131\u015f\u0131b. Xocal\u0131 sakininin s\u00f6zl\u0259rin\u0259 g\u00f6r\u0259, ail\u0259sind\u0259n 5 n\u0259f\u0259rin aya\u011f\u0131 donvurma s\u0259b\u0259bind\u0259n k\u0259silib. \u201cH\u0259rd\u0259n m\u0259n\u0259 sual verirl\u0259r ki, 9 ya\u015f\u0131nda \u0259n \u00e7ox yad\u0131nda qalan \u015fey n\u0259dir. Deyir\u0259m, atam\u0131n g\u00f6z\u00fcm\u00fcn qar\u015f\u0131s\u0131nda \u00f6ld\u00fcr\u00fclm\u0259yi\u201d, &#8211; dey\u0259 o qeyd edib. \u018ftrafl\u0131 Baku TV-nin s\u00fcjetind\u0259:","_links":{"self":[{"href":"https:\/\/arantv.az\/index.php?rest_route=\/wp\/v2\/posts\/444159"}],"collection":[{"href":"https:\/\/arantv.az\/index.php?rest_route=\/wp\/v2\/posts"}],"about":[{"href":"https:\/\/arantv.az\/index.php?rest_route=\/wp\/v2\/types\/post"}],"author":[{"embeddable":true,"href":"https:\/\/arantv.az\/index.php?rest_route=\/wp\/v2\/users\/2"}],"replies":[{"embeddable":true,"href":"https:\/\/arantv.az\/index.php?rest_route=%2Fwp%2Fv2%2Fcomments&post=444159"}],"version-history":[{"count":0,"href":"https:\/\/arantv.az\/index.php?rest_route=\/wp\/v2\/posts\/444159\/revisions"}],"wp:featuredmedia":[{"embeddable":true,"href":"https:\/\/arantv.az\/index.php?rest_route=\/wp\/v2\/media\/444160"}],"wp:attachment":[{"href":"https:\/\/arantv.az\/index.php?rest_route=%2Fwp%2Fv2%2Fmedia&parent=444159"}],"wp:term":[{"taxonomy":"category","embeddable":true,"href":"https:\/\/arantv.az\/index.php?rest_route=%2Fwp%2Fv2%2Fcategories&post=444159"},{"taxonomy":"post_tag","embeddable":true,"href":"https:\/\/arantv.az\/index.php?rest_route=%2Fwp%2Fv2%2Ftags&post=444159"}],"curies":[{"name":"wp","href":"https:\/\/api.w.org\/{rel}","templated":true}]}}