{"id":444162,"date":"2022-02-25T13:18:59","date_gmt":"2022-02-25T10:18:59","guid":{"rendered":"http:\/\/arantv.az\/?p=444162"},"modified":"2022-02-25T13:18:59","modified_gmt":"2022-02-25T10:18:59","slug":"ali-m%c9%99kt%c9%99bl%c9%99r%c9%99-q%c9%99bul-imtahanlarinin-vaxti-aciqlandi","status":"publish","type":"post","link":"https:\/\/arantv.az\/?p=444162","title":{"rendered":"Ali m\u0259kt\u0259bl\u0259r\u0259 q\u0259bul imtahanlar\u0131n\u0131n vaxt\u0131 a\u00e7\u0131qland\u0131"},"content":{"rendered":"<p>G\u0259l\u0259n h\u0259ft\u0259d\u0259n \u00f6lk\u0259d\u0259 burax\u0131l\u0131\u015f imtahanlar\u0131 ba\u015flay\u0131r.<\/p>\n<p><strong>ARANTV.AZ x\u0259b\u0259r verir ki,<\/strong>\u00a0bunu D\u00f6vl\u0259t \u0130mtahan M\u0259rk\u0259zinin (D\u0130M) Direktorlar \u015euras\u0131n\u0131n s\u0259dri M\u0259leyk\u0259 Abbaszad\u0259 ke\u00e7irdiyi m\u0259tbuat konfrans\u0131nda deyib.<\/p>\n<p>Onun s\u00f6zl\u0259rin\u0259 g\u00f6r\u0259, dig\u0259r imtahan qrafikl\u0259ri aidiyy\u0259ti d\u00f6vl\u0259t qurumlar\u0131 il\u0259 raz\u0131la\u015fd\u0131r\u0131l\u0131b: &#8220;Ali t\u0259hsil m\u00fc\u0259ssis\u0259l\u0259rin\u0259 q\u0259bul imtahan\u0131n\u0131n ikinci m\u0259rh\u0259l\u0259si \u00fczr\u0259 i\u015ftirak\u00e7\u0131lara yen\u0259 d\u0259 2 d\u0259f\u0259 c\u0259hd etm\u0259k imkan\u0131n\u0131n verilm\u0259si n\u0259z\u0259rd\u0259 tutulur. III qrup \u00fczr\u0259 ilk imtahan 21 may, II qrup \u00fczr\u0259 22 may, I qrupa s\u0259n\u0259d ver\u0259n abituriyentl\u0259rin bir hiss\u0259si 4 iyun, yerd\u0259 qalan hiss\u0259si is\u0259 5 iyunda imtahan ver\u0259c\u0259k. 5 iyunda IV qrup \u00fczr\u0259 d\u0259 imtahan ke\u00e7iril\u0259c\u0259k. II c\u0259hd \u00fczr\u0259 imtahanlar is\u0259 III qrup \u00fczr\u0259 6 iyul, II qrup \u00fczr\u0259 7 iyul, I qrup \u00fczr\u0259 20-21 iyul, IV qrup \u00fczr\u0259 is\u0259 21 iyul tarixind\u0259 ke\u00e7iril\u0259c\u0259k. Cari v\u0259 \u0259vv\u0259lki ill\u0259rin m\u0259zunlar\u0131 eyni g\u00fcnd\u0259 imtahan verirl\u0259r.<\/p>\n","protected":false},"excerpt":{"rendered":"<p>G\u0259l\u0259n h\u0259ft\u0259d\u0259n \u00f6lk\u0259d\u0259 burax\u0131l\u0131\u015f imtahanlar\u0131 ba\u015flay\u0131r. ARANTV.AZ x\u0259b\u0259r verir ki,\u00a0bunu D\u00f6vl\u0259t \u0130mtahan M\u0259rk\u0259zinin (D\u0130M) Direktorlar \u015euras\u0131n\u0131n s\u0259dri M\u0259leyk\u0259 Abbaszad\u0259 ke\u00e7irdiyi m\u0259tbuat konfrans\u0131nda deyib. Onun s\u00f6zl\u0259rin\u0259 g\u00f6r\u0259, dig\u0259r imtahan qrafikl\u0259ri aidiyy\u0259ti d\u00f6vl\u0259t qurumlar\u0131 il\u0259 raz\u0131la\u015fd\u0131r\u0131l\u0131b: &#8220;Ali t\u0259hsil m\u00fc\u0259ssis\u0259l\u0259rin\u0259 q\u0259bul imtahan\u0131n\u0131n ikinci m\u0259rh\u0259l\u0259si \u00fczr\u0259 i\u015ftirak\u00e7\u0131lara yen\u0259 d\u0259 2 d\u0259f\u0259 c\u0259hd etm\u0259k imkan\u0131n\u0131n verilm\u0259si n\u0259z\u0259rd\u0259 tutulur. III qrup \u00fczr\u0259 ilk imtahan 21 may, II qrup \u00fczr\u0259 22 may, I qrupa s\u0259n\u0259d ver\u0259n abituriyentl\u0259rin bir hiss\u0259si 4 iyun, yerd\u0259 qalan hiss\u0259si is\u0259 5 iyunda imtahan ver\u0259c\u0259k. 5 iyunda IV qrup \u00fczr\u0259 d\u0259 imtahan ke\u00e7iril\u0259c\u0259k.&hellip;<\/p>\n","protected":false},"author":2,"featured_media":444163,"comment_status":"closed","ping_status":"closed","sticky":false,"template":"","format":"standard","meta":{"om_disable_all_campaigns":false,"_monsterinsights_skip_tracking":false,"_monsterinsights_sitenote_active":false,"_monsterinsights_sitenote_note":"","_monsterinsights_sitenote_category":0},"categories":[23],"tags":[],"aioseo_notices":[],"gutentor_comment":0,"rttpg_featured_image_url":{"full":["https:\/\/arantv.az\/wp-content\/uploads\/2022\/02\/1f4fe6a4159790388933783363510443121.jpg",975,540,false],"landscape":["https:\/\/arantv.az\/wp-content\/uploads\/2022\/02\/1f4fe6a4159790388933783363510443121.jpg",975,540,false],"portraits":["https:\/\/arantv.az\/wp-content\/uploads\/2022\/02\/1f4fe6a4159790388933783363510443121.jpg",975,540,false],"thumbnail":["https:\/\/arantv.az\/wp-content\/uploads\/2022\/02\/1f4fe6a4159790388933783363510443121-500x280.jpg",500,280,true],"medium":["https:\/\/arantv.az\/wp-content\/uploads\/2022\/02\/1f4fe6a4159790388933783363510443121-660x365.jpg",660,365,true],"large":["https:\/\/arantv.az\/wp-content\/uploads\/2022\/02\/1f4fe6a4159790388933783363510443121-840x465.jpg",640,354,true],"1536x1536":["https:\/\/arantv.az\/wp-content\/uploads\/2022\/02\/1f4fe6a4159790388933783363510443121.jpg",975,540,false],"2048x2048":["https:\/\/arantv.az\/wp-content\/uploads\/2022\/02\/1f4fe6a4159790388933783363510443121.jpg",975,540,false],"post-thumbnail":["https:\/\/arantv.az\/wp-content\/uploads\/2022\/02\/1f4fe6a4159790388933783363510443121-240x172.jpg",240,172,true],"advps-thumb-one":["https:\/\/arantv.az\/wp-content\/uploads\/2022\/02\/1f4fe6a4159790388933783363510443121.jpg",975,540,false]},"rttpg_author":{"display_name":"V\u00fcsal Rafiqo\u011flu","author_link":"https:\/\/arantv.az\/?author=2"},"rttpg_comment":0,"rttpg_category":"<a href=\"https:\/\/arantv.az\/?cat=23\" rel=\"category\">T\u0259hsil<\/a>","rttpg_excerpt":"G\u0259l\u0259n h\u0259ft\u0259d\u0259n \u00f6lk\u0259d\u0259 burax\u0131l\u0131\u015f imtahanlar\u0131 ba\u015flay\u0131r. ARANTV.AZ x\u0259b\u0259r verir ki,\u00a0bunu D\u00f6vl\u0259t \u0130mtahan M\u0259rk\u0259zinin (D\u0130M) Direktorlar \u015euras\u0131n\u0131n s\u0259dri M\u0259leyk\u0259 Abbaszad\u0259 ke\u00e7irdiyi m\u0259tbuat konfrans\u0131nda deyib. Onun s\u00f6zl\u0259rin\u0259 g\u00f6r\u0259, dig\u0259r imtahan qrafikl\u0259ri aidiyy\u0259ti d\u00f6vl\u0259t qurumlar\u0131 il\u0259 raz\u0131la\u015fd\u0131r\u0131l\u0131b: &#8220;Ali t\u0259hsil m\u00fc\u0259ssis\u0259l\u0259rin\u0259 q\u0259bul imtahan\u0131n\u0131n ikinci m\u0259rh\u0259l\u0259si \u00fczr\u0259 i\u015ftirak\u00e7\u0131lara yen\u0259 d\u0259 2 d\u0259f\u0259 c\u0259hd etm\u0259k imkan\u0131n\u0131n verilm\u0259si n\u0259z\u0259rd\u0259 tutulur. III qrup&hellip;","_links":{"self":[{"href":"https:\/\/arantv.az\/index.php?rest_route=\/wp\/v2\/posts\/444162"}],"collection":[{"href":"https:\/\/arantv.az\/index.php?rest_route=\/wp\/v2\/posts"}],"about":[{"href":"https:\/\/arantv.az\/index.php?rest_route=\/wp\/v2\/types\/post"}],"author":[{"embeddable":true,"href":"https:\/\/arantv.az\/index.php?rest_route=\/wp\/v2\/users\/2"}],"replies":[{"embeddable":true,"href":"https:\/\/arantv.az\/index.php?rest_route=%2Fwp%2Fv2%2Fcomments&post=444162"}],"version-history":[{"count":0,"href":"https:\/\/arantv.az\/index.php?rest_route=\/wp\/v2\/posts\/444162\/revisions"}],"wp:featuredmedia":[{"embeddable":true,"href":"https:\/\/arantv.az\/index.php?rest_route=\/wp\/v2\/media\/444163"}],"wp:attachment":[{"href":"https:\/\/arantv.az\/index.php?rest_route=%2Fwp%2Fv2%2Fmedia&parent=444162"}],"wp:term":[{"taxonomy":"category","embeddable":true,"href":"https:\/\/arantv.az\/index.php?rest_route=%2Fwp%2Fv2%2Fcategories&post=444162"},{"taxonomy":"post_tag","embeddable":true,"href":"https:\/\/arantv.az\/index.php?rest_route=%2Fwp%2Fv2%2Ftags&post=444162"}],"curies":[{"name":"wp","href":"https:\/\/api.w.org\/{rel}","templated":true}]}}