{"id":444179,"date":"2022-02-25T13:48:23","date_gmt":"2022-02-25T10:48:23","guid":{"rendered":"http:\/\/arantv.az\/?p=444179"},"modified":"2022-02-25T13:48:23","modified_gmt":"2022-02-25T10:48:23","slug":"iii-ixtisas-qrupunda-altqruplari-il%c9%99-bagli-d%c9%99yisiklikl%c9%99r-t%c9%99sdiql%c9%99nib","status":"publish","type":"post","link":"https:\/\/arantv.az\/?p=444179","title":{"rendered":"III ixtisas qrupunda altqruplar\u0131 il\u0259 ba\u011fl\u0131 d\u0259yi\u015fiklikl\u0259r t\u0259sdiql\u0259nib"},"content":{"rendered":"<p>III ixtisas qrupunda TC v\u0259 DT altqruplar\u0131n\u0131n yarad\u0131lmas\u0131n\u0131 n\u0259z\u0259rd\u0259 tutan d\u0259yi\u015fiklikl\u0259rin Nazirl\u0259r Kabineti t\u0259r\u0259find\u0259n t\u0259sdiq edilib.<\/p>\n<p><strong>ARANTV.AZ<\/strong>\u00a0 <a href=\"https:\/\/az.trend.az\/\" target=\"_blank\" rel=\"noopener\">Trend<\/a>-\u0259 istinad\u0259n bildirir ki, bunu D\u0130M-in Direktorlar \u015euras\u0131n\u0131n S\u0259dri M\u0259leyk\u0259 Abbaszad\u0259 deyib.<\/p>\n<p>Onun s\u00f6zl\u0259rin\u0259 g\u00f6r\u0259, TC altqrupuna daxil edil\u0259n &#8220;Beyn\u0259lxalq m\u00fcnasib\u0259tl\u0259r&#8221; v\u0259 &#8220;Region\u015f\u00fcnasl\u0131q&#8221; ixtisaslar\u0131n\u0131n m\u00fcsabiq\u0259sind\u0259 i\u015ftirak etm\u0259k ist\u0259y\u0259n abituriyentl\u0259r imtahan\u0131n II m\u0259rh\u0259l\u0259sind\u0259 Az\u0259rbaycan (rus) dili v\u0259 tarix f\u0259nl\u0259ri il\u0259 yana\u015f\u0131 co\u011frafiya f\u0259nnind\u0259n, DT altqrupuna daxil olan dig\u0259r ixtisaslar\u0131n m\u00fcsabiq\u0259sind\u0259 i\u015ftirak etm\u0259k ist\u0259y\u0259n abituriyentl\u0259r is\u0259 \u0259d\u0259biyyat f\u0259nnind\u0259n imtahan ver\u0259c\u0259k. H\u0259r iki altqrupa daxil olan ixtisaslar\u0131n m\u00fcsabiq\u0259sind\u0259 i\u015ftirak etm\u0259k ist\u0259y\u0259n abituriyentl\u0259r II m\u0259rh\u0259l\u0259d\u0259 Az\u0259rbaycan (rus) dili, tarix v\u0259 \u0259d\u0259biyyat f\u0259nl\u0259ri \u00fczr\u0259 imtahan verdikd\u0259n sonra \u0259lav\u0259 olaraq co\u011frafiya f\u0259nnind\u0259n imtahan verm\u0259lidirl\u0259r.<\/p>\n<p>&#8220;Abituriyentl\u0259r ali t\u0259hsil m\u00fc\u0259ssis\u0259l\u0259rin\u0259 s\u0259n\u0259d q\u0259bulu zaman\u0131 III ixtisas qrupu \u00fczr\u0259 elektron \u0259riz\u0259 doldurark\u0259n, \u00f6z ist\u0259kl\u0259rin\u0259 uy\u011fun olaraq \u0259riz\u0259l\u0259rind\u0259 t\u0259hsil almaq ist\u0259dikl\u0259ri ixtisas v\u0259 yaxud ixtisaslara uy\u011fun olan iki altqrupdan birini, yaxud h\u0259r iki altqrupu se\u00e7m\u0259k imkan\u0131na malikdirl\u0259r&#8221;.<\/p>\n","protected":false},"excerpt":{"rendered":"<p>III ixtisas qrupunda TC v\u0259 DT altqruplar\u0131n\u0131n yarad\u0131lmas\u0131n\u0131 n\u0259z\u0259rd\u0259 tutan d\u0259yi\u015fiklikl\u0259rin Nazirl\u0259r Kabineti t\u0259r\u0259find\u0259n t\u0259sdiq edilib. ARANTV.AZ\u00a0 Trend-\u0259 istinad\u0259n bildirir ki, bunu D\u0130M-in Direktorlar \u015euras\u0131n\u0131n S\u0259dri M\u0259leyk\u0259 Abbaszad\u0259 deyib. Onun s\u00f6zl\u0259rin\u0259 g\u00f6r\u0259, TC altqrupuna daxil edil\u0259n &#8220;Beyn\u0259lxalq m\u00fcnasib\u0259tl\u0259r&#8221; v\u0259 &#8220;Region\u015f\u00fcnasl\u0131q&#8221; ixtisaslar\u0131n\u0131n m\u00fcsabiq\u0259sind\u0259 i\u015ftirak etm\u0259k ist\u0259y\u0259n abituriyentl\u0259r imtahan\u0131n II m\u0259rh\u0259l\u0259sind\u0259 Az\u0259rbaycan (rus) dili v\u0259 tarix f\u0259nl\u0259ri il\u0259 yana\u015f\u0131 co\u011frafiya f\u0259nnind\u0259n, DT altqrupuna daxil olan dig\u0259r ixtisaslar\u0131n m\u00fcsabiq\u0259sind\u0259 i\u015ftirak etm\u0259k ist\u0259y\u0259n abituriyentl\u0259r is\u0259 \u0259d\u0259biyyat f\u0259nnind\u0259n imtahan ver\u0259c\u0259k. H\u0259r iki altqrupa daxil olan ixtisaslar\u0131n m\u00fcsabiq\u0259sind\u0259 i\u015ftirak etm\u0259k ist\u0259y\u0259n abituriyentl\u0259r II m\u0259rh\u0259l\u0259d\u0259 Az\u0259rbaycan (rus)&hellip;<\/p>\n","protected":false},"author":2,"featured_media":444180,"comment_status":"closed","ping_status":"closed","sticky":false,"template":"","format":"standard","meta":{"om_disable_all_campaigns":false,"_monsterinsights_skip_tracking":false,"_monsterinsights_sitenote_active":false,"_monsterinsights_sitenote_note":"","_monsterinsights_sitenote_category":0},"categories":[23],"tags":[],"aioseo_notices":[],"gutentor_comment":0,"rttpg_featured_image_url":{"full":["https:\/\/arantv.az\/wp-content\/uploads\/2022\/02\/1022422.jpg",800,600,false],"landscape":["https:\/\/arantv.az\/wp-content\/uploads\/2022\/02\/1022422.jpg",800,600,false],"portraits":["https:\/\/arantv.az\/wp-content\/uploads\/2022\/02\/1022422.jpg",800,600,false],"thumbnail":["https:\/\/arantv.az\/wp-content\/uploads\/2022\/02\/1022422-500x280.jpg",500,280,true],"medium":["https:\/\/arantv.az\/wp-content\/uploads\/2022\/02\/1022422-487x365.jpg",487,365,true],"large":["https:\/\/arantv.az\/wp-content\/uploads\/2022\/02\/1022422.jpg",640,480,false],"1536x1536":["https:\/\/arantv.az\/wp-content\/uploads\/2022\/02\/1022422.jpg",800,600,false],"2048x2048":["https:\/\/arantv.az\/wp-content\/uploads\/2022\/02\/1022422.jpg",800,600,false],"post-thumbnail":["https:\/\/arantv.az\/wp-content\/uploads\/2022\/02\/1022422-240x172.jpg",240,172,true],"advps-thumb-one":["https:\/\/arantv.az\/wp-content\/uploads\/2022\/02\/1022422.jpg",800,600,false]},"rttpg_author":{"display_name":"V\u00fcsal Rafiqo\u011flu","author_link":"https:\/\/arantv.az\/?author=2"},"rttpg_comment":0,"rttpg_category":"<a href=\"https:\/\/arantv.az\/?cat=23\" rel=\"category\">T\u0259hsil<\/a>","rttpg_excerpt":"III ixtisas qrupunda TC v\u0259 DT altqruplar\u0131n\u0131n yarad\u0131lmas\u0131n\u0131 n\u0259z\u0259rd\u0259 tutan d\u0259yi\u015fiklikl\u0259rin Nazirl\u0259r Kabineti t\u0259r\u0259find\u0259n t\u0259sdiq edilib. ARANTV.AZ\u00a0 Trend-\u0259 istinad\u0259n bildirir ki, bunu D\u0130M-in Direktorlar \u015euras\u0131n\u0131n S\u0259dri M\u0259leyk\u0259 Abbaszad\u0259 deyib. Onun s\u00f6zl\u0259rin\u0259 g\u00f6r\u0259, TC altqrupuna daxil edil\u0259n &#8220;Beyn\u0259lxalq m\u00fcnasib\u0259tl\u0259r&#8221; v\u0259 &#8220;Region\u015f\u00fcnasl\u0131q&#8221; ixtisaslar\u0131n\u0131n m\u00fcsabiq\u0259sind\u0259 i\u015ftirak etm\u0259k ist\u0259y\u0259n abituriyentl\u0259r imtahan\u0131n II m\u0259rh\u0259l\u0259sind\u0259 Az\u0259rbaycan (rus) dili v\u0259 tarix f\u0259nl\u0259ri&hellip;","_links":{"self":[{"href":"https:\/\/arantv.az\/index.php?rest_route=\/wp\/v2\/posts\/444179"}],"collection":[{"href":"https:\/\/arantv.az\/index.php?rest_route=\/wp\/v2\/posts"}],"about":[{"href":"https:\/\/arantv.az\/index.php?rest_route=\/wp\/v2\/types\/post"}],"author":[{"embeddable":true,"href":"https:\/\/arantv.az\/index.php?rest_route=\/wp\/v2\/users\/2"}],"replies":[{"embeddable":true,"href":"https:\/\/arantv.az\/index.php?rest_route=%2Fwp%2Fv2%2Fcomments&post=444179"}],"version-history":[{"count":0,"href":"https:\/\/arantv.az\/index.php?rest_route=\/wp\/v2\/posts\/444179\/revisions"}],"wp:featuredmedia":[{"embeddable":true,"href":"https:\/\/arantv.az\/index.php?rest_route=\/wp\/v2\/media\/444180"}],"wp:attachment":[{"href":"https:\/\/arantv.az\/index.php?rest_route=%2Fwp%2Fv2%2Fmedia&parent=444179"}],"wp:term":[{"taxonomy":"category","embeddable":true,"href":"https:\/\/arantv.az\/index.php?rest_route=%2Fwp%2Fv2%2Fcategories&post=444179"},{"taxonomy":"post_tag","embeddable":true,"href":"https:\/\/arantv.az\/index.php?rest_route=%2Fwp%2Fv2%2Ftags&post=444179"}],"curies":[{"name":"wp","href":"https:\/\/api.w.org\/{rel}","templated":true}]}}