{"id":444182,"date":"2022-02-25T13:50:21","date_gmt":"2022-02-25T10:50:21","guid":{"rendered":"http:\/\/arantv.az\/?p=444182"},"modified":"2022-02-25T13:50:21","modified_gmt":"2022-02-25T10:50:21","slug":"turk-dovl%c9%99tl%c9%99ri-t%c9%99skilati-xocali-soyqiriminin-30-cu-ildonumu-il%c9%99-bagli-b%c9%99yanat-yayib","status":"publish","type":"post","link":"https:\/\/arantv.az\/?p=444182","title":{"rendered":"T\u00fcrk D\u00f6vl\u0259tl\u0259ri T\u0259\u015fkilat\u0131 Xocal\u0131 soyq\u0131r\u0131m\u0131n\u0131n 30-cu ild\u00f6n\u00fcm\u00fc il\u0259 ba\u011fl\u0131 b\u0259yanat yay\u0131b"},"content":{"rendered":"<p>&#8220;30 il \u0259vv\u0259l, 1992-ci il fevral\u0131n 26-da b\u0259\u015f\u0259riyy\u0259t Birinci Qaraba\u011f m\u00fcharib\u0259si zaman\u0131 Erm\u0259nistan silahl\u0131 q\u00fcvv\u0259l\u0259rinin Az\u0259rbaycan\u0131n m\u00fclki \u0259halisin\u0259 qar\u015f\u0131 t\u00f6r\u0259tdiyi \u0259n q\u0259ddar \u0259m\u0259ll\u0259rd\u0259n birinin \u015fahidi olub. Az\u0259rbaycan\u0131n Xocal\u0131 \u015f\u0259h\u0259rin\u0259 qar\u015f\u0131 t\u00f6r\u0259dilmi\u015f qeyri-insani basq\u0131n n\u0259tic\u0259sind\u0259 \u0259n b\u00f6y\u00fck q\u0131r\u011f\u0131n ba\u015f verib, 106-s\u0131 qad\u0131n, 63-\u00fc u\u015faq, 70-i qoca olmaqla 613 n\u0259f\u0259r h\u0259lak olub, 1 275 n\u0259f\u0259r girov g\u00f6t\u00fcr\u00fcl\u00fcb&#8221;.<\/p>\n<p><strong>ARANTV.AZ\u00a0 x\u0259b\u0259r verir ki,<\/strong>\u00a0bu, T\u00fcrk D\u00f6vl\u0259tl\u0259ri T\u0259\u015fkilat\u0131n\u0131n b\u0259yanat\u0131nda qeyd olunub.<\/p>\n<p>&#8220;Bu g\u00fcn t\u0259kc\u0259 \u015f\u0259h\u0259rin v\u0259 onun \u0259halisinin m\u0259hv edilm\u0259sinin ild\u00f6n\u00fcm\u00fc deyil, h\u0259m d\u0259 insanl\u0131\u011fa v\u0259 beyn\u0259lxalq \u0259dal\u0259t\u0259 olan inam\u0131n itirilm\u0259sinin ild\u00f6n\u00fcm\u00fcd\u00fcr. Biz h\u0259l\u0259 d\u0259 \u0259minik ki, h\u0259rbi cinay\u0259ti t\u00f6r\u0259d\u0259nl\u0259r beyn\u0259lxalq h\u00fcquqi mexanizml\u0259r qar\u015f\u0131s\u0131nda m\u0259suliyy\u0259t da\u015f\u0131yacaq v\u0259 qlobal s\u00fclh\u00fcn g\u0259l\u0259c\u0259yi \u00fc\u00e7\u00fcn n\u00fcmun\u0259 olacaqlar.<\/p>\n<p>\u0130ndi Az\u0259rbaycan Respublikas\u0131 qarda\u015f Az\u0259rbaycan xalq\u0131n\u0131n m\u00fcdrik liderliyi v\u0259 irad\u0259si il\u0259 Qaraba\u011f\u0131n 30 il\u0259 yax\u0131n i\u015f\u011fala v\u0259 v\u0259h\u015fic\u0259sin\u0259 istismar\u0131na son qoyub, tarixi \u0259dal\u0259ti, onun milli l\u0259yaq\u0259tini v\u0259 \u0259razi b\u00fct\u00f6vl\u00fcy\u00fcn\u00fc b\u0259rpa edib.<\/p>\n<p>T\u00fcrk D\u00f6vl\u0259tl\u0259ri T\u0259\u015fkilat\u0131 beyn\u0259lxalq s\u00fclh v\u0259 sabitliy\u0259 sadiq qal\u0131r v\u0259 bu kontekstd\u0259 \u0130kinci Qaraba\u011f M\u00fcharib\u0259sind\u0259n sonra yeni geosiyasi reall\u0131q n\u0259tic\u0259sind\u0259 regionda uzunm\u00fcdd\u0259tli dinc inki\u015faf\u0131n b\u0259rq\u0259rar olmas\u0131n\u0131 d\u0259st\u0259kl\u0259yir.<\/p>\n<p>Xocal\u0131 qurbanlar\u0131n\u0131n v\u0259 sa\u011f qalanlar\u0131n ac\u0131 xatir\u0259si h\u0259l\u0259 d\u0259 T\u00fcrk D\u00fcnyas\u0131 xalq\u0131n\u0131n q\u0259lbind\u0259dir. Bununla biz TDT olaraq Xocal\u0131 soyq\u0131r\u0131m\u0131 qurbanlar\u0131n\u0131 ehtiramla yad edir v\u0259 bu An\u0131m G\u00fcn\u00fcnd\u0259 Az\u0259rbaycan h\u00f6kum\u0259ti v\u0259 qarda\u015f xalq\u0131n\u0131n yan\u0131nda olma\u011fa davam edirik&#8221;, &#8211; b\u0259yanatda bildirilib.<\/p>\n","protected":false},"excerpt":{"rendered":"<p>&#8220;30 il \u0259vv\u0259l, 1992-ci il fevral\u0131n 26-da b\u0259\u015f\u0259riyy\u0259t Birinci Qaraba\u011f m\u00fcharib\u0259si zaman\u0131 Erm\u0259nistan silahl\u0131 q\u00fcvv\u0259l\u0259rinin Az\u0259rbaycan\u0131n m\u00fclki \u0259halisin\u0259 qar\u015f\u0131 t\u00f6r\u0259tdiyi \u0259n q\u0259ddar \u0259m\u0259ll\u0259rd\u0259n birinin \u015fahidi olub. Az\u0259rbaycan\u0131n Xocal\u0131 \u015f\u0259h\u0259rin\u0259 qar\u015f\u0131 t\u00f6r\u0259dilmi\u015f qeyri-insani basq\u0131n n\u0259tic\u0259sind\u0259 \u0259n b\u00f6y\u00fck q\u0131r\u011f\u0131n ba\u015f verib, 106-s\u0131 qad\u0131n, 63-\u00fc u\u015faq, 70-i qoca olmaqla 613 n\u0259f\u0259r h\u0259lak olub, 1 275 n\u0259f\u0259r girov g\u00f6t\u00fcr\u00fcl\u00fcb&#8221;. ARANTV.AZ\u00a0 x\u0259b\u0259r verir ki,\u00a0bu, T\u00fcrk D\u00f6vl\u0259tl\u0259ri T\u0259\u015fkilat\u0131n\u0131n b\u0259yanat\u0131nda qeyd olunub. &#8220;Bu g\u00fcn t\u0259kc\u0259 \u015f\u0259h\u0259rin v\u0259 onun \u0259halisinin m\u0259hv edilm\u0259sinin ild\u00f6n\u00fcm\u00fc deyil, h\u0259m d\u0259 insanl\u0131\u011fa v\u0259 beyn\u0259lxalq \u0259dal\u0259t\u0259 olan inam\u0131n itirilm\u0259sinin ild\u00f6n\u00fcm\u00fcd\u00fcr. Biz h\u0259l\u0259 d\u0259 \u0259minik&hellip;<\/p>\n","protected":false},"author":2,"featured_media":444183,"comment_status":"closed","ping_status":"closed","sticky":false,"template":"","format":"standard","meta":{"om_disable_all_campaigns":false,"_monsterinsights_skip_tracking":false,"_monsterinsights_sitenote_active":false,"_monsterinsights_sitenote_note":"","_monsterinsights_sitenote_category":0},"categories":[4],"tags":[],"aioseo_notices":[],"gutentor_comment":0,"rttpg_featured_image_url":{"full":["https:\/\/arantv.az\/wp-content\/uploads\/2022\/02\/97737a7916368816655700405681039217.jpg",975,540,false],"landscape":["https:\/\/arantv.az\/wp-content\/uploads\/2022\/02\/97737a7916368816655700405681039217.jpg",975,540,false],"portraits":["https:\/\/arantv.az\/wp-content\/uploads\/2022\/02\/97737a7916368816655700405681039217.jpg",975,540,false],"thumbnail":["https:\/\/arantv.az\/wp-content\/uploads\/2022\/02\/97737a7916368816655700405681039217-500x280.jpg",500,280,true],"medium":["https:\/\/arantv.az\/wp-content\/uploads\/2022\/02\/97737a7916368816655700405681039217-660x365.jpg",660,365,true],"large":["https:\/\/arantv.az\/wp-content\/uploads\/2022\/02\/97737a7916368816655700405681039217-840x465.jpg",640,354,true],"1536x1536":["https:\/\/arantv.az\/wp-content\/uploads\/2022\/02\/97737a7916368816655700405681039217.jpg",975,540,false],"2048x2048":["https:\/\/arantv.az\/wp-content\/uploads\/2022\/02\/97737a7916368816655700405681039217.jpg",975,540,false],"post-thumbnail":["https:\/\/arantv.az\/wp-content\/uploads\/2022\/02\/97737a7916368816655700405681039217-240x172.jpg",240,172,true],"advps-thumb-one":["https:\/\/arantv.az\/wp-content\/uploads\/2022\/02\/97737a7916368816655700405681039217.jpg",975,540,false]},"rttpg_author":{"display_name":"V\u00fcsal Rafiqo\u011flu","author_link":"https:\/\/arantv.az\/?author=2"},"rttpg_comment":0,"rttpg_category":"<a href=\"https:\/\/arantv.az\/?cat=4\" rel=\"category\">Siyas\u0259t<\/a>","rttpg_excerpt":"&#8220;30 il \u0259vv\u0259l, 1992-ci il fevral\u0131n 26-da b\u0259\u015f\u0259riyy\u0259t Birinci Qaraba\u011f m\u00fcharib\u0259si zaman\u0131 Erm\u0259nistan silahl\u0131 q\u00fcvv\u0259l\u0259rinin Az\u0259rbaycan\u0131n m\u00fclki \u0259halisin\u0259 qar\u015f\u0131 t\u00f6r\u0259tdiyi \u0259n q\u0259ddar \u0259m\u0259ll\u0259rd\u0259n birinin \u015fahidi olub. Az\u0259rbaycan\u0131n Xocal\u0131 \u015f\u0259h\u0259rin\u0259 qar\u015f\u0131 t\u00f6r\u0259dilmi\u015f qeyri-insani basq\u0131n n\u0259tic\u0259sind\u0259 \u0259n b\u00f6y\u00fck q\u0131r\u011f\u0131n ba\u015f verib, 106-s\u0131 qad\u0131n, 63-\u00fc u\u015faq, 70-i qoca olmaqla 613 n\u0259f\u0259r h\u0259lak olub, 1 275 n\u0259f\u0259r girov g\u00f6t\u00fcr\u00fcl\u00fcb&#8221;.&hellip;","_links":{"self":[{"href":"https:\/\/arantv.az\/index.php?rest_route=\/wp\/v2\/posts\/444182"}],"collection":[{"href":"https:\/\/arantv.az\/index.php?rest_route=\/wp\/v2\/posts"}],"about":[{"href":"https:\/\/arantv.az\/index.php?rest_route=\/wp\/v2\/types\/post"}],"author":[{"embeddable":true,"href":"https:\/\/arantv.az\/index.php?rest_route=\/wp\/v2\/users\/2"}],"replies":[{"embeddable":true,"href":"https:\/\/arantv.az\/index.php?rest_route=%2Fwp%2Fv2%2Fcomments&post=444182"}],"version-history":[{"count":0,"href":"https:\/\/arantv.az\/index.php?rest_route=\/wp\/v2\/posts\/444182\/revisions"}],"wp:featuredmedia":[{"embeddable":true,"href":"https:\/\/arantv.az\/index.php?rest_route=\/wp\/v2\/media\/444183"}],"wp:attachment":[{"href":"https:\/\/arantv.az\/index.php?rest_route=%2Fwp%2Fv2%2Fmedia&parent=444182"}],"wp:term":[{"taxonomy":"category","embeddable":true,"href":"https:\/\/arantv.az\/index.php?rest_route=%2Fwp%2Fv2%2Fcategories&post=444182"},{"taxonomy":"post_tag","embeddable":true,"href":"https:\/\/arantv.az\/index.php?rest_route=%2Fwp%2Fv2%2Ftags&post=444182"}],"curies":[{"name":"wp","href":"https:\/\/api.w.org\/{rel}","templated":true}]}}