{"id":444185,"date":"2022-02-25T13:55:21","date_gmt":"2022-02-25T10:55:21","guid":{"rendered":"http:\/\/arantv.az\/?p=444185"},"modified":"2022-02-25T13:55:21","modified_gmt":"2022-02-25T10:55:21","slug":"turkiy%c9%99-ukraynaya-yardim-gond%c9%99rir","status":"publish","type":"post","link":"https:\/\/arantv.az\/?p=444185","title":{"rendered":"T\u00fcrkiy\u0259 Ukraynaya yard\u0131m g\u00f6nd\u0259rir"},"content":{"rendered":"<p>T\u00fcrkiy\u0259nin Q\u0131z\u0131l Aypara C\u0259miyy\u0259ti Rusiya il\u0259 m\u00fcharib\u0259 ed\u0259n Ukraynaya humanitar yard\u0131m g\u00f6nd\u0259r\u0259c\u0259k.<\/p>\n<p><strong>ARANTV.AZ<\/strong> x\u0259b\u0259r verir ki, bu bar\u0259d\u0259 &#8220;Haber Global&#8221; m\u0259lumat yay\u0131b.<\/p>\n<p>Bildirilib ki, 210 kvadratmetr \u00fcmumi t\u0259yinatl\u0131 \u00e7ad\u0131rlar, ail\u0259l\u0259rin s\u0131\u011f\u0131naca\u011f\u0131 \u00fc\u00e7\u00fcn t\u0259bii f\u0259lak\u0259t \u00e7ad\u0131rlar\u0131, \u00e7arpay\u0131, \u0259dyal, u\u015faq yor\u011fan\u0131, t\u0259cili humanitar yard\u0131m materiallar\u0131 da daxil olmaqla 3 y\u00fck ma\u015f\u0131n\u0131 humanitar yard\u0131m haz\u0131r v\u0259ziyy\u0259t\u0259 g\u0259tirilib.<\/p>\n<p>Bildirilib ki, bu g\u00fcn yard\u0131m da\u015f\u0131yacaq y\u00fck avtomobill\u0259rinin yola d\u00fc\u015fm\u0259si g\u00f6zl\u0259nilir.<\/p>\n","protected":false},"excerpt":{"rendered":"<p>T\u00fcrkiy\u0259nin Q\u0131z\u0131l Aypara C\u0259miyy\u0259ti Rusiya il\u0259 m\u00fcharib\u0259 ed\u0259n Ukraynaya humanitar yard\u0131m g\u00f6nd\u0259r\u0259c\u0259k. ARANTV.AZ x\u0259b\u0259r verir ki, bu bar\u0259d\u0259 &#8220;Haber Global&#8221; m\u0259lumat yay\u0131b. Bildirilib ki, 210 kvadratmetr \u00fcmumi t\u0259yinatl\u0131 \u00e7ad\u0131rlar, ail\u0259l\u0259rin s\u0131\u011f\u0131naca\u011f\u0131 \u00fc\u00e7\u00fcn t\u0259bii f\u0259lak\u0259t \u00e7ad\u0131rlar\u0131, \u00e7arpay\u0131, \u0259dyal, u\u015faq yor\u011fan\u0131, t\u0259cili humanitar yard\u0131m materiallar\u0131 da daxil olmaqla 3 y\u00fck ma\u015f\u0131n\u0131 humanitar yard\u0131m haz\u0131r v\u0259ziyy\u0259t\u0259 g\u0259tirilib. Bildirilib ki, bu g\u00fcn yard\u0131m da\u015f\u0131yacaq y\u00fck avtomobill\u0259rinin yola d\u00fc\u015fm\u0259si g\u00f6zl\u0259nilir.<\/p>\n","protected":false},"author":2,"featured_media":444186,"comment_status":"closed","ping_status":"closed","sticky":false,"template":"","format":"standard","meta":{"om_disable_all_campaigns":false,"_monsterinsights_skip_tracking":false,"_monsterinsights_sitenote_active":false,"_monsterinsights_sitenote_note":"","_monsterinsights_sitenote_category":0},"categories":[1],"tags":[],"aioseo_notices":[],"gutentor_comment":0,"rttpg_featured_image_url":{"full":["https:\/\/arantv.az\/wp-content\/uploads\/2022\/02\/875ff18fe7c408fa4d1c8734327b07b4.jpg",450,300,false],"landscape":["https:\/\/arantv.az\/wp-content\/uploads\/2022\/02\/875ff18fe7c408fa4d1c8734327b07b4.jpg",450,300,false],"portraits":["https:\/\/arantv.az\/wp-content\/uploads\/2022\/02\/875ff18fe7c408fa4d1c8734327b07b4.jpg",450,300,false],"thumbnail":["https:\/\/arantv.az\/wp-content\/uploads\/2022\/02\/875ff18fe7c408fa4d1c8734327b07b4-450x280.jpg",450,280,true],"medium":["https:\/\/arantv.az\/wp-content\/uploads\/2022\/02\/875ff18fe7c408fa4d1c8734327b07b4.jpg",450,300,false],"large":["https:\/\/arantv.az\/wp-content\/uploads\/2022\/02\/875ff18fe7c408fa4d1c8734327b07b4.jpg",450,300,false],"1536x1536":["https:\/\/arantv.az\/wp-content\/uploads\/2022\/02\/875ff18fe7c408fa4d1c8734327b07b4.jpg",450,300,false],"2048x2048":["https:\/\/arantv.az\/wp-content\/uploads\/2022\/02\/875ff18fe7c408fa4d1c8734327b07b4.jpg",450,300,false],"post-thumbnail":["https:\/\/arantv.az\/wp-content\/uploads\/2022\/02\/875ff18fe7c408fa4d1c8734327b07b4-240x172.jpg",240,172,true],"advps-thumb-one":["https:\/\/arantv.az\/wp-content\/uploads\/2022\/02\/875ff18fe7c408fa4d1c8734327b07b4.jpg",450,300,false]},"rttpg_author":{"display_name":"V\u00fcsal Rafiqo\u011flu","author_link":"https:\/\/arantv.az\/?author=2"},"rttpg_comment":0,"rttpg_category":"<a href=\"https:\/\/arantv.az\/?cat=1\" rel=\"category\">C\u0259miyy\u0259t<\/a>","rttpg_excerpt":"T\u00fcrkiy\u0259nin Q\u0131z\u0131l Aypara C\u0259miyy\u0259ti Rusiya il\u0259 m\u00fcharib\u0259 ed\u0259n Ukraynaya humanitar yard\u0131m g\u00f6nd\u0259r\u0259c\u0259k. ARANTV.AZ x\u0259b\u0259r verir ki, bu bar\u0259d\u0259 &#8220;Haber Global&#8221; m\u0259lumat yay\u0131b. Bildirilib ki, 210 kvadratmetr \u00fcmumi t\u0259yinatl\u0131 \u00e7ad\u0131rlar, ail\u0259l\u0259rin s\u0131\u011f\u0131naca\u011f\u0131 \u00fc\u00e7\u00fcn t\u0259bii f\u0259lak\u0259t \u00e7ad\u0131rlar\u0131, \u00e7arpay\u0131, \u0259dyal, u\u015faq yor\u011fan\u0131, t\u0259cili humanitar yard\u0131m materiallar\u0131 da daxil olmaqla 3 y\u00fck ma\u015f\u0131n\u0131 humanitar yard\u0131m haz\u0131r v\u0259ziyy\u0259t\u0259 g\u0259tirilib. Bildirilib&hellip;","_links":{"self":[{"href":"https:\/\/arantv.az\/index.php?rest_route=\/wp\/v2\/posts\/444185"}],"collection":[{"href":"https:\/\/arantv.az\/index.php?rest_route=\/wp\/v2\/posts"}],"about":[{"href":"https:\/\/arantv.az\/index.php?rest_route=\/wp\/v2\/types\/post"}],"author":[{"embeddable":true,"href":"https:\/\/arantv.az\/index.php?rest_route=\/wp\/v2\/users\/2"}],"replies":[{"embeddable":true,"href":"https:\/\/arantv.az\/index.php?rest_route=%2Fwp%2Fv2%2Fcomments&post=444185"}],"version-history":[{"count":0,"href":"https:\/\/arantv.az\/index.php?rest_route=\/wp\/v2\/posts\/444185\/revisions"}],"wp:featuredmedia":[{"embeddable":true,"href":"https:\/\/arantv.az\/index.php?rest_route=\/wp\/v2\/media\/444186"}],"wp:attachment":[{"href":"https:\/\/arantv.az\/index.php?rest_route=%2Fwp%2Fv2%2Fmedia&parent=444185"}],"wp:term":[{"taxonomy":"category","embeddable":true,"href":"https:\/\/arantv.az\/index.php?rest_route=%2Fwp%2Fv2%2Fcategories&post=444185"},{"taxonomy":"post_tag","embeddable":true,"href":"https:\/\/arantv.az\/index.php?rest_route=%2Fwp%2Fv2%2Ftags&post=444185"}],"curies":[{"name":"wp","href":"https:\/\/api.w.org\/{rel}","templated":true}]}}