{"id":444192,"date":"2022-02-25T14:22:58","date_gmt":"2022-02-25T11:22:58","guid":{"rendered":"http:\/\/arantv.az\/?p=444192"},"modified":"2022-02-25T14:27:03","modified_gmt":"2022-02-25T11:27:03","slug":"kiyevd%c9%99-olan-jurnalist-dunyaya-s%c9%99sl%c9%99ndi-avropanin-gob%c9%99yind%c9%99-bir-olk%c9%99-r%c9%99sm%c9%99n-isgal-edilir-video","status":"publish","type":"post","link":"https:\/\/arantv.az\/?p=444192","title":{"rendered":"Kiyevd\u0259 olan jurnalist d\u00fcnyaya s\u0259sl\u0259ndi: \u201cAvropan\u0131n g\u00f6b\u0259yind\u0259 bir \u00f6lk\u0259 r\u0259sm\u0259n i\u015f\u011fal edilir\u201d &#8211; V\u0130DEO"},"content":{"rendered":"<article class=\"news\">\n<div class=\"news-inner\">\n<p>Ukrayna v\u0259t\u0259nda\u015f\u0131, \u0259sl\u0259n Kr\u0131m tatar\u0131 olan jurnalist G\u00fcls\u00fcm X\u0259lilova \u00f6z\u00fcn\u00fcn \u201cTwitter\u201d s\u0259hif\u0259sind\u0259n izl\u0259yicil\u0259rin\u0259 m\u00fcraci\u0259t \u00fcnvanlay\u0131b.<\/p>\n<div class=\"AdviadNativeVideo\"><\/div>\n<p>Jurnalist qeyd edib ki, haz\u0131rda Kiyevd\u0259dir v\u0259 \u015f\u0259h\u0259r arams\u0131z artilleriya h\u00fccumuna m\u0259ruz qal\u0131r:<\/p>\n<p>\u201cB\u0259lk\u0259 d\u0259 bu m\u0259nim son yay\u0131m\u0131md\u0131r. H\u00f6kum\u0259t \u00fczvl\u0259ri insanlar\u0131 s\u0131\u011f\u0131nacaqlara girm\u0259y\u0259 s\u0259sl\u0259yir. 21-ci \u0259srd\u0259 1941-ci ilin qaranl\u0131q g\u00fcnl\u0259rini ya\u015fay\u0131r\u0131q. Lakin biz buraday\u0131q v\u0259 i\u015fl\u0259m\u0259y\u0259 davam edirik\u201d.<\/p>\n<p>\u201cATRChannel\u201d telekanal\u0131n\u0131n jurnalisti bildirib ki, 21 \u0259srd\u0259 Avropan\u0131n g\u00f6b\u0259yind\u0259 bir \u00f6lk\u0259 r\u0259sm\u0259n i\u015f\u011fala m\u0259ruz qal\u0131r, ba\u015f\u0131n\u0131 quma salm\u0131\u015f d\u00fcnya is\u0259 sad\u0259c\u0259 bu hadis\u0259l\u0259ri q\u0131namaqla kifay\u0259tl\u0259nir.<\/p>\n<div><iframe loading=\"lazy\" src=\"https:\/\/player.baku.tv\/embed\/50909\" width=\"560\" height=\"315\" frameborder=\"0\" allowfullscreen=\"allowfullscreen\" data-mce-fragment=\"1\"><\/iframe><\/div>\n<\/div>\n<\/article>\n","protected":false},"excerpt":{"rendered":"<p>Ukrayna v\u0259t\u0259nda\u015f\u0131, \u0259sl\u0259n Kr\u0131m tatar\u0131 olan jurnalist G\u00fcls\u00fcm X\u0259lilova \u00f6z\u00fcn\u00fcn \u201cTwitter\u201d s\u0259hif\u0259sind\u0259n izl\u0259yicil\u0259rin\u0259 m\u00fcraci\u0259t \u00fcnvanlay\u0131b. Jurnalist qeyd edib ki, haz\u0131rda Kiyevd\u0259dir v\u0259 \u015f\u0259h\u0259r arams\u0131z artilleriya h\u00fccumuna m\u0259ruz qal\u0131r: \u201cB\u0259lk\u0259 d\u0259 bu m\u0259nim son yay\u0131m\u0131md\u0131r. H\u00f6kum\u0259t \u00fczvl\u0259ri insanlar\u0131 s\u0131\u011f\u0131nacaqlara girm\u0259y\u0259 s\u0259sl\u0259yir. 21-ci \u0259srd\u0259 1941-ci ilin qaranl\u0131q g\u00fcnl\u0259rini ya\u015fay\u0131r\u0131q. Lakin biz buraday\u0131q v\u0259 i\u015fl\u0259m\u0259y\u0259 davam edirik\u201d. \u201cATRChannel\u201d telekanal\u0131n\u0131n jurnalisti bildirib ki, 21 \u0259srd\u0259 Avropan\u0131n g\u00f6b\u0259yind\u0259 bir \u00f6lk\u0259 r\u0259sm\u0259n i\u015f\u011fala m\u0259ruz qal\u0131r, ba\u015f\u0131n\u0131 quma salm\u0131\u015f d\u00fcnya is\u0259 sad\u0259c\u0259 bu hadis\u0259l\u0259ri q\u0131namaqla kifay\u0259tl\u0259nir.<\/p>\n","protected":false},"author":2,"featured_media":444194,"comment_status":"closed","ping_status":"closed","sticky":false,"template":"","format":"standard","meta":{"om_disable_all_campaigns":false,"_monsterinsights_skip_tracking":false,"_monsterinsights_sitenote_active":false,"_monsterinsights_sitenote_note":"","_monsterinsights_sitenote_category":0},"categories":[7],"tags":[],"aioseo_notices":[],"gutentor_comment":0,"rttpg_featured_image_url":{"full":["https:\/\/arantv.az\/wp-content\/uploads\/2022\/02\/FotoJet-2022-02-25T142114.539.jpg",620,413,false],"landscape":["https:\/\/arantv.az\/wp-content\/uploads\/2022\/02\/FotoJet-2022-02-25T142114.539.jpg",620,413,false],"portraits":["https:\/\/arantv.az\/wp-content\/uploads\/2022\/02\/FotoJet-2022-02-25T142114.539.jpg",620,413,false],"thumbnail":["https:\/\/arantv.az\/wp-content\/uploads\/2022\/02\/FotoJet-2022-02-25T142114.539-500x280.jpg",500,280,true],"medium":["https:\/\/arantv.az\/wp-content\/uploads\/2022\/02\/FotoJet-2022-02-25T142114.539-548x365.jpg",548,365,true],"large":["https:\/\/arantv.az\/wp-content\/uploads\/2022\/02\/FotoJet-2022-02-25T142114.539.jpg",620,413,false],"1536x1536":["https:\/\/arantv.az\/wp-content\/uploads\/2022\/02\/FotoJet-2022-02-25T142114.539.jpg",620,413,false],"2048x2048":["https:\/\/arantv.az\/wp-content\/uploads\/2022\/02\/FotoJet-2022-02-25T142114.539.jpg",620,413,false],"post-thumbnail":["https:\/\/arantv.az\/wp-content\/uploads\/2022\/02\/FotoJet-2022-02-25T142114.539-240x172.jpg",240,172,true],"advps-thumb-one":["https:\/\/arantv.az\/wp-content\/uploads\/2022\/02\/FotoJet-2022-02-25T142114.539.jpg",620,413,false]},"rttpg_author":{"display_name":"V\u00fcsal Rafiqo\u011flu","author_link":"https:\/\/arantv.az\/?author=2"},"rttpg_comment":0,"rttpg_category":"<a href=\"https:\/\/arantv.az\/?cat=7\" rel=\"category\">D\u00fcnya<\/a>","rttpg_excerpt":"Ukrayna v\u0259t\u0259nda\u015f\u0131, \u0259sl\u0259n Kr\u0131m tatar\u0131 olan jurnalist G\u00fcls\u00fcm X\u0259lilova \u00f6z\u00fcn\u00fcn \u201cTwitter\u201d s\u0259hif\u0259sind\u0259n izl\u0259yicil\u0259rin\u0259 m\u00fcraci\u0259t \u00fcnvanlay\u0131b. Jurnalist qeyd edib ki, haz\u0131rda Kiyevd\u0259dir v\u0259 \u015f\u0259h\u0259r arams\u0131z artilleriya h\u00fccumuna m\u0259ruz qal\u0131r: \u201cB\u0259lk\u0259 d\u0259 bu m\u0259nim son yay\u0131m\u0131md\u0131r. H\u00f6kum\u0259t \u00fczvl\u0259ri insanlar\u0131 s\u0131\u011f\u0131nacaqlara girm\u0259y\u0259 s\u0259sl\u0259yir. 21-ci \u0259srd\u0259 1941-ci ilin qaranl\u0131q g\u00fcnl\u0259rini ya\u015fay\u0131r\u0131q. Lakin biz buraday\u0131q v\u0259 i\u015fl\u0259m\u0259y\u0259 davam edirik\u201d. \u201cATRChannel\u201d&hellip;","_links":{"self":[{"href":"https:\/\/arantv.az\/index.php?rest_route=\/wp\/v2\/posts\/444192"}],"collection":[{"href":"https:\/\/arantv.az\/index.php?rest_route=\/wp\/v2\/posts"}],"about":[{"href":"https:\/\/arantv.az\/index.php?rest_route=\/wp\/v2\/types\/post"}],"author":[{"embeddable":true,"href":"https:\/\/arantv.az\/index.php?rest_route=\/wp\/v2\/users\/2"}],"replies":[{"embeddable":true,"href":"https:\/\/arantv.az\/index.php?rest_route=%2Fwp%2Fv2%2Fcomments&post=444192"}],"version-history":[{"count":0,"href":"https:\/\/arantv.az\/index.php?rest_route=\/wp\/v2\/posts\/444192\/revisions"}],"wp:featuredmedia":[{"embeddable":true,"href":"https:\/\/arantv.az\/index.php?rest_route=\/wp\/v2\/media\/444194"}],"wp:attachment":[{"href":"https:\/\/arantv.az\/index.php?rest_route=%2Fwp%2Fv2%2Fmedia&parent=444192"}],"wp:term":[{"taxonomy":"category","embeddable":true,"href":"https:\/\/arantv.az\/index.php?rest_route=%2Fwp%2Fv2%2Fcategories&post=444192"},{"taxonomy":"post_tag","embeddable":true,"href":"https:\/\/arantv.az\/index.php?rest_route=%2Fwp%2Fv2%2Ftags&post=444192"}],"curies":[{"name":"wp","href":"https:\/\/api.w.org\/{rel}","templated":true}]}}