{"id":444201,"date":"2022-02-25T14:28:46","date_gmt":"2022-02-25T11:28:46","guid":{"rendered":"http:\/\/arantv.az\/?p=444201"},"modified":"2022-02-25T14:28:46","modified_gmt":"2022-02-25T11:28:46","slug":"sahil-babayevd%c9%99n-t%c9%99yinat","status":"publish","type":"post","link":"https:\/\/arantv.az\/?p=444201","title":{"rendered":"Sahil Babayevd\u0259n T\u018fY\u0130NAT"},"content":{"rendered":"<p>Az\u0259rbaycan Boks Federasiyas\u0131na (ABF) ba\u015f katib t\u0259yin olub.<\/p>\n<p><strong>ARANTV.AZ <\/strong>\u00a0x\u0259b\u0259r verir ki, ABF-in prezidenti Sahil Babayevin \u0259mri il\u0259 bu v\u0259zif\u0259 Na\u011f\u0131 S\u0259f\u0259rova h\u0259val\u0259 edilib.<\/p>\n<p>O, \u0259vv\u0259lki federasiya prezidenti K\u0259mal\u0259ddin Heyd\u0259rovun vaxt\u0131nda\u00a0\u2013 2011-2022-ci ill\u0259rd\u0259 d\u0259 ABF-d\u0259 eyni v\u0259zif\u0259d\u0259 \u00e7al\u0131\u015f\u0131b.<\/p>\n","protected":false},"excerpt":{"rendered":"<p>Az\u0259rbaycan Boks Federasiyas\u0131na (ABF) ba\u015f katib t\u0259yin olub. ARANTV.AZ \u00a0x\u0259b\u0259r verir ki, ABF-in prezidenti Sahil Babayevin \u0259mri il\u0259 bu v\u0259zif\u0259 Na\u011f\u0131 S\u0259f\u0259rova h\u0259val\u0259 edilib. O, \u0259vv\u0259lki federasiya prezidenti K\u0259mal\u0259ddin Heyd\u0259rovun vaxt\u0131nda\u00a0\u2013 2011-2022-ci ill\u0259rd\u0259 d\u0259 ABF-d\u0259 eyni v\u0259zif\u0259d\u0259 \u00e7al\u0131\u015f\u0131b.<\/p>\n","protected":false},"author":2,"featured_media":444202,"comment_status":"closed","ping_status":"closed","sticky":false,"template":"","format":"standard","meta":{"om_disable_all_campaigns":false,"_monsterinsights_skip_tracking":false,"_monsterinsights_sitenote_active":false,"_monsterinsights_sitenote_note":"","_monsterinsights_sitenote_category":0},"categories":[6],"tags":[],"aioseo_notices":[],"gutentor_comment":0,"rttpg_featured_image_url":{"full":["https:\/\/arantv.az\/wp-content\/uploads\/2022\/02\/WhatsApp-Image-2022-02-25-at-14.39.20.jpg",620,413,false],"landscape":["https:\/\/arantv.az\/wp-content\/uploads\/2022\/02\/WhatsApp-Image-2022-02-25-at-14.39.20.jpg",620,413,false],"portraits":["https:\/\/arantv.az\/wp-content\/uploads\/2022\/02\/WhatsApp-Image-2022-02-25-at-14.39.20.jpg",620,413,false],"thumbnail":["https:\/\/arantv.az\/wp-content\/uploads\/2022\/02\/WhatsApp-Image-2022-02-25-at-14.39.20-500x280.jpg",500,280,true],"medium":["https:\/\/arantv.az\/wp-content\/uploads\/2022\/02\/WhatsApp-Image-2022-02-25-at-14.39.20-548x365.jpg",548,365,true],"large":["https:\/\/arantv.az\/wp-content\/uploads\/2022\/02\/WhatsApp-Image-2022-02-25-at-14.39.20.jpg",620,413,false],"1536x1536":["https:\/\/arantv.az\/wp-content\/uploads\/2022\/02\/WhatsApp-Image-2022-02-25-at-14.39.20.jpg",620,413,false],"2048x2048":["https:\/\/arantv.az\/wp-content\/uploads\/2022\/02\/WhatsApp-Image-2022-02-25-at-14.39.20.jpg",620,413,false],"post-thumbnail":["https:\/\/arantv.az\/wp-content\/uploads\/2022\/02\/WhatsApp-Image-2022-02-25-at-14.39.20-240x172.jpg",240,172,true],"advps-thumb-one":["https:\/\/arantv.az\/wp-content\/uploads\/2022\/02\/WhatsApp-Image-2022-02-25-at-14.39.20.jpg",620,413,false]},"rttpg_author":{"display_name":"V\u00fcsal Rafiqo\u011flu","author_link":"https:\/\/arantv.az\/?author=2"},"rttpg_comment":0,"rttpg_category":"<a href=\"https:\/\/arantv.az\/?cat=6\" rel=\"category\">\u0130dman<\/a>","rttpg_excerpt":"Az\u0259rbaycan Boks Federasiyas\u0131na (ABF) ba\u015f katib t\u0259yin olub. ARANTV.AZ \u00a0x\u0259b\u0259r verir ki, ABF-in prezidenti Sahil Babayevin \u0259mri il\u0259 bu v\u0259zif\u0259 Na\u011f\u0131 S\u0259f\u0259rova h\u0259val\u0259 edilib. O, \u0259vv\u0259lki federasiya prezidenti K\u0259mal\u0259ddin Heyd\u0259rovun vaxt\u0131nda\u00a0\u2013 2011-2022-ci ill\u0259rd\u0259 d\u0259 ABF-d\u0259 eyni v\u0259zif\u0259d\u0259 \u00e7al\u0131\u015f\u0131b.","_links":{"self":[{"href":"https:\/\/arantv.az\/index.php?rest_route=\/wp\/v2\/posts\/444201"}],"collection":[{"href":"https:\/\/arantv.az\/index.php?rest_route=\/wp\/v2\/posts"}],"about":[{"href":"https:\/\/arantv.az\/index.php?rest_route=\/wp\/v2\/types\/post"}],"author":[{"embeddable":true,"href":"https:\/\/arantv.az\/index.php?rest_route=\/wp\/v2\/users\/2"}],"replies":[{"embeddable":true,"href":"https:\/\/arantv.az\/index.php?rest_route=%2Fwp%2Fv2%2Fcomments&post=444201"}],"version-history":[{"count":0,"href":"https:\/\/arantv.az\/index.php?rest_route=\/wp\/v2\/posts\/444201\/revisions"}],"wp:featuredmedia":[{"embeddable":true,"href":"https:\/\/arantv.az\/index.php?rest_route=\/wp\/v2\/media\/444202"}],"wp:attachment":[{"href":"https:\/\/arantv.az\/index.php?rest_route=%2Fwp%2Fv2%2Fmedia&parent=444201"}],"wp:term":[{"taxonomy":"category","embeddable":true,"href":"https:\/\/arantv.az\/index.php?rest_route=%2Fwp%2Fv2%2Fcategories&post=444201"},{"taxonomy":"post_tag","embeddable":true,"href":"https:\/\/arantv.az\/index.php?rest_route=%2Fwp%2Fv2%2Ftags&post=444201"}],"curies":[{"name":"wp","href":"https:\/\/api.w.org\/{rel}","templated":true}]}}